{"id":99441,"date":"2026-01-01T00:41:13","date_gmt":"2026-01-01T00:41:13","guid":{"rendered":"https:\/\/www.europesays.com\/nl\/99441\/"},"modified":"2026-01-01T00:41:13","modified_gmt":"2026-01-01T00:41:13","slug":"roodhoofts-andermaal-to-the-rescue-ryan-kamp-per-1-januari-onderdeel-van-nieuwe-cross-ploeg-met-2-vrouwelijke-collegas","status":"publish","type":"post","link":"https:\/\/www.europesays.com\/nl\/99441\/","title":{"rendered":"Roodhoofts andermaal to the rescue: Ryan Kamp per 1 januari onderdeel van nieuwe cross-ploeg met 2 vrouwelijke collega&#8217;s"},"content":{"rendered":"<p class=\"editor-paragraph\">\n            Mooi nieuws vanuit de cross-wereld. <a target=\"_self\" href=\"https:\/\/www.indeleiderstrui.nl\/ryan-kamp\" title=\"ryan kamp\" rel=\"nofollow noopener\">Ryan Kamp<\/a>, Lauren Molengraaf en H\u00e9l\u00e8ne Clauzel zullen tot het einde van het cyclocrossseizoen onder de vlag van Team EKO\u00cf rijden, waarmee de gebroeders Roodhooft andermaal laten zien dat ze het beste voor hebben met de sport waar ze oorspronkelijk vandaan komen: de cross.     <\/p>\n<p class=\"editor-paragraph\">\n            &#8216;Ondanks hun bewezen talent en ambitie stonden alle drie de renners voor een onzekere toekomst op professioneel niveau. Team EKO\u00cf is opgericht om hen een professioneel kader te bieden en de kans om hun kansen op het hoogste niveau van het cyclocross te blijven verdedigen&#8217;, klinkt het in een persbericht vanuit de kern-Roodhooft.     <\/p>\n<p class=\"editor-paragraph\">\n            Team EKO\u00cf wordt voorgesteld als een &#8216;overbruggingsproject&#8217;, dat als volgt gezien mag worden. &#8216;Een tijdelijke maar volledig professionele structuur die renners in staat stelt om tot het einde van het seizoen actief, zichtbaar en competitief te blijven.&#8217;    <\/p>\n<p class=\"editor-paragraph\">\n            Het project wordt qua materiaal ondersteund door EKO\u00cf en Colnago, een cruciale pijler om deze renners de middelen te geven die ze nodig hebben om te presteren en hun carri\u00e8re verder uit te bouwen. De initi\u00eble verbintenis loopt tot eind februari, in lijn met het einde van het cyclocrossseizoen. Verdere stappen worden daarna beslist&#8217;, klinkt het.     <\/p>\n<p class=\"editor-paragraph\">\n            Lees verder onder de foto!    <\/p>\n<p>    <img decoding=\"async\" data-numeration=\"\" class=\"d-block ml-auto mr-auto\" loading=\"lazy\"  src=\"https:\/\/www.europesays.com\/nl\/wp-content\/uploads\/2026\/01\/https:\/\/s3-newsifier.ams3.digitaloceanspaces.com\/www.indeleiderstrui.nl\/images\/2025-12\/ryan-kamp-695.webp\" alt=\"ryan-kamp\"\/><\/p>\n<p class=\"editor-paragraph\">\n            <a target=\"_self\" href=\"https:\/\/www.indeleiderstrui.nl\/philip-roodhooft\" title=\"Philip Roodhooft\" rel=\"nofollow noopener\">Philip Roodhooft<\/a> licht toe: &#8216;Ondanks onze groei is cyclocross waar we vandaan komen. Het is de discipline die onze identiteit heeft gevormd. Zowel Christoph als ik zien het als onze missie om de sport aantrekkelijk en competitief te houden.&#8217;    <\/p>\n<p class=\"editor-paragraph\">\n            &#8216;Met Team EKO\u00cf willen we drie renners de kans geven om te blijven strijden voor hun plaats op het hoogste niveau. Ze verdienen een professionele omgeving, sterke begeleiding en de juiste uitrusting. En dankzij de steun van EKO\u00cf en Colnago kunnen we dat tot het einde van het seizoen bieden. Daarna gaan we samen om de tafel zitten om te kijken wat de toekomst brengt.&#8217;    <\/p>\n<p class=\"editor-paragraph\">\n            Kamp (<a href=\"https:\/\/www.indeleiderstrui.nl\/veldrijden\/kersvers-vader-ryan-kamp-heeft-ineens-goede-reeks-te-pakken-en-stelt-nieuwe-doelen-dat-gaat-natuurlijk-lastig-worden\" target=\"_self\" rel=\"nofollow noopener\">zeer goed bezig de afgelopen weken<\/a>), Molengraaf en Clauzel zijn voor dit seizoen dus in ieder geval safe. Die eerste reed de afgelopen twee kalenderjaren ook al in een &#8216;neutraal&#8217; shirt onder de vlag van de Roodhoofts, die nu dus opnieuw hun nek uitsteken.     <\/p>\n","protected":false},"excerpt":{"rendered":"Mooi nieuws vanuit de cross-wereld. Ryan Kamp, Lauren Molengraaf en H\u00e9l\u00e8ne Clauzel zullen tot het einde van het&hellip;\n","protected":false},"author":2,"featured_media":99442,"comment_status":"","ping_status":"","sticky":false,"template":"","format":"standard","meta":{"footnotes":""},"categories":[21],"tags":[48,46,47,49,45,50,92,91],"class_list":{"0":"post-99441","1":"post","2":"type-post","3":"status-publish","4":"format-standard","5":"has-post-thumbnail","7":"category-sport","8":"tag-dutch","9":"tag-nederland","10":"tag-nederlanden","11":"tag-nederlands","12":"tag-netherlands","13":"tag-nl","14":"tag-sport","15":"tag-sports"},"share_on_mastodon":{"url":"https:\/\/pubeurope.com\/@nl\/115817066218653130","error":""},"_links":{"self":[{"href":"https:\/\/www.europesays.com\/nl\/wp-json\/wp\/v2\/posts\/99441","targetHints":{"allow":["GET"]}}],"collection":[{"href":"https:\/\/www.europesays.com\/nl\/wp-json\/wp\/v2\/posts"}],"about":[{"href":"https:\/\/www.europesays.com\/nl\/wp-json\/wp\/v2\/types\/post"}],"author":[{"embeddable":true,"href":"https:\/\/www.europesays.com\/nl\/wp-json\/wp\/v2\/users\/2"}],"replies":[{"embeddable":true,"href":"https:\/\/www.europesays.com\/nl\/wp-json\/wp\/v2\/comments?post=99441"}],"version-history":[{"count":0,"href":"https:\/\/www.europesays.com\/nl\/wp-json\/wp\/v2\/posts\/99441\/revisions"}],"wp:featuredmedia":[{"embeddable":true,"href":"https:\/\/www.europesays.com\/nl\/wp-json\/wp\/v2\/media\/99442"}],"wp:attachment":[{"href":"https:\/\/www.europesays.com\/nl\/wp-json\/wp\/v2\/media?parent=99441"}],"wp:term":[{"taxonomy":"category","embeddable":true,"href":"https:\/\/www.europesays.com\/nl\/wp-json\/wp\/v2\/categories?post=99441"},{"taxonomy":"post_tag","embeddable":true,"href":"https:\/\/www.europesays.com\/nl\/wp-json\/wp\/v2\/tags?post=99441"}],"curies":[{"name":"wp","href":"https:\/\/api.w.org\/{rel}","templated":true}]}}