{"id":99981,"date":"2026-01-01T15:51:19","date_gmt":"2026-01-01T15:51:19","guid":{"rendered":"https:\/\/www.europesays.com\/nl\/99981\/"},"modified":"2026-01-01T15:51:19","modified_gmt":"2026-01-01T15:51:19","slug":"helene-noa-en-merel-blikken-terug-op-hun-hoogtepunten-van-2025-dat-vond-ik-zo-lief","status":"publish","type":"post","link":"https:\/\/www.europesays.com\/nl\/99981\/","title":{"rendered":"H\u00e9l\u00e8ne, Noa en Merel blikken terug op hun hoogtepunten van 2025: &#8216;Dat vond ik z\u00f3 lief!&#8217;"},"content":{"rendered":"<p class=\"mui-173mato e10ntc2u0\">H\u00e9l\u00e8ne Hendriks, Noa Vahle en Merel Ek blikken in HNM de Podcast terug op hun persoonlijke en professionele hoogtepunten van 2025. Zie video hierboven.<\/p>\n<p class=\"mui-173mato e10ntc2u0\">Voor Merel springt de geboorte van haar zoontje Sep er direct uit. Noa noemt het starten van de podcast samen als een van haar hoogtepunten van het jaar. &#8220;De Champions League-finale vond ik dit jaar ook geweldig op werkgebied.&#8221; Op priv\u00e9-gebied is het voor haar een hoogtepunt dat iedereen gezond is gebleven.<\/p>\n<p class=\"mui-173mato e10ntc2u0\">H\u00e9l\u00e8ne haalt de vele hartverwarmende kaartjes aan die zij ontving tijdens haar herstel van een rugoperatie. &#8220;Vaak waren dat oudere mensen, bijvoorbeeld een echtpaar van in de tachtig, die de moeite namen om een kaart met een hond erop te kopen en daar iets liefs op te schrijven. Dat vond ik z\u00f3 lief. Dus dat vind ik dan een hoogtepunt.&#8221; <\/p>\n<p class=\"mui-173mato e10ntc2u0\">Johan Derksen reageerde onlangs bij Vandaag Inside op een fragment uit HNM De Podcast: &#8220;Ze moet niet liegen!&#8221; Bekijk het fragment terug in onderstaande video.<\/p>\n<p><img alt=\"Johan Derksen reageert op fragment uit podcast van H\u00e9l\u00e8ne Hendriks: \u2018Ze moet niet liegen!\u2019\" loading=\"lazy\" decoding=\"async\" data-nimg=\"fill\" class=\"mui-nacstu e1qtpq9e5\" style=\"position:absolute;height:100%;width:100%;left:0;top:0;right:0;bottom:0;color:transparent\"   src=\"https:\/\/www.europesays.com\/nl\/wp-content\/uploads\/2026\/01\/johan-derksen-reageert-op-fragment-uit-podcast-van-helene-hendriks-ze-moet-niet-liegen.jpg\"\/><\/p>\n<p>1:10<\/p>\n<p>Johan Derksen reageert op fragment uit podcast van H\u00e9l\u00e8ne Hendriks: \u2018Ze moet niet liegen!\u2019<\/p>\n","protected":false},"excerpt":{"rendered":"H\u00e9l\u00e8ne Hendriks, Noa Vahle en Merel Ek blikken in HNM de Podcast terug op hun persoonlijke en professionele&hellip;\n","protected":false},"author":2,"featured_media":99982,"comment_status":"","ping_status":"","sticky":false,"template":"","format":"standard","meta":{"footnotes":""},"categories":[31],"tags":[99,147,48,98,46,47,49,45,50],"class_list":{"0":"post-99981","1":"post","2":"type-post","3":"status-publish","4":"format-standard","5":"has-post-thumbnail","7":"category-celebrities","8":"tag-amusement","9":"tag-celebrities","10":"tag-dutch","11":"tag-entertainment","12":"tag-nederland","13":"tag-nederlanden","14":"tag-nederlands","15":"tag-netherlands","16":"tag-nl"},"share_on_mastodon":{"url":"https:\/\/pubeurope.com\/@nl\/115820644448714526","error":""},"_links":{"self":[{"href":"https:\/\/www.europesays.com\/nl\/wp-json\/wp\/v2\/posts\/99981","targetHints":{"allow":["GET"]}}],"collection":[{"href":"https:\/\/www.europesays.com\/nl\/wp-json\/wp\/v2\/posts"}],"about":[{"href":"https:\/\/www.europesays.com\/nl\/wp-json\/wp\/v2\/types\/post"}],"author":[{"embeddable":true,"href":"https:\/\/www.europesays.com\/nl\/wp-json\/wp\/v2\/users\/2"}],"replies":[{"embeddable":true,"href":"https:\/\/www.europesays.com\/nl\/wp-json\/wp\/v2\/comments?post=99981"}],"version-history":[{"count":0,"href":"https:\/\/www.europesays.com\/nl\/wp-json\/wp\/v2\/posts\/99981\/revisions"}],"wp:featuredmedia":[{"embeddable":true,"href":"https:\/\/www.europesays.com\/nl\/wp-json\/wp\/v2\/media\/99982"}],"wp:attachment":[{"href":"https:\/\/www.europesays.com\/nl\/wp-json\/wp\/v2\/media?parent=99981"}],"wp:term":[{"taxonomy":"category","embeddable":true,"href":"https:\/\/www.europesays.com\/nl\/wp-json\/wp\/v2\/categories?post=99981"},{"taxonomy":"post_tag","embeddable":true,"href":"https:\/\/www.europesays.com\/nl\/wp-json\/wp\/v2\/tags?post=99981"}],"curies":[{"name":"wp","href":"https:\/\/api.w.org\/{rel}","templated":true}]}}