{"id":100020,"date":"2025-11-29T14:52:11","date_gmt":"2025-11-29T14:52:11","guid":{"rendered":"https:\/\/www.europesays.com\/no\/100020\/"},"modified":"2025-11-29T14:52:11","modified_gmt":"2025-11-29T14:52:11","slug":"folg-med-pa-kvalik-kampen-brattvag-mfk-moss-avis","status":"publish","type":"post","link":"https:\/\/www.europesays.com\/no\/100020\/","title":{"rendered":"F\u00f8lg med p\u00e5 kvalik-kampen: Brattv\u00e5g &#8211; MFK &#8211; Moss Avis"},"content":{"rendered":"<ol>\n<li><a href=\"https:\/\/news.google.com\/rss\/articles\/CBMihAFBVV95cUxQOWlUNU8wVUhUSlVrVC1vX0xRUWNrZnluTjJEczVVN3IxcnVwRkw4TUhJczVqeHo5eVNVbnJ2bTAyRGhyQ2VYMUdpdlU4bHJjb1oyV1V1alRjSW83V3hvSGtNWUFISEpIeVlmc3p1MEV3bDNoYjZTNWZrUUJ1REktVUFscWw?oc=5\" target=\"_blank\" rel=\"nofollow noopener\">F\u00f8lg med p\u00e5 kvalik-kampen: Brattv\u00e5g &#8211; MFK<\/a>&nbsp;&nbsp;Moss Avis<\/li>\n<li><a href=\"https:\/\/news.google.com\/rss\/articles\/CBMifkFVX3lxTE1LX3lIOEdRR1hOZzl1OVhpZVV4ZnlJS09fckR2Y21HQjZYNkFNZ0lSUFdJLVpsbW4wX1F4VDQ1NWkzZ1JDcVViZ2hBWEhJcGt4UGFxMFNzbFlYVGxORVZ6WkU3Nmd6cGZUZVlhdWFjT2Q4SHltdzMtbkxvYUxIdw?oc=5\" target=\"_blank\" rel=\"nofollow noopener\">Vinnaren skal k\u00e5rast no: Straffespark-konkurranse mellom Brattv\u00e5g og Moss<\/a>&nbsp;&nbsp;Haramsnytt<\/li>\n<li><a href=\"https:\/\/news.google.com\/rss\/articles\/CBMilAFBVV95cUxPdmt3MXhBQXk4OUZfcDRqOUlkc2pHWkd3U0s0WXFQZnNrWjk1eVp3TVZRcVBHeThoeC10dzRJblpROU1rZWJlRGl2REIxT1JWSXd3S0MtdDhnNEhIclFZN1RvallTMU0tZldkZUxtVDFSdGI2WVNnUHdmSVd3Zl8wdFlCQ3pidXpjQnFpNFJvS01VRHd1?oc=5\" target=\"_blank\" rel=\"nofollow noopener\">N\u00e5 avgj\u00f8res det om Brattv\u00e5g rykker opp til 1. divisjon!<\/a>&nbsp;&nbsp;smp.no<\/li>\n<li><a href=\"https:\/\/news.google.com\/rss\/articles\/CBMijAFBVV95cUxQOWJFaTIyMEpGem42ekUwWjI3Y19zM1RKQVl2Nkh0NVdlUTk3UVF4bGw0R1gxRy1vME14ZU1Da0gteW9vakx0STRBN2NvZGNhR0U1Nl84OC1oX3RTYndYbnBUZ0J3cXJENXhIODVKZ05qTnlaTzZtTkZvQjRBWC05X0xKZkhXM2t4TWhxdA?oc=5\" target=\"_blank\" rel=\"nofollow noopener\">M\u00f8re og Romsdal kan f\u00e5 sitt femte topplag i fotball<\/a>&nbsp;&nbsp;NRK<\/li>\n<li><a href=\"https:\/\/news.google.com\/rss\/articles\/CBMilAFBVV95cUxPQTJHV2dZc2RlcDBnT2ltajh2VnJVYkM1V3RUVWF1R3AxYmo3MlpSemh2VFhCSG9VM1VSUjZ5c1llQkVlRGlTbWMzTC1yeU9HV1JDdzNDczAtLWhoQmNteXh5WTNaM09aNHJtdmFKelZHbld5d2I1MThJZjlRVlMtSDJEZmhUbnpMbUpXSzNTbmkwM0lz?oc=5\" target=\"_blank\" rel=\"nofollow noopener\">Brattv\u00e5g kan rykke opp laurdag: Ole Petter kjem ikkje &#8211; dette er \u00e5rsaka<\/a>&nbsp;&nbsp;bygdebladet.com<\/li>\n<\/ol>\n","protected":false},"excerpt":{"rendered":"F\u00f8lg med p\u00e5 kvalik-kampen: Brattv\u00e5g &#8211; MFK&nbsp;&nbsp;Moss Avis Vinnaren skal k\u00e5rast no: Straffespark-konkurranse mellom Brattv\u00e5g og Moss&nbsp;&nbsp;Haramsnytt N\u00e5&hellip;\n","protected":false},"author":2,"featured_media":10505,"comment_status":"","ping_status":"","sticky":false,"template":"","format":"standard","meta":{"footnotes":""},"categories":[59],"tags":[30,28,29,83,82],"class_list":{"0":"post-100020","1":"post","2":"type-post","3":"status-publish","4":"format-standard","5":"has-post-thumbnail","7":"category-sport","8":"tag-no","9":"tag-norge","10":"tag-norway","11":"tag-sport","12":"tag-sports"},"share_on_mastodon":{"url":"https:\/\/pubeurope.com\/@no\/115633556248008384","error":""},"_links":{"self":[{"href":"https:\/\/www.europesays.com\/no\/wp-json\/wp\/v2\/posts\/100020","targetHints":{"allow":["GET"]}}],"collection":[{"href":"https:\/\/www.europesays.com\/no\/wp-json\/wp\/v2\/posts"}],"about":[{"href":"https:\/\/www.europesays.com\/no\/wp-json\/wp\/v2\/types\/post"}],"author":[{"embeddable":true,"href":"https:\/\/www.europesays.com\/no\/wp-json\/wp\/v2\/users\/2"}],"replies":[{"embeddable":true,"href":"https:\/\/www.europesays.com\/no\/wp-json\/wp\/v2\/comments?post=100020"}],"version-history":[{"count":0,"href":"https:\/\/www.europesays.com\/no\/wp-json\/wp\/v2\/posts\/100020\/revisions"}],"wp:featuredmedia":[{"embeddable":true,"href":"https:\/\/www.europesays.com\/no\/wp-json\/wp\/v2\/media\/10505"}],"wp:attachment":[{"href":"https:\/\/www.europesays.com\/no\/wp-json\/wp\/v2\/media?parent=100020"}],"wp:term":[{"taxonomy":"category","embeddable":true,"href":"https:\/\/www.europesays.com\/no\/wp-json\/wp\/v2\/categories?post=100020"},{"taxonomy":"post_tag","embeddable":true,"href":"https:\/\/www.europesays.com\/no\/wp-json\/wp\/v2\/tags?post=100020"}],"curies":[{"name":"wp","href":"https:\/\/api.w.org\/{rel}","templated":true}]}}