{"id":100021,"date":"2025-11-29T14:57:08","date_gmt":"2025-11-29T14:57:08","guid":{"rendered":"https:\/\/www.europesays.com\/no\/100021\/"},"modified":"2025-11-29T14:57:08","modified_gmt":"2025-11-29T14:57:08","slug":"farevarsel-vaer-uvaer-er-pa-vei-kraftige-vindkast-utover-ettermiddagen-fremover","status":"publish","type":"post","link":"https:\/\/www.europesays.com\/no\/100021\/","title":{"rendered":"Farevarsel, V\u00e6r | Uv\u00e6r er p\u00e5 vei: Kraftige vindkast utover ettermiddagen &#8211; Fremover"},"content":{"rendered":"<ol>\n<li><a href=\"https:\/\/news.google.com\/rss\/articles\/CBMilwFBVV95cUxPeUF2aUdEXzNOQVZiLWRPMEsxWUNDNHI3bDR4UlhzN0JyYklpdXNTaWtsc09iQ3d6NDJpN1ZkUWQ0YkMtZXg2UlZzdmQ5TmlsX1RhOG12a0JPOXNLLXhWQzFIa3dTQWlhNnJDY3RORzZTNW51YjRmRzEtZ1M2SXVJWWxvLXM0dW5IWjUxbXBvdGlja25jNW5j?oc=5\" target=\"_blank\" rel=\"nofollow noopener\">Farevarsel, V\u00e6r | Uv\u00e6r er p\u00e5 vei: Kraftige vindkast utover ettermiddagen<\/a>&nbsp;&nbsp;Fremover<\/li>\n<li><a href=\"https:\/\/news.google.com\/rss\/articles\/CBMifEFVX3lxTFBsMEs5ZTIyTDE3SXNuRU14RjcyTEVrOGdpU2hQNm11OC11d3k4U2ltVlpITm5Xa21LR2VqX1JEYm00NHJMaldkaUEtRE1EalpJc2s3NHE4T2NiNExEWWR3aEItRHpLUUluaXRCYXJuUVFrNUE0Q3FOVkNlamc?oc=5\" target=\"_blank\" rel=\"nofollow noopener\">V\u00e6r, Vervarslinga i Nord | Meteorologen advarer: \u2013 Det vil v\u00e6re veldig br\u00e5 endring<\/a>&nbsp;&nbsp;Avisa Nordland<\/li>\n<li><a href=\"https:\/\/news.google.com\/rss\/articles\/CBMigAFBVV95cUxPbEVHcGFUbVpQWGhQWmtGSUNsNVZpaGJZODdzbVAyZi1QU3JHWXRoczFlOUpURnljMWlicE9pLTgxZFlweEpYM3h1YVNRZ1lnVmc5dmlSSTNIalZOblpmbzNXUkZmZW5TWUx6Y2hzTVRjS3huQUNVMHR4dHFvRjVDcQ?oc=5\" target=\"_blank\" rel=\"nofollow noopener\">Wider\u00f8e om v\u00e6ret: \u2013 F\u00f8lger n\u00f8ye med<\/a>&nbsp;&nbsp;NRK<\/li>\n<li><a href=\"https:\/\/news.google.com\/rss\/articles\/CBMivgFBVV95cUxNZVpNMi1RSEVWVm10TkRfQ0R2U0ZoZ1VQSWd2dG9fdVZ1UFVzMjViVG1ic3drZHhxZVpWOW1LaWdNRUE2aV9TaWM2anU0Y3F1MEQtVHpyWDV5RFRsRll2ckdXZ2o5bmVVT2dJcmtMbzVqMk92dUdtRFNPRFBHREN6M2MzbzFEQkJCbmpxeDl3S01HOEF3c29nYVNNT2V2c3RMY2lzRG81ZDdmeUVuZmtsN3NnVUFidWhwV3pPdmZ3?oc=5\" target=\"_blank\" rel=\"nofollow noopener\">Varsler sv\u00e6rt kraftige vindkast i Nordland og Troms<\/a>&nbsp;&nbsp;TV2.no<\/li>\n<li><a href=\"https:\/\/news.google.com\/rss\/articles\/CBMiowFBVV95cUxNNmRiNFBjeHZNMVJyMFBfamZEVjhJTU15TlpTLWF4THAtOWZKWG5BbGNCLXRWZFQ1WUc2VWNhdUFIdi1qSmdQM0RCUW9qU1llNk9kbHcyNjBhZl8xdmo4dC1VcFhKekJQNE43NmU1LU5iQlBScEJJUWRPekN4empqQnNfalVtdVRUSTZyT3BueTYySldaeWZsT21mVlRXZ3ZtZWJF?oc=5\" target=\"_blank\" rel=\"nofollow noopener\">Kan bli full storm p\u00e5 kysten: \u2013 N\u00e6rmer oss oransje farevarsel<\/a>&nbsp;&nbsp;NRK<\/li>\n<\/ol>\n","protected":false},"excerpt":{"rendered":"Farevarsel, V\u00e6r | Uv\u00e6r er p\u00e5 vei: Kraftige vindkast utover ettermiddagen&nbsp;&nbsp;Fremover V\u00e6r, Vervarslinga i Nord | Meteorologen advarer:&hellip;\n","protected":false},"author":2,"featured_media":100022,"comment_status":"","ping_status":"","sticky":false,"template":"","format":"standard","meta":{"footnotes":""},"categories":[10],"tags":[20,21,24,25,15,22,23,13,30,28,29,14,16,26,27],"class_list":{"0":"post-100021","1":"post","2":"type-post","3":"status-publish","4":"format-standard","5":"has-post-thumbnail","7":"category-norge","8":"tag-breaking-news","9":"tag-breakingnews","10":"tag-featured-news","11":"tag-featurednews","12":"tag-headlines","13":"tag-latest-news","14":"tag-latestnews","15":"tag-news","16":"tag-no","17":"tag-norge","18":"tag-norway","19":"tag-nyheter","20":"tag-overskrifter","21":"tag-top-stories","22":"tag-topstories"},"share_on_mastodon":{"url":"https:\/\/pubeurope.com\/@no\/115633575980274409","error":""},"_links":{"self":[{"href":"https:\/\/www.europesays.com\/no\/wp-json\/wp\/v2\/posts\/100021","targetHints":{"allow":["GET"]}}],"collection":[{"href":"https:\/\/www.europesays.com\/no\/wp-json\/wp\/v2\/posts"}],"about":[{"href":"https:\/\/www.europesays.com\/no\/wp-json\/wp\/v2\/types\/post"}],"author":[{"embeddable":true,"href":"https:\/\/www.europesays.com\/no\/wp-json\/wp\/v2\/users\/2"}],"replies":[{"embeddable":true,"href":"https:\/\/www.europesays.com\/no\/wp-json\/wp\/v2\/comments?post=100021"}],"version-history":[{"count":0,"href":"https:\/\/www.europesays.com\/no\/wp-json\/wp\/v2\/posts\/100021\/revisions"}],"wp:featuredmedia":[{"embeddable":true,"href":"https:\/\/www.europesays.com\/no\/wp-json\/wp\/v2\/media\/100022"}],"wp:attachment":[{"href":"https:\/\/www.europesays.com\/no\/wp-json\/wp\/v2\/media?parent=100021"}],"wp:term":[{"taxonomy":"category","embeddable":true,"href":"https:\/\/www.europesays.com\/no\/wp-json\/wp\/v2\/categories?post=100021"},{"taxonomy":"post_tag","embeddable":true,"href":"https:\/\/www.europesays.com\/no\/wp-json\/wp\/v2\/tags?post=100021"}],"curies":[{"name":"wp","href":"https:\/\/api.w.org\/{rel}","templated":true}]}}