{"id":100023,"date":"2025-11-29T14:58:36","date_gmt":"2025-11-29T14:58:36","guid":{"rendered":"https:\/\/www.europesays.com\/no\/100023\/"},"modified":"2025-11-29T14:58:36","modified_gmt":"2025-11-29T14:58:36","slug":"nyhet-kristine-stavas-skistad-skistad-knuste-svenskene-har-vaert-motivert-etter-forrige-sesong","status":"publish","type":"post","link":"https:\/\/www.europesays.com\/no\/100023\/","title":{"rendered":"Nyhet, Kristine Stav\u00e5s Skistad | Skistad knuste svenskene: \u2013 Har v\u00e6rt motivert etter forrige sesong"},"content":{"rendered":"\n<p><b>RUKA:<\/b>Konnerud-l\u00f8peren tok seieren foran Jonna Sundling og Maja Dahlqvist. Johanna Hagstr\u00f6m ble nummer fire.<\/p>\n<p>\u2013 Hun er helt suveren. En ordentlig godt gjennomf\u00f8rt seier, sier Viaplay-ekspert Niklas Dyrhaug.<\/p>\n<p>Seieren smaker nok ekstra godt for Skistad, som ble sl\u00e5tt av Jonna Sundling og Sverige p\u00e5 b\u00e5de sprinten og teamsprinten under ski-VM i Trondheim tidligere i \u00e5r.<\/p>\n<p>\u2013 Jeg har v\u00e6rt motivert etter forrige sesong, sier Skistad til Viaplay og ler.<\/p>\n<p>Skistad forteller ogs\u00e5 at det gikk t\u00f8ft for seg i sporet.<\/p>\n<p>\u2013 Det ble litt knuffing, sier hun, noe Dahlqvist bekrefter overfor rettighetshaveren.<\/p>\n<p>Svensken tok seg likevel tid til \u00e5 gratulere Skistad etter seieren.<\/p>\n<p>Skistad var fullstendig overlegen gjennom hele utslagsrunden og var best i b\u00e5de kvart- og semifinale, f\u00f8r hun til slutt sikret seieren i finalen.<\/p>\n<p>Mathilde Myhrvold, Ane Appelkvist Stenseth og Hedda Bakkemo var ogs\u00e5 med i utslagsrundene. Bakkemo r\u00f8k ut i kvartfinalen, mens Stenseth og Myrvold m\u00e5tte gi tapt i semifinalen.<\/p>\n<p>Lotta og Tiril Udnes Weng var p\u00e5 sin side ikke i n\u00e6rheten i prologen og r\u00f8k ut etter \u00e5 ha blitt nummer 41 og 50.<\/p>\n<p>\u2013 Det starter som det pleier i Ruka. Det er tredje \u00e5r p\u00e5 rad at jeg ryker ut. Det er flaut, egentlig. Jeg skj\u00f8nner ikke at jeg gidder \u00e5 reise hit, sier Lotta.<\/p>\n<p>\u2013 Det var ikke bare d\u00e5rlig, men s\u00e5 langt unna at \u2026 Jeg m\u00e5 hjem og hvile tror jeg. Jeg f\u00f8lte meg litt tung fra start, s\u00e5 jeg var ikke direkte overrasket, sier Tiril.<\/p>\n","protected":false},"excerpt":{"rendered":"RUKA:Konnerud-l\u00f8peren tok seieren foran Jonna Sundling og Maja Dahlqvist. Johanna Hagstr\u00f6m ble nummer fire. \u2013 Hun er helt&hellip;\n","protected":false},"author":2,"featured_media":100024,"comment_status":"","ping_status":"","sticky":false,"template":"","format":"standard","meta":{"footnotes":""},"categories":[5],"tags":[36,20,21,24,25,15,19,794,398,22,23,17,18,13,30,28,29,447,14,16,83,1510,26,27],"class_list":{"0":"post-100023","1":"post","2":"type-post","3":"status-publish","4":"format-standard","5":"has-post-thumbnail","7":"category-overskrifter","8":"tag-art","9":"tag-breaking-news","10":"tag-breakingnews","11":"tag-featured-news","12":"tag-featurednews","13":"tag-headlines","14":"tag-hovedoppslag","15":"tag-kristine-stavas-skistad","16":"tag-langrenn","17":"tag-latest-news","18":"tag-latestnews","19":"tag-main-news","20":"tag-mainnews","21":"tag-news","22":"tag-no","23":"tag-norge","24":"tag-norway","25":"tag-nyhet","26":"tag-nyheter","27":"tag-overskrifter","28":"tag-sport","29":"tag-story","30":"tag-top-stories","31":"tag-topstories"},"share_on_mastodon":{"url":"https:\/\/pubeurope.com\/@no\/115633579967464307","error":""},"_links":{"self":[{"href":"https:\/\/www.europesays.com\/no\/wp-json\/wp\/v2\/posts\/100023","targetHints":{"allow":["GET"]}}],"collection":[{"href":"https:\/\/www.europesays.com\/no\/wp-json\/wp\/v2\/posts"}],"about":[{"href":"https:\/\/www.europesays.com\/no\/wp-json\/wp\/v2\/types\/post"}],"author":[{"embeddable":true,"href":"https:\/\/www.europesays.com\/no\/wp-json\/wp\/v2\/users\/2"}],"replies":[{"embeddable":true,"href":"https:\/\/www.europesays.com\/no\/wp-json\/wp\/v2\/comments?post=100023"}],"version-history":[{"count":0,"href":"https:\/\/www.europesays.com\/no\/wp-json\/wp\/v2\/posts\/100023\/revisions"}],"wp:featuredmedia":[{"embeddable":true,"href":"https:\/\/www.europesays.com\/no\/wp-json\/wp\/v2\/media\/100024"}],"wp:attachment":[{"href":"https:\/\/www.europesays.com\/no\/wp-json\/wp\/v2\/media?parent=100023"}],"wp:term":[{"taxonomy":"category","embeddable":true,"href":"https:\/\/www.europesays.com\/no\/wp-json\/wp\/v2\/categories?post=100023"},{"taxonomy":"post_tag","embeddable":true,"href":"https:\/\/www.europesays.com\/no\/wp-json\/wp\/v2\/tags?post=100023"}],"curies":[{"name":"wp","href":"https:\/\/api.w.org\/{rel}","templated":true}]}}