{"id":100025,"date":"2025-11-29T14:59:22","date_gmt":"2025-11-29T14:59:22","guid":{"rendered":"https:\/\/www.europesays.com\/no\/100025\/"},"modified":"2025-11-29T14:59:22","modified_gmt":"2025-11-29T14:59:22","slug":"tiril-udnes-weng-lotta-udnes-weng","status":"publish","type":"post","link":"https:\/\/www.europesays.com\/no\/100025\/","title":{"rendered":"Tiril Udnes Weng, Lotta Udnes Weng"},"content":{"rendered":"\n<p>De norske langrennss\u00f8strene endte henholdsvis 12,83 og 16,68 sekunder bak den svenske prologvinneren, Johanna Hagstr\u00f6m.<\/p>\n<p>\u2013 Dessverre litt svak kvalifisering av Lotta. Det blir steinhardt \u00e5 ta seg videre, 12,8 sekunder er for mye sier Viaplay-ekspert Niklas Dyrhaug da Lotta Udnes Weng g\u00e5r i m\u00e5l.<\/p>\n<p>Tvillings\u00f8ster Tiril fikk det heller ikke til \u00e5 stemme i sitt fors\u00f8k.<\/p>\n<p>\u2013 Det blir en kort dag for tvillingene. Begge er langt, langt unna \u00e5 kvalifisere seg, sier Viaplay-kommentator J\u00f8rn Sundby.<\/p>\n<p>S\u00f8strene endte til slutt som nummer 41 og 50.<\/p>\n<p>\u2013 Det starter som det pleier i Ruka. Det er tredje \u00e5r p\u00e5 rad at jeg ryker ut. Det er flaut, egentlig. Jeg skj\u00f8nner ikke at jeg gidder \u00e5 reise hit, sier Lotta.<\/p>\n<p>\u2013 Det var ikke bare d\u00e5rlig, men s\u00e5 langt unna at\u2026 Jeg m\u00e5 hjem og hvile tror jeg. Jeg f\u00f8lte meg litt tung fra start, s\u00e5 jeg var ikke direkte overrasket, sier Tiril.<\/p>\n<p><b>Les ogs\u00e5: <a rel=\"Follow nofollow noopener\" href=\"https:\/\/www.nettavisen.no\/sport\/tiril-eckhoff-er-rystet-selvfolgelig-kan-det-skje-i-norge\/s\/5-95-2737245\" target=\"_blank\">Helt satt ut: \u2013 Jeg forst\u00e5r det fortsatt ikke<\/a><\/b><\/p>\n<p>Det er kun de 30 beste som g\u00e5r videre til utslagsrundene.<\/p>\n<p>Mathilde Myhrvold leverte p\u00e5 sin side en str\u00e5lende prolog, der hun endte som nummer to, kun 1,44 bak den svenske lederen.<\/p>\n<p>Ane Appelkvist Stenseth ble nummer fem, mens Kristine Stavaas Skistad endte som nummer elleve.<\/p>\n<p>\u2013 Det var litt sjokkstart tidlig p\u00e5 morgenen, men jeg synes jeg gj\u00f8r mye bra, sa Stenseth til Viaplay.<\/p>\n<p>Hedda Bakkemo tok seg ogs\u00e5 videre som nummer 18.<\/p>\n<p>Utslagsrundene i Ruka startet 11.25.<\/p>\n<p>    Vil du se neste video?<\/p>\n<p>    <a href=\"https:\/\/www.nettavisen.no\/fredrik-solvang\/jonas-gahr-store\/debatten\/fredrik-solvang-himler-av-jonas-gahr-store-men-i-alle\/v\/5-95-2751917\" class=\"recommend-poster\" data-adp-clicklabel=\"video-recommend\" data-adp-clickvalue=\"poster\" rel=\"nofollow noopener\" target=\"_blank\"><br \/>\n      <img decoding=\"async\" width=\"200\" height=\"200\" loading=\"lazy\" src=\"https:\/\/www.europesays.com\/no\/wp-content\/uploads\/2025\/11\/Solvang+bredde.jpg\" alt=\"\" class=\"brick-c-cFOWSL\" style=\"--brick-image-ratio: 200 \/ 200;\"\/><\/p>\n<p>Himler av St\u00f8re: \u2013 Men i alle\u20261:06<\/p>\n<p>    <\/a><\/p>\n","protected":false},"excerpt":{"rendered":"De norske langrennss\u00f8strene endte henholdsvis 12,83 og 16,68 sekunder bak den svenske prologvinneren, Johanna Hagstr\u00f6m. \u2013 Dessverre litt&hellip;\n","protected":false},"author":2,"featured_media":100026,"comment_status":"","ping_status":"","sticky":false,"template":"","format":"standard","meta":{"footnotes":""},"categories":[59],"tags":[30,28,29,83,82],"class_list":{"0":"post-100025","1":"post","2":"type-post","3":"status-publish","4":"format-standard","5":"has-post-thumbnail","7":"category-sport","8":"tag-no","9":"tag-norge","10":"tag-norway","11":"tag-sport","12":"tag-sports"},"share_on_mastodon":{"url":"https:\/\/pubeurope.com\/@no\/115633584101456897","error":""},"_links":{"self":[{"href":"https:\/\/www.europesays.com\/no\/wp-json\/wp\/v2\/posts\/100025","targetHints":{"allow":["GET"]}}],"collection":[{"href":"https:\/\/www.europesays.com\/no\/wp-json\/wp\/v2\/posts"}],"about":[{"href":"https:\/\/www.europesays.com\/no\/wp-json\/wp\/v2\/types\/post"}],"author":[{"embeddable":true,"href":"https:\/\/www.europesays.com\/no\/wp-json\/wp\/v2\/users\/2"}],"replies":[{"embeddable":true,"href":"https:\/\/www.europesays.com\/no\/wp-json\/wp\/v2\/comments?post=100025"}],"version-history":[{"count":0,"href":"https:\/\/www.europesays.com\/no\/wp-json\/wp\/v2\/posts\/100025\/revisions"}],"wp:featuredmedia":[{"embeddable":true,"href":"https:\/\/www.europesays.com\/no\/wp-json\/wp\/v2\/media\/100026"}],"wp:attachment":[{"href":"https:\/\/www.europesays.com\/no\/wp-json\/wp\/v2\/media?parent=100025"}],"wp:term":[{"taxonomy":"category","embeddable":true,"href":"https:\/\/www.europesays.com\/no\/wp-json\/wp\/v2\/categories?post=100025"},{"taxonomy":"post_tag","embeddable":true,"href":"https:\/\/www.europesays.com\/no\/wp-json\/wp\/v2\/tags?post=100025"}],"curies":[{"name":"wp","href":"https:\/\/api.w.org\/{rel}","templated":true}]}}