{"id":100027,"date":"2025-11-29T15:02:31","date_gmt":"2025-11-29T15:02:31","guid":{"rendered":"https:\/\/www.europesays.com\/no\/100027\/"},"modified":"2025-11-29T15:02:31","modified_gmt":"2025-11-29T15:02:31","slug":"gir-rad-til-bilkjopere-ikke-verdt-a-lope-skoene-av-seg-fvn-no","status":"publish","type":"post","link":"https:\/\/www.europesays.com\/no\/100027\/","title":{"rendered":"(+) Gir r\u00e5d til bilkj\u00f8pere: \u2013 Ikke verdt \u00e5 l\u00f8pe skoene av seg &#8211; fvn.no"},"content":{"rendered":"<ol>\n<li><a href=\"https:\/\/news.google.com\/rss\/articles\/CBMigwFBVV95cUxNdjFVTzdtN210M1AzT1YtZVFqRE52MllTeFNCRkRSeWVXT1JpSnl5c19zTnFzbWdBMGF1LUt2TnVDcWpjNVFVVVhUMDIwSWdDTnZMekFfeV9pdVlqZEZXeVp1UGJqbzlFN3oxQ0RaMExiVUJZMm11OGRlbW1Pc282MjBJVQ?oc=5\" target=\"_blank\" rel=\"nofollow noopener\">(+) Gir r\u00e5d til bilkj\u00f8pere: \u2013 Ikke verdt \u00e5 l\u00f8pe skoene av seg<\/a>&nbsp;&nbsp;fvn.no<\/li>\n<li><a href=\"https:\/\/news.google.com\/rss\/articles\/CBMiekFVX3lxTFBod3BCZ3ZBbnI1bHVZN001U0hCalNSdkkzQXg3RS1YZF83RzU0Q1lyTWpZb2ZHRDRhMTE1XzZfTFRLcEVVMDg5RDF0WlF5TTkzcVNSY3FPTXZBczlfeVRFcjRMeXJiWHhXSXhuQ2ZGUjNCd2xtQkVmUmxR?oc=5\" target=\"_blank\" rel=\"nofollow noopener\">Advarer: Her har elbilene et problem<\/a>&nbsp;&nbsp;TV2.no<\/li>\n<li><a href=\"https:\/\/news.google.com\/rss\/articles\/CBMiigFBVV95cUxPVjUzaGtBX3pxRGVHbTVDUG5iNHozaUlVcXplSjRTQTltNUdubzVTaW9pSHZLZVVFREJJYUNwai1kQ1RmbUtwQTZIUXhhdnNSdUx2UXRBTUZuNnlLRmkzZmxTbGpieFV1bEdsR2xKSkFiWjZLeXlRWE1jUUF6QThlaGVBZTltdW44TGc?oc=5\" target=\"_blank\" rel=\"nofollow noopener\">(+) Elbil og bensinbil: Slik er de p\u00e5 glatt f\u00f8re<\/a>&nbsp;&nbsp;VG<\/li>\n<li><a href=\"https:\/\/news.google.com\/rss\/articles\/CBMisgFBVV95cUxNMmRFWVhLdlBGZGxqQTdmNi1vMi11clRZRTNPQkJta0w0Z2N5RGNxMmV0aXhXdlI0anh6N2tNVFZuV1FFdF8xd05hODhpVTIxNFNKdFlVOEF6MmhRVG4tMjU4ZFd3a0NDUC1nVm5ZZnNKZ2JST2l4MHBIRWpMNF9wSVM2d1FycEhyNkY2NkkzN2FDa1Q2OHN4Y21iZ01EWEdqR3FMa21BZ05Fb2pVVzE2TEdR?oc=5\" target=\"_blank\" rel=\"nofollow noopener\">Nybil, M\u00f8ller Bil | Merker at folk vil unng\u00e5 \u00f8kte avgifter: \u2013 Har rett og slett v\u00e6rt ekstremt bra<\/a>&nbsp;&nbsp;Nidaros<\/li>\n<li><a href=\"https:\/\/news.google.com\/rss\/articles\/CBMihAFBVV95cUxObWstc2lZVFBJTWRMVjBHTEQ2b0JvUmxDRDZOZmU5U2hTWFJRUnlKQ0k3Sk54UG1hU09mcVBON2NPQkJlcUpfc3BrUDE4NkJOLWlFcUdxc1FtNU9IZ1NLQmlEbEM5WnNIbzl1SGZTWml1VTJuLUhISUY3b09tazJMV1JFMFY?oc=5\" target=\"_blank\" rel=\"nofollow noopener\">Sju anbefalte elbiler akkurat n\u00e5: \u2013 Knallkj\u00f8p<\/a>&nbsp;&nbsp;Elbil24<\/li>\n<\/ol>\n","protected":false},"excerpt":{"rendered":"(+) Gir r\u00e5d til bilkj\u00f8pere: \u2013 Ikke verdt \u00e5 l\u00f8pe skoene av seg&nbsp;&nbsp;fvn.no Advarer: Her har elbilene et&hellip;\n","protected":false},"author":2,"featured_media":100028,"comment_status":"","ping_status":"","sticky":false,"template":"","format":"standard","meta":{"footnotes":""},"categories":[56],"tags":[222,60,61,62,30,28,29],"class_list":{"0":"post-100027","1":"post","2":"type-post","3":"status-publish","4":"format-standard","5":"has-post-thumbnail","7":"category-naeringsliv","8":"tag-bil","9":"tag-business","10":"tag-economy","11":"tag-naeringsliv","12":"tag-no","13":"tag-norge","14":"tag-norway"},"share_on_mastodon":{"url":"https:\/\/pubeurope.com\/@no\/115633595518616089","error":""},"_links":{"self":[{"href":"https:\/\/www.europesays.com\/no\/wp-json\/wp\/v2\/posts\/100027","targetHints":{"allow":["GET"]}}],"collection":[{"href":"https:\/\/www.europesays.com\/no\/wp-json\/wp\/v2\/posts"}],"about":[{"href":"https:\/\/www.europesays.com\/no\/wp-json\/wp\/v2\/types\/post"}],"author":[{"embeddable":true,"href":"https:\/\/www.europesays.com\/no\/wp-json\/wp\/v2\/users\/2"}],"replies":[{"embeddable":true,"href":"https:\/\/www.europesays.com\/no\/wp-json\/wp\/v2\/comments?post=100027"}],"version-history":[{"count":0,"href":"https:\/\/www.europesays.com\/no\/wp-json\/wp\/v2\/posts\/100027\/revisions"}],"wp:featuredmedia":[{"embeddable":true,"href":"https:\/\/www.europesays.com\/no\/wp-json\/wp\/v2\/media\/100028"}],"wp:attachment":[{"href":"https:\/\/www.europesays.com\/no\/wp-json\/wp\/v2\/media?parent=100027"}],"wp:term":[{"taxonomy":"category","embeddable":true,"href":"https:\/\/www.europesays.com\/no\/wp-json\/wp\/v2\/categories?post=100027"},{"taxonomy":"post_tag","embeddable":true,"href":"https:\/\/www.europesays.com\/no\/wp-json\/wp\/v2\/tags?post=100027"}],"curies":[{"name":"wp","href":"https:\/\/api.w.org\/{rel}","templated":true}]}}