{"id":10003,"date":"2025-08-16T20:19:08","date_gmt":"2025-08-16T20:19:08","guid":{"rendered":"https:\/\/www.europesays.com\/no\/10003\/"},"modified":"2025-08-16T20:19:08","modified_gmt":"2025-08-16T20:19:08","slug":"hendelser-skien-mann-med-spritflaske-sperret-trafikken-i-begge-retninger","status":"publish","type":"post","link":"https:\/\/www.europesays.com\/no\/10003\/","title":{"rendered":"Hendelser, Skien | Mann med spritflaske sperret trafikken i begge retninger"},"content":{"rendered":"\n<p>Klokken 20.47, l\u00f8rdag kveld, fikk politiet flere meldinger om en mann som sperret trafikken i begge retninger p\u00e5 Porsgrunnsveien i Skien. <\/p>\n<p>Operasjonsleder \u00d8ystein Paus Eikedalen hos S\u00f8r-\u00d8st politidistrikt opplyser at mannen hadde stilt seg opp midt i veibanen. Der sto han med en spritflaske og hindret trafikken p\u00e5 stedet. <\/p>\n<p>Politiet dro ut til stedet og fikk kontroll p\u00e5 mannen. Han ble tatt med av patruljen og satt i arresten. <\/p>\n<p>Det er snakk om en mann i 40-\u00e5rene.<\/p>\n<p>Les mer om: artikkelemnene<\/p>\n","protected":false},"excerpt":{"rendered":"Klokken 20.47, l\u00f8rdag kveld, fikk politiet flere meldinger om en mann som sperret trafikken i begge retninger p\u00e5&hellip;\n","protected":false},"author":2,"featured_media":1273,"comment_status":"","ping_status":"","sticky":false,"template":"","format":"standard","meta":{"footnotes":""},"categories":[10],"tags":[36,20,21,24,25,15,168,22,23,13,30,28,29,14,16,254,393,1510,26,27],"class_list":{"0":"post-10003","1":"post","2":"type-post","3":"status-publish","4":"format-standard","5":"has-post-thumbnail","7":"category-norge","8":"tag-art","9":"tag-breaking-news","10":"tag-breakingnews","11":"tag-featured-news","12":"tag-featurednews","13":"tag-headlines","14":"tag-hendelser","15":"tag-latest-news","16":"tag-latestnews","17":"tag-news","18":"tag-no","19":"tag-norge","20":"tag-norway","21":"tag-nyheter","22":"tag-overskrifter","23":"tag-politi","24":"tag-skien","25":"tag-story","26":"tag-top-stories","27":"tag-topstories"},"share_on_mastodon":{"url":"","error":""},"_links":{"self":[{"href":"https:\/\/www.europesays.com\/no\/wp-json\/wp\/v2\/posts\/10003","targetHints":{"allow":["GET"]}}],"collection":[{"href":"https:\/\/www.europesays.com\/no\/wp-json\/wp\/v2\/posts"}],"about":[{"href":"https:\/\/www.europesays.com\/no\/wp-json\/wp\/v2\/types\/post"}],"author":[{"embeddable":true,"href":"https:\/\/www.europesays.com\/no\/wp-json\/wp\/v2\/users\/2"}],"replies":[{"embeddable":true,"href":"https:\/\/www.europesays.com\/no\/wp-json\/wp\/v2\/comments?post=10003"}],"version-history":[{"count":0,"href":"https:\/\/www.europesays.com\/no\/wp-json\/wp\/v2\/posts\/10003\/revisions"}],"wp:featuredmedia":[{"embeddable":true,"href":"https:\/\/www.europesays.com\/no\/wp-json\/wp\/v2\/media\/1273"}],"wp:attachment":[{"href":"https:\/\/www.europesays.com\/no\/wp-json\/wp\/v2\/media?parent=10003"}],"wp:term":[{"taxonomy":"category","embeddable":true,"href":"https:\/\/www.europesays.com\/no\/wp-json\/wp\/v2\/categories?post=10003"},{"taxonomy":"post_tag","embeddable":true,"href":"https:\/\/www.europesays.com\/no\/wp-json\/wp\/v2\/tags?post=10003"}],"curies":[{"name":"wp","href":"https:\/\/api.w.org\/{rel}","templated":true}]}}