{"id":100031,"date":"2025-11-29T15:05:19","date_gmt":"2025-11-29T15:05:19","guid":{"rendered":"https:\/\/www.europesays.com\/no\/100031\/"},"modified":"2025-11-29T15:05:19","modified_gmt":"2025-11-29T15:05:19","slug":"advarer-flyselskaper-luftrommet-er-fullstendig-stengt","status":"publish","type":"post","link":"https:\/\/www.europesays.com\/no\/100031\/","title":{"rendered":"Advarer flyselskaper: \u2013 Luftrommet er fullstendig stengt"},"content":{"rendered":"<p>USAs president Donald Trump skriver i et innlegg p\u00e5 <a href=\"https:\/\/truthsocial.com\/@realDonaldTrump\/posts\/115633041089714842\" target=\"_blank\" rel=\"nofollow noopener\">Truth Social<\/a> l\u00f8rdag ettermiddag at flyselskaper b\u00f8r anse luftrommet over og rundt Venezuela som stengt.<\/p>\n<p>\u00abTil alle flyselskaper, piloter, narkotikasmuglere og menneskehandlere, vennligst anse luftrommet over og rundt Venezuela som fullstendig stengt\u00bb, skriver den amerikanske presidenten med raus bruk av caps lock.<\/p>\n<p>If\u00f8lge Bloomberg vurderer Trump mulige grep mot president Nicol\u00e1s Maduros regjering, men det er ikke avklart om eller n\u00e5r eventuelle angrep kan starte.<\/p>\n<p>Trump har de siste dagene antydet at USA kan utvide sine marineoperasjoner mot mistenkte narkob\u00e5ter til ogs\u00e5 \u00e5 omfatte m\u00e5l p\u00e5 land, if\u00f8lge nyhetsbyr\u00e5et.<\/p>\n","protected":false},"excerpt":{"rendered":"USAs president Donald Trump skriver i et innlegg p\u00e5 Truth Social l\u00f8rdag ettermiddag at flyselskaper b\u00f8r anse luftrommet&hellip;\n","protected":false},"author":2,"featured_media":100032,"comment_status":"","ping_status":"","sticky":false,"template":"","format":"standard","meta":{"footnotes":""},"categories":[5],"tags":[20,21,24,25,15,19,22,23,17,18,13,30,28,29,14,16,26,27],"class_list":{"0":"post-100031","1":"post","2":"type-post","3":"status-publish","4":"format-standard","5":"has-post-thumbnail","7":"category-overskrifter","8":"tag-breaking-news","9":"tag-breakingnews","10":"tag-featured-news","11":"tag-featurednews","12":"tag-headlines","13":"tag-hovedoppslag","14":"tag-latest-news","15":"tag-latestnews","16":"tag-main-news","17":"tag-mainnews","18":"tag-news","19":"tag-no","20":"tag-norge","21":"tag-norway","22":"tag-nyheter","23":"tag-overskrifter","24":"tag-top-stories","25":"tag-topstories"},"share_on_mastodon":{"url":"https:\/\/pubeurope.com\/@no\/115633607501430370","error":""},"_links":{"self":[{"href":"https:\/\/www.europesays.com\/no\/wp-json\/wp\/v2\/posts\/100031","targetHints":{"allow":["GET"]}}],"collection":[{"href":"https:\/\/www.europesays.com\/no\/wp-json\/wp\/v2\/posts"}],"about":[{"href":"https:\/\/www.europesays.com\/no\/wp-json\/wp\/v2\/types\/post"}],"author":[{"embeddable":true,"href":"https:\/\/www.europesays.com\/no\/wp-json\/wp\/v2\/users\/2"}],"replies":[{"embeddable":true,"href":"https:\/\/www.europesays.com\/no\/wp-json\/wp\/v2\/comments?post=100031"}],"version-history":[{"count":0,"href":"https:\/\/www.europesays.com\/no\/wp-json\/wp\/v2\/posts\/100031\/revisions"}],"wp:featuredmedia":[{"embeddable":true,"href":"https:\/\/www.europesays.com\/no\/wp-json\/wp\/v2\/media\/100032"}],"wp:attachment":[{"href":"https:\/\/www.europesays.com\/no\/wp-json\/wp\/v2\/media?parent=100031"}],"wp:term":[{"taxonomy":"category","embeddable":true,"href":"https:\/\/www.europesays.com\/no\/wp-json\/wp\/v2\/categories?post=100031"},{"taxonomy":"post_tag","embeddable":true,"href":"https:\/\/www.europesays.com\/no\/wp-json\/wp\/v2\/tags?post=100031"}],"curies":[{"name":"wp","href":"https:\/\/api.w.org\/{rel}","templated":true}]}}