{"id":100033,"date":"2025-11-29T15:06:11","date_gmt":"2025-11-29T15:06:11","guid":{"rendered":"https:\/\/www.europesays.com\/no\/100033\/"},"modified":"2025-11-29T15:06:11","modified_gmt":"2025-11-29T15:06:11","slug":"oscar-piastri-vant-sprintlopet-i-qatar","status":"publish","type":"post","link":"https:\/\/www.europesays.com\/no\/100033\/","title":{"rendered":"Oscar Piastri vant sprintl\u00f8pet i Qatar"},"content":{"rendered":"\n<p class=\"_lead_o9xde_2 _lead_xtcu6_50 layout-component text-serif-m layout-normal text-serif-l layout-component layout-wide layout-padded _wide_17hqh_1 layout-padded\">Kampen om VM-tittelen drar seg til.<\/p>\n<p><img alt=\" Foto: David Davies \/ Pa Photos \/ NTB\" class=\"_image_qp4xg_65 layout-component layout-wide\" data-fullscreen- data-track-element-type=\"Article image fullscreen\" data-track-name=\"ImageFullscreen\" fetchpriority=\"high\" decoding=\"sync\" loading=\"eager\" height=\"3416\" itemprop=\"image\"  src=\"https:\/\/www.europesays.com\/no\/wp-content\/uploads\/2025\/11\/433c71d2-28cb-4f87-baad-ed6a3bb5f9c5\"  style=\"object-position:0% 0%\" width=\"5616\"\/> Foto: David Davies \/ Pa Photos \/ NTB<\/p>\n<ul aria-hidden=\"true\" class=\"_images_1uft6_111\">\n<li><a class=\"_link_1uft6_116\" href=\"https:\/\/www.vg.no\/forfatter\/andreas-hopen\" style=\"z-index:1\" title=\"Andreas Hopen\" rel=\"nofollow noopener\" target=\"_blank\"><img alt=\"Bilde av Andreas Hopen\" class=\"_image_1uft6_93\" fetchpriority=\"low\" loading=\"lazy\" decoding=\"async\" itemprop=\"image\"  src=\"https:\/\/www.europesays.com\/no\/wp-content\/uploads\/2025\/11\/1764428771_422_8d697287-ea03-4d54-ab67-6d65b82629eb\"  width=\"480\"\/><\/a><\/li>\n<\/ul>\n<p> Oppdatert l\u00f8rdag 29. november kl. 15:36    <\/p>\n<ul class=\"_list_o9xde_3 _list_64s2r_85 _unordered_o9xde_106 text-sans-m\">\n<li class=\"_item_o9xde_30\">Oscar Piastri vant sprintl\u00f8pet i Qatar og sikret sin tredje sprintseier av tre mulige.<\/li>\n<li class=\"_item_o9xde_30\">George Russell tok andreplass, mens Max Verstappen endte p\u00e5 fjerde.<\/li>\n<li class=\"_item_o9xde_30\">Tre f\u00f8rere kjemper om VM-tittelen med to l\u00f8p igjen av sesongen.<\/li>\n<li class=\"_item_o9xde_30\">Piastri sa han ikke vil hjelpe lagkamerat Lando Norris i VM-kampen.<\/li>\n<li class=\"_item_o9xde_30\">McLaren har allerede vunnet konstrukt\u00f8rmesterskapet for 2023.<\/li>\n<\/ul>\n<p>Vis mer <\/p>\n<p class=\"_paragraph_o9xde_4 _paragraph_xtcu6_10 layout-component text-serif-m layout-normal text-serif-m layout-padded\">Oscar Piastri startet i pole position under sprintl\u00f8pet l\u00f8rdag -og australieren ledet fra start til m\u00e5l. George Russell kontrollerte inn en annenplass. Spenningen var st\u00f8rre p\u00e5 plassene bak. Det er Piastris tredje sprintl\u00f8psseier i Qatar av tre mulige.<\/p>\n<p class=\"_paragraph_o9xde_4 _paragraph_xtcu6_10 layout-component text-serif-m layout-normal text-serif-m layout-padded\">Max Verstappen kj\u00f8rte seg tidlig opp fra sjette til fjerdeplass. Den regjerende verdensmesteren kjempet en innbitt kamp mot VM-leder Lando Norris i \u00e5pningen, men Verstappen maktet ikke \u00e5 passere rivalen &#8211; og endte til slutt p\u00e5 en fjerdeplass.<\/p>\n<p class=\"_paragraph_o9xde_4 _paragraph_xtcu6_10 layout-component text-serif-m layout-normal text-serif-m layout-padded\">Det betyr at Norris tok ett poeng p\u00e5 Max Verstappen &#8211; samtidig som han tapte to til lagkamerat Oscar Piastri. Tre f\u00f8rere kjemper om VM-tittelen med to l\u00f8p igjen av sesongen.<\/p>\n<p class=\"_paragraph_o9xde_4 _paragraph_xtcu6_10 layout-component text-serif-m layout-normal text-serif-m layout-padded\">McLaren-suksessen var kj\u00e6rkommen etter at Piastri og Norris <a href=\"https:\/\/www.vg.no\/sport\/i\/y51OyK\/begge-mclaren-bilene-diskvalifisert-i-las-vegas\" data-track-element-type=\"Link\" data-track-id=\"link:y51OyK\" class=\"_link_o9xde_39\" rel=\"nofollow noopener\" target=\"_blank\">begge ble diskvalifisert<\/a> i Las Vegas forrige helg.<\/p>\n<p class=\"_paragraph_o9xde_4 _paragraph_xtcu6_10 layout-component text-serif-m layout-normal text-serif-m layout-padded\">I forkant av l\u00f8pshelgen i Qatar var l\u00f8rdagens seierherre klar p\u00e5 at han <a href=\"https:\/\/www.vg.no\/sport\/i\/7pnwAv\/piastri-vil-ikke-hjelpe-lagkameraten-til-vm-tittel-svaret-er-nei\" data-track-element-type=\"Link\" data-track-id=\"link:7pnwAv\" class=\"_link_o9xde_39\" rel=\"nofollow noopener\" target=\"_blank\">ikke kommer til \u00e5 hjelpe<\/a> lagkamerat Norris i jakten p\u00e5 VM-tittelen.<\/p>\n<p>Sammenlagtstillingen (l\u00f8rdagens poeng i parantes)<\/p>\n<p class=\"_paragraph_o9xde_4 _paragraph_xtcu6_10 _paragraph_16v91_10 layout-component text-serif-m layout-normal text-sans-m layout-padded\">1. Lando Norris 396 (tok seks poeng l\u00f8rdag)<\/p>\n<p class=\"_paragraph_o9xde_4 _paragraph_xtcu6_10 _paragraph_16v91_10 layout-component text-serif-m layout-normal text-sans-m layout-padded\">2. Oscar Piastri 374 (tok \u00e5tte poeng l\u00f8rdag)<\/p>\n<p class=\"_paragraph_o9xde_4 _paragraph_xtcu6_10 _paragraph_16v91_10 layout-component text-serif-m layout-normal text-sans-m layout-padded\">3. Max Verstappen 371 (tok fem poeng l\u00f8rdag)<\/p>\n<p class=\"_paragraph_o9xde_4 _paragraph_xtcu6_10 _paragraph_16v91_10 layout-component text-serif-m layout-normal text-sans-m layout-padded\">4. George Russell 301 (Tok syv poeng l\u00f8rdag)<\/p>\n<p class=\"_paragraph_o9xde_4 _paragraph_xtcu6_10 _paragraph_16v91_10 layout-component text-serif-m layout-normal text-sans-m layout-padded\">5. Charles Leclerc 226 (tok ingen poeng l\u00f8rdag)<\/p>\n<p>Vis mer<\/p>\n<p class=\"_paragraph_o9xde_4 _paragraph_xtcu6_10 layout-component text-serif-m layout-normal text-serif-m layout-padded\">L\u00f8pshelgen i Qatar er sesongens nest siste. S\u00f8ndag kj\u00f8res hovedl\u00f8pet &#8211; f\u00f8r VM-tittelen skal avgj\u00f8res i Abu Dhabi f\u00f8rste helgen i desember.<\/p>\n<p class=\"_paragraph_o9xde_4 _paragraph_xtcu6_10 layout-component text-serif-m layout-normal text-serif-m layout-padded\">Max Verstappen har vunnet VM-tittelen de siste fire sesongene. Skulle Red Bull-f\u00f8reren vinne \u00e5rets VM vil han tangere Michael Schumachers rekke med fem strake VM-titler.<\/p>\n<p class=\"_paragraph_o9xde_4 _paragraph_xtcu6_10 layout-component text-serif-m layout-normal text-serif-m layout-padded\">McLaren har allerede vunnet konstrukt\u00f8rmesterskapet, hvor de leder med over 300 poeng til Mercedes. Red Bull ligger p\u00e5 tredjeplass. <\/p>\n","protected":false},"excerpt":{"rendered":"Kampen om VM-tittelen drar seg til. Foto: David Davies \/ Pa Photos \/ NTB Oppdatert l\u00f8rdag 29. november&hellip;\n","protected":false},"author":2,"featured_media":100034,"comment_status":"","ping_status":"","sticky":false,"template":"","format":"standard","meta":{"footnotes":""},"categories":[59],"tags":[2026,30,28,29,83,82],"class_list":{"0":"post-100033","1":"post","2":"type-post","3":"status-publish","4":"format-standard","5":"has-post-thumbnail","7":"category-sport","8":"tag-formel-1","9":"tag-no","10":"tag-norge","11":"tag-norway","12":"tag-sport","13":"tag-sports"},"share_on_mastodon":{"url":"https:\/\/pubeurope.com\/@no\/115633611419834157","error":""},"_links":{"self":[{"href":"https:\/\/www.europesays.com\/no\/wp-json\/wp\/v2\/posts\/100033","targetHints":{"allow":["GET"]}}],"collection":[{"href":"https:\/\/www.europesays.com\/no\/wp-json\/wp\/v2\/posts"}],"about":[{"href":"https:\/\/www.europesays.com\/no\/wp-json\/wp\/v2\/types\/post"}],"author":[{"embeddable":true,"href":"https:\/\/www.europesays.com\/no\/wp-json\/wp\/v2\/users\/2"}],"replies":[{"embeddable":true,"href":"https:\/\/www.europesays.com\/no\/wp-json\/wp\/v2\/comments?post=100033"}],"version-history":[{"count":0,"href":"https:\/\/www.europesays.com\/no\/wp-json\/wp\/v2\/posts\/100033\/revisions"}],"wp:featuredmedia":[{"embeddable":true,"href":"https:\/\/www.europesays.com\/no\/wp-json\/wp\/v2\/media\/100034"}],"wp:attachment":[{"href":"https:\/\/www.europesays.com\/no\/wp-json\/wp\/v2\/media?parent=100033"}],"wp:term":[{"taxonomy":"category","embeddable":true,"href":"https:\/\/www.europesays.com\/no\/wp-json\/wp\/v2\/categories?post=100033"},{"taxonomy":"post_tag","embeddable":true,"href":"https:\/\/www.europesays.com\/no\/wp-json\/wp\/v2\/tags?post=100033"}],"curies":[{"name":"wp","href":"https:\/\/api.w.org\/{rel}","templated":true}]}}