{"id":100037,"date":"2025-11-29T15:17:11","date_gmt":"2025-11-29T15:17:11","guid":{"rendered":"https:\/\/www.europesays.com\/no\/100037\/"},"modified":"2025-11-29T15:17:11","modified_gmt":"2025-11-29T15:17:11","slug":"moss-reddet-plassen-i-obos-ligaen-med-et-nodskrik","status":"publish","type":"post","link":"https:\/\/www.europesays.com\/no\/100037\/","title":{"rendered":"Moss reddet plassen i Obos-ligaen med et n\u00f8dskrik"},"content":{"rendered":"\n<p class=\"_lead_o9xde_2 _lead_xtcu6_50 layout-component text-serif-m layout-normal text-serif-l layout-component layout-wide layout-padded _wide_17hqh_1 layout-padded\">Kvalifiseringen til 1. divisjon mellom Brattv\u00e5g og Moss m\u00e5tte avgj\u00f8res med straffesparkkonkurranse. Der stakk Moss av med seieren og beholdt plassen.<\/p>\n<p><img alt=\"Moss og Brattv\u00e5g kjempet om den siste plassen i 1. divisjon. Her fra det f\u00f8rste oppgj\u00f8ret i Moss.  Foto: Christoffer Andersen \/ NTB\" class=\"_image_qp4xg_65 layout-component layout-wide\" data-fullscreen- data-track-element-type=\"Article image fullscreen\" data-track-name=\"ImageFullscreen\" fetchpriority=\"high\" decoding=\"sync\" loading=\"eager\" height=\"2441\" itemprop=\"image\"  src=\"https:\/\/www.europesays.com\/no\/wp-content\/uploads\/2025\/11\/56455271-b101-43ef-81b3-53d973a1b5a2\"  style=\"object-position:0% 0%\" width=\"3660\"\/>Moss og Brattv\u00e5g kjempet om den siste plassen i 1. divisjon. Her fra det f\u00f8rste oppgj\u00f8ret i Moss.  Foto: Christoffer Andersen \/ NTB<\/p>\n<ul aria-hidden=\"true\" class=\"_images_1uft6_111\">\n<li><a class=\"_link_1uft6_116\" href=\"https:\/\/www.vg.no\/forfatter\/ntb\" style=\"z-index:1\" title=\"NTB\" rel=\"nofollow noopener\" target=\"_blank\"><img alt=\"Bilde av NTB\" class=\"_image_1uft6_93\" fetchpriority=\"low\" loading=\"lazy\" decoding=\"async\" itemprop=\"image\"  src=\"https:\/\/www.europesays.com\/no\/wp-content\/uploads\/2025\/11\/1764429430_473_c33980b0-5d07-4027-84a1-813f90a7c8d6\"  width=\"480\"\/><\/a><\/li>\n<\/ul>\n<p> Oppdatert l\u00f8rdag 29. november kl. 15:48     <\/p>\n<p class=\"_paragraph_o9xde_4 _paragraph_xtcu6_10 layout-component text-serif-m layout-normal text-serif-m layout-padded\">Brattv\u00e5g kommer fra et tettsted i M\u00f8re og Romsdal med 2500 innbyggere og var sv\u00e6rt n\u00e6r ved \u00e5 tukte Moss i kvalifiseringen. Et m\u00e5l annullert for offside, store sjanser forspilt og straffetap gjorde at opprykksdr\u00f8mmen ble knust.<\/p>\n<p class=\"_paragraph_o9xde_4 _paragraph_xtcu6_10 layout-component text-serif-m layout-normal text-serif-m layout-padded\">I den f\u00f8rste av to kamper avgjorde Moss til 2-1 langt inne p\u00e5 overtiden. I siste og avgj\u00f8rende oppgj\u00f8r var Brattv\u00e5g det f\u00f8rende laget og gikk i ledelsen sammenlagt med to flotte scoringer p\u00e5 langskudd i andre omgang.<\/p>\n<p class=\"_paragraph_o9xde_4 _paragraph_xtcu6_10 layout-component text-serif-m layout-normal text-serif-m layout-padded\">2-0-m\u00e5let etter 68 minutter, som ga Brattv\u00e5g 3-2 sammenlagt, kom fra Oskar St\u00f8lan, men snaut ti minutter senere scoret samme mann selvm\u00e5l etter en corner.<\/p>\n<p class=\"_paragraph_o9xde_4 _paragraph_xtcu6_10 layout-component text-serif-m layout-normal text-serif-m layout-padded\">Uten flere m\u00e5l i ordin\u00e6r tid og ekstraomganger ble det straffesparkkonkurranse. Der ble Moss-keeper Mathias Enger Eriksen den store helten med to strafferedninger og straffem\u00e5l.<\/p>\n<p class=\"_paragraph_o9xde_4 _paragraph_xtcu6_10 layout-component text-serif-m layout-normal text-serif-m layout-padded\">I 2022 rykket Moss opp og kom tilbake til 1. divisjon for f\u00f8rste gang siden 2010. Da ble laget ledet av Thomas Myhre, som forlot Moss til fordel for HamKam i sommer.<\/p>\n<p class=\"_paragraph_o9xde_4 _paragraph_xtcu6_10 layout-component text-serif-m layout-normal text-serif-m layout-padded\">Da l\u00e5 Moss p\u00e5 11.-plass, men med en sv\u00e6rt svak avslutning p\u00e5 sesongen ble det 14.-plass og kvalifisering for \u00e5 beholde plassen i 1. divisjon.<\/p>\n<p class=\"_paragraph_o9xde_4 _paragraph_xtcu6_10 layout-component text-serif-m layout-normal text-serif-m layout-padded\">I 2024-sesongen endte Moss p\u00e5 3.-plass i 1. divisjon og tapte i siste hinder av kvalifiseringen til Eliteserien mot Haugesund.<\/p>\n<p class=\"_paragraph_o9xde_4 _paragraph_xtcu6_10 layout-component text-serif-m layout-normal text-serif-m layout-padded\">Sandnes Ulf og Str\u00f8mmen var allerede klare for opprykk til 1. divisjon, mens Skeid og Mj\u00f8ndalen rykket direkte ned til 2. divisjon.<\/p>\n","protected":false},"excerpt":{"rendered":"Kvalifiseringen til 1. divisjon mellom Brattv\u00e5g og Moss m\u00e5tte avgj\u00f8res med straffesparkkonkurranse. Der stakk Moss av med seieren&hellip;\n","protected":false},"author":2,"featured_media":100038,"comment_status":"","ping_status":"","sticky":false,"template":"","format":"standard","meta":{"footnotes":""},"categories":[5],"tags":[9695,20,21,24,25,92,15,19,22,23,17,18,11082,13,30,28,29,14,337,16,26,27],"class_list":{"0":"post-100037","1":"post","2":"type-post","3":"status-publish","4":"format-standard","5":"has-post-thumbnail","7":"category-overskrifter","8":"tag-brattvag-fotball","9":"tag-breaking-news","10":"tag-breakingnews","11":"tag-featured-news","12":"tag-featurednews","13":"tag-fotball","14":"tag-headlines","15":"tag-hovedoppslag","16":"tag-latest-news","17":"tag-latestnews","18":"tag-main-news","19":"tag-mainnews","20":"tag-moss-fk","21":"tag-news","22":"tag-no","23":"tag-norge","24":"tag-norway","25":"tag-nyheter","26":"tag-obos-ligaen","27":"tag-overskrifter","28":"tag-top-stories","29":"tag-topstories"},"share_on_mastodon":{"url":"https:\/\/pubeurope.com\/@no\/115633654753345814","error":""},"_links":{"self":[{"href":"https:\/\/www.europesays.com\/no\/wp-json\/wp\/v2\/posts\/100037","targetHints":{"allow":["GET"]}}],"collection":[{"href":"https:\/\/www.europesays.com\/no\/wp-json\/wp\/v2\/posts"}],"about":[{"href":"https:\/\/www.europesays.com\/no\/wp-json\/wp\/v2\/types\/post"}],"author":[{"embeddable":true,"href":"https:\/\/www.europesays.com\/no\/wp-json\/wp\/v2\/users\/2"}],"replies":[{"embeddable":true,"href":"https:\/\/www.europesays.com\/no\/wp-json\/wp\/v2\/comments?post=100037"}],"version-history":[{"count":0,"href":"https:\/\/www.europesays.com\/no\/wp-json\/wp\/v2\/posts\/100037\/revisions"}],"wp:featuredmedia":[{"embeddable":true,"href":"https:\/\/www.europesays.com\/no\/wp-json\/wp\/v2\/media\/100038"}],"wp:attachment":[{"href":"https:\/\/www.europesays.com\/no\/wp-json\/wp\/v2\/media?parent=100037"}],"wp:term":[{"taxonomy":"category","embeddable":true,"href":"https:\/\/www.europesays.com\/no\/wp-json\/wp\/v2\/categories?post=100037"},{"taxonomy":"post_tag","embeddable":true,"href":"https:\/\/www.europesays.com\/no\/wp-json\/wp\/v2\/tags?post=100037"}],"curies":[{"name":"wp","href":"https:\/\/api.w.org\/{rel}","templated":true}]}}