{"id":100039,"date":"2025-11-29T15:18:11","date_gmt":"2025-11-29T15:18:11","guid":{"rendered":"https:\/\/www.europesays.com\/no\/100039\/"},"modified":"2025-11-29T15:18:11","modified_gmt":"2025-11-29T15:18:11","slug":"glimt-sport-her-er-sesongens-siste-serietropp-flere-dansker-utelatt-avisa-nordland","status":"publish","type":"post","link":"https:\/\/www.europesays.com\/no\/100039\/","title":{"rendered":"Glimt, Sport | Her er sesongens siste serietropp. Flere dansker utelatt &#8211; Avisa Nordland"},"content":{"rendered":"<ol>\n<li><a href=\"https:\/\/news.google.com\/rss\/articles\/CBMikAFBVV95cUxNMFZmUHdfcHQyOFJOT2o1LXpXb2taTGlGWDU0aVN2Ui1WbjVFaWN0eHM2RlY2a2dXSk9zanBOaW1kT3VkOU1laE5Da3RJNHBvdGpMaGlzcHRFTHB3TnRtLWhSSERFaWdSZE84RTVubFFBdURDd0p0a09QUGRlRE04Y01DYU8xV1pTNDIzbTlQZDk?oc=5\" target=\"_blank\" rel=\"nofollow noopener\">Glimt, Sport | Her er sesongens siste serietropp. Flere dansker utelatt<\/a>&nbsp;&nbsp;Avisa Nordland<\/li>\n<li><a href=\"https:\/\/news.google.com\/rss\/articles\/CBMifEFVX3lxTE93MTVKelRleE4zMTVKVXlEeFVaejQ4X0Z5Tk5PaXdGY0dRekFPdnNZVnBTZGpiRGc0YWU4cGVqMjMzeXo1LUVFZ1B1RUNlS1phUl9KNVozaG9CZXpJNEhxSTdlb2loUk1ZaDh3NFdkQjBNOWY1TWZ1ZjU3eTI?oc=5\" target=\"_blank\" rel=\"nofollow noopener\">\u2013 Viking gj\u00f8r norsk fotball en tjeneste<\/a>&nbsp;&nbsp;TV2.no<\/li>\n<li><a href=\"https:\/\/news.google.com\/rss\/articles\/CBMimgFBVV95cUxQRFRCd09nNXlzV2NLMy1KdGRnZHNtdjkzOG5kWHg0V1F6Smk1MHFPdEVFNG1lT25hRjBOeGhIc3RJc0ZrNmxVVnlXcHZtQ3RpUUZURkJHZFdidFd2bk1pN0RoNXNoZ0pVZDJHUE12VC1UaTBxWlhvZ011MF9fQlBMcjljMU94TTFJa0JtTzIxSHMzRzZxZ1VOUGtR?oc=5\" target=\"_blank\" rel=\"nofollow noopener\">H\u00e5per de p\u00e5 gull til Viking eller Bod\u00f8\/Glimt? Fotball-Norge er splittet<\/a>&nbsp;&nbsp;Stavanger Aftenblad<\/li>\n<li><a href=\"https:\/\/news.google.com\/rss\/articles\/CBMilAFBVV95cUxQd1VIV3NRTUYyVnlXbXQ0WXJEZFB5LVI5Tl9DaDFvQS1hcWJMOE0temF5X2l4UHpoWGNob3ZWWEx6NFpHaDdFZ01raGRRNDU2c2xkSm1uNDh0YlJkR0p6VmpVYlEzRUhuTzd1RjFUVVYxTUFZcWtEZlVaSXpaRWp2VVVxV0ZyTjRTNDg2Z2NHN0tqcTgt?oc=5\" target=\"_blank\" rel=\"nofollow noopener\">Gull og s\u00f8lv til fotballbesta: Huttetu, det blir spennande!<\/a>&nbsp;&nbsp;vtb.no<\/li>\n<li><a href=\"https:\/\/news.google.com\/rss\/articles\/CBMiYkFVX3lxTFBydlpPZVQ3WHp3bV8wak80bXVldGZPT2EwZXNrdVFta1ZvM3Raemp0U3dZcDJ2MFNWRElJbWE2WnNTT3BwaUFxVHc4Z2RpQmV4dGJuRXk0MFFtdzdsOVBIYXBR?oc=5\" target=\"_blank\" rel=\"nofollow noopener\">P\u00e5 s\u00f8ndag skal vi feire<\/a>&nbsp;&nbsp;Bod\u00f8\/Glimt<\/li>\n<\/ol>\n","protected":false},"excerpt":{"rendered":"Glimt, Sport | Her er sesongens siste serietropp. Flere dansker utelatt&nbsp;&nbsp;Avisa Nordland \u2013 Viking gj\u00f8r norsk fotball en&hellip;\n","protected":false},"author":2,"featured_media":100040,"comment_status":"","ping_status":"","sticky":false,"template":"","format":"standard","meta":{"footnotes":""},"categories":[59],"tags":[30,28,29,83,82],"class_list":{"0":"post-100039","1":"post","2":"type-post","3":"status-publish","4":"format-standard","5":"has-post-thumbnail","7":"category-sport","8":"tag-no","9":"tag-norge","10":"tag-norway","11":"tag-sport","12":"tag-sports"},"share_on_mastodon":{"url":"https:\/\/pubeurope.com\/@no\/115633658449806746","error":""},"_links":{"self":[{"href":"https:\/\/www.europesays.com\/no\/wp-json\/wp\/v2\/posts\/100039","targetHints":{"allow":["GET"]}}],"collection":[{"href":"https:\/\/www.europesays.com\/no\/wp-json\/wp\/v2\/posts"}],"about":[{"href":"https:\/\/www.europesays.com\/no\/wp-json\/wp\/v2\/types\/post"}],"author":[{"embeddable":true,"href":"https:\/\/www.europesays.com\/no\/wp-json\/wp\/v2\/users\/2"}],"replies":[{"embeddable":true,"href":"https:\/\/www.europesays.com\/no\/wp-json\/wp\/v2\/comments?post=100039"}],"version-history":[{"count":0,"href":"https:\/\/www.europesays.com\/no\/wp-json\/wp\/v2\/posts\/100039\/revisions"}],"wp:featuredmedia":[{"embeddable":true,"href":"https:\/\/www.europesays.com\/no\/wp-json\/wp\/v2\/media\/100040"}],"wp:attachment":[{"href":"https:\/\/www.europesays.com\/no\/wp-json\/wp\/v2\/media?parent=100039"}],"wp:term":[{"taxonomy":"category","embeddable":true,"href":"https:\/\/www.europesays.com\/no\/wp-json\/wp\/v2\/categories?post=100039"},{"taxonomy":"post_tag","embeddable":true,"href":"https:\/\/www.europesays.com\/no\/wp-json\/wp\/v2\/tags?post=100039"}],"curies":[{"name":"wp","href":"https:\/\/api.w.org\/{rel}","templated":true}]}}