{"id":100041,"date":"2025-11-29T15:20:09","date_gmt":"2025-11-29T15:20:09","guid":{"rendered":"https:\/\/www.europesays.com\/no\/100041\/"},"modified":"2025-11-29T15:20:09","modified_gmt":"2025-11-29T15:20:09","slug":"jbl-sense-pro-open-air-oretelefoner","status":"publish","type":"post","link":"https:\/\/www.europesays.com\/no\/100041\/","title":{"rendered":"JBL Sense Pro Open Air-\u00f8retelefoner"},"content":{"rendered":"<p>De av dere som har fulgt oss i \u00e5revis og lest <a href=\"https:\/\/www.gamereactor.eu\/hardware\/\" rel=\"nofollow noopener\" target=\"_blank\">maskinvare- og gadgetanmeldelsene<\/a> v\u00e5re, kjenner altfor godt til trenden i hodetelefonsegmentet mot stadig mer isolerende modeller. Helt siden produsenter som Bose og Sony gjorde Active Noise Cancelling til en mer og mer popul\u00e6r og ettertraktet teknologi, har det oppst\u00e5tt mye konkurranse som bare kommer forbrukeren til gode. JBL tilbyr n\u00e5 noen av de beste ANC-hodetelefonene og -\u00f8reproppene, som <a href=\"https:\/\/www.gamereactor.no\/jbl-tour-one-m3-smart-tx-1830653\/\" title=\"JBL Tour One M3 Smart TX\" rel=\"nofollow noopener\" target=\"_blank\">JBL Tour One M3<\/a> blant de f\u00f8rstnevnte og <a href=\"https:\/\/www.gamereactor.no\/papers-please-fyller-10-ar-og-feirer-det-med-ny-demake-salg-og-mye-mer-1305663\/\" title=\"Papers, Please fyller 10 \u00e5r og feirer det med ny de-make, salg og mye mer\" rel=\"nofollow noopener\" target=\"_blank\">JBL Tour Pro 3<\/a> blant de sistnevnte. Men hva om du ikke trenger \u00e5 isolere deg s\u00e5 mye?<\/p>\n<p>Parallelt med denne pro-ANC-trenden har det dukket opp en annen som s\u00f8ker det motsatte: \u00e5 tilby maksimal lydkvalitet, men med en viss gjennomtrengelighet for st\u00f8y (eller lyder) utenfra. Selvf\u00f8lgelig kan du aktivere &laquo;talk through&raquo; eller la omgivelseslyd passere gjennom mikrofonene i ANC-hodetelefoner, men vi vet at det ikke er det samme. Og noen merker har pr\u00f8vd seg p\u00e5 eksperimenter som, i hvert fall for meg, ikke er like overbevisende, for eksempel <a href=\"https:\/\/www.gamereactor.eu\/sony-linkbuds\/\" title=\"Sony LinkBuds\" rel=\"nofollow noopener\" target=\"_blank\">Sony LinkBuds<\/a>.<\/p>\n<p><img loading=\"lazy\" decoding=\"async\" id=\"img-1925773-4741293\" data-fullsize=\"\/media\/12\/_4741293b.png\" data-lazy=\"\" src=\"https:\/\/www.gamereactor.nohttps:\/\/www.gamereactor.no\/media\/12\/_4741293_650x.png\" width=\"650\" onclick=\"if (!window.__cfRLUnblockHandlers) return false; gallery_openmodal('1925773','4741293',false,'1480550c2611ee3995bb358202ef6246');\" height=\"464\" alt=\"JBL Sense Pro\" class=\"rwd_col_content lazy\" data-cf-modified-7ec510db8a2dfbfed597d4cd-=\"\"\/><\/p>\n<p>Selskapets svar p\u00e5 Harman heter <strong>JBL Sense Pro<\/strong>, og i sin f\u00f8rste iterasjon har den allerede overrasket meg. Det er toppmodellen i en ny serie med <strong>&laquo;Open Ear&raquo;<\/strong> design og patentert OpenSound -teknologi som gir opphav til andre rimeligere eller mer sporty modeller, men som i Pro -versjonen n\u00e5r sitt beste uttrykk for \u00e5 lytte til musikk og ringe h\u00e5ndfrie samtaler.<\/p>\n<p> JBL Sense Pro er i utgangspunktet en \u00f8repropp som sitter rundt \u00f8ret eller over \u00f8ret. &laquo;Men hva er det du sier?&raquo; Ja, la meg forklare. Det er naturligvis ikke et hodesett med puter som sitter p\u00e5 eller dekker \u00f8rene, men et par bittesm\u00e5 \u00f8repropper som b\u00e6res i et etui med en langstrakt kropp som omgir \u00f8ret, men som ikke er satt inn i \u00f8regangen. De er som sm\u00e5 retningsbestemte h\u00f8yttalere som fokuserer lyden inn i \u00f8regangen og henger helt inntil den.<\/p>\n<p>Dette er en annonse:<\/p>\n<p>&laquo;Krok&raquo;-designet har en dobbel funksjon i den avanserte Pro -modellen. Den opprinnelige er \u00e5 holde p\u00e5 \u00f8ret, ettersom de ikke holdes p\u00e5 plass med den innsatte enheten, og en annen eksklusiv for denne versjonen: det bakre &laquo;anhenget&raquo; balanserer ikke bare vektene og skjuler batteriet, men fungerer ogs\u00e5 som en sensor for \u00e5 vite n\u00e5r brukeren snakker ved hjelp av beinvibrasjoner, og forbedrer dermed st\u00f8ydempingen, her ja, n\u00e5r det er p\u00e5 tide \u00e5 ta en telefonsamtale. Genialt!<\/p>\n<p>&laquo;Vent litt, sm\u00e5 h\u00f8yttalere? Det m\u00e5 h\u00f8res middelm\u00e5dig ut &#8230;&raquo; Her kommer overraskelsen: Da jeg forventet en fjern, hermetisk og kald lyd, fant jeg <strong>et overraskende godt resultat<\/strong>. Bassen er spesielt imponerende, men det er klarhet, n\u00e6rhet og varme. Det er ikke helt det audiofile resultatet som de nevnte modellene oppn\u00e5r med sin aktive og passive st\u00f8ykansellering og tradisjonelle oppgave, men du kan forst\u00e5 JBL Sense Pro som \u00f8retelefoner for mye mer enn en og annen podcast.<\/p>\n<p><img loading=\"lazy\" decoding=\"async\" id=\"img-1925773-4741313\" data-fullsize=\"\/media\/13\/_4741313b.png\" data-lazy=\"\" src=\"https:\/\/www.gamereactor.nohttps:\/\/www.gamereactor.no\/media\/13\/_4741313_650x.png\" width=\"650\" onclick=\"if (!window.__cfRLUnblockHandlers) return false; gallery_openmodal('1925773','4741313',false,'1480550c2611ee3995bb358202ef6246');\" height=\"464\" alt=\"JBL Sense Pro\" class=\"rwd_col_content lazy\" data-cf-modified-7ec510db8a2dfbfed597d4cd-=\"\"\/><\/p>\n<p>N\u00e5 m\u00e5 du bare tenke p\u00e5 om du virkelig har hatt behov for noe slikt en stund, kanskje som et alternativt bruksomr\u00e5de hvis du allerede har st\u00f8yreduserende hodetelefoner, eller som et prim\u00e6rt bruksomr\u00e5de hvis du trenger noe som ikke isolerer deg s\u00e5 mye eller ikke er s\u00e5 p\u00e5trengende, bokstavelig talt, for \u00f8rene dine. Jeg har funnet noen ideelle bruksomr\u00e5der, for eksempel n\u00e5r jeg lager mat eller lytter til klassisk musikk p\u00e5 jobben, uten \u00e5 m\u00e5tte rope det typiske &laquo;hodetelefoner p\u00e5!&raquo;. Men den aller fineste bruken er n\u00e5r du g\u00e5r en tur i naturen. For biler og st\u00f8y fra de mer stressende omr\u00e5dene i byen (for ikke \u00e5 snakke om et fly eller et tog) er noe vi alle \u00f8nsker \u00e5 stenge ute, men hvis vi snakker om fugler, suset fra l\u00f8v om h\u00f8sten eller suset fra vannet i en kilde, s\u00e5 er det en fantastisk opplevelse \u00e5 akkompagnere dem med god musikk. Selv mumlingen av mennesker p\u00e5 en stille kaf\u00e9 kan v\u00e6re en god ting!<\/p>\n<p>Dette er en annonse:<\/p>\n<p>Selv om dette som sagt er f\u00f8rste iterasjon, og vi helt sikkert kommer til \u00e5 se videreutviklinger i fremtiden, er dette en utgivelse av h\u00f8y klasse. For \u00e5 f\u00e5 best mulig lytting m\u00e5 den fleksible klemmen p\u00e5 hver enhet justeres litt, og dette m\u00e5 gjentas hver gang fordi standardposisjonen tilbakestilles n\u00e5r du g\u00e5r tilbake til ladeetuiet. Dette er helt normalt. I disse justeringene vil du ogs\u00e5 aktivere ber\u00f8ringskontrollene tusen ganger, men det er tingen med den lille, lette st\u00f8rrelsen. P\u00e5 den annen side opplevde vi at systemet slo seg av n\u00e5r vi brukte en enkelt enhet en stund, men vi opplevde dette fra en Android -kilde, ikke p\u00e5 iOS. Og jeg savner null forsinkelse p\u00e5 Tour Pro 3 med min Nintendo Switch 2, men det er en h\u00f8y bestilling.<\/p>\n<p>N\u00e5r det gjelder <strong> samtalene, er det virkelig et sprang<\/strong> fra andre modeller som bare kan velge \u00e5 legge til flere og flere mikrofoner. JBL Sense Pro brukerens stemme kan h\u00f8res litt forskj\u00f8vet ut &laquo;eller som en AI som snakker&raquo;, fortalte en innringer meg, spesielt i st\u00f8yende omgivelser (forestill deg en travel, forbl\u00e5st aveny), men dette korrigeres privat, og du snakker ogs\u00e5 bedre n\u00e5r din egen stemme kommer fra omgivelsene.<\/p>\n<p>Selvf\u00f8lgelig inneholder produktet ogs\u00e5 alle formater og protokoller i sine nyeste versjoner, for eksempel Bluetooth 6.0, Auracast, IP54, tr\u00e5dl\u00f8s lading, flerpunktstilkobling, Hi-Res Audio, og 8+30 timers batterilevetid.<\/p>\n<p>Det er en litt magisk f\u00f8lelse \u00e5 lytte til musikk p\u00e5 JBL Sense Pro, som om lydsporet til livet ditt f\u00f8lger med deg. Jeg ser p\u00e5 dem som f\u00f8lgesvenner i bestemte \u00f8yeblikk, mens deres fettere med ANC isolerer meg i de mest ubehagelige milj\u00f8er. Men n\u00e5 som vi alle blir mer og mer isolerte, liker jeg \u00e5 ha dette nye konseptet for h\u00e5nden n\u00e5r jeg finner de \u00f8yeblikkene av st\u00f8rre ro og kontakt.<\/p>\n<p><img loading=\"lazy\" decoding=\"async\" id=\"img-1925773-4741303\" data-fullsize=\"\/media\/13\/_4741303b.png\" data-lazy=\"\" src=\"https:\/\/www.gamereactor.nohttps:\/\/www.gamereactor.no\/media\/13\/_4741303_650x.png\" width=\"650\" onclick=\"if (!window.__cfRLUnblockHandlers) return false; gallery_openmodal('1925773','4741303',false,'1480550c2611ee3995bb358202ef6246');\" height=\"464\" alt=\"JBL Sense Pro\" class=\"rwd_col_content lazy\" data-cf-modified-7ec510db8a2dfbfed597d4cd-=\"\"\/><img loading=\"lazy\" decoding=\"async\" id=\"img-1925773-4741323\" data-fullsize=\"\/media\/13\/_4741323b.png\" data-lazy=\"\" src=\"https:\/\/www.gamereactor.nohttps:\/\/www.gamereactor.no\/media\/13\/_4741323_650x.png\" width=\"650\" onclick=\"if (!window.__cfRLUnblockHandlers) return false; gallery_openmodal('1925773','4741323',false,'1480550c2611ee3995bb358202ef6246');\" height=\"464\" alt=\"JBL Sense Pro\" class=\"rwd_col_content lazy\" data-cf-modified-7ec510db8a2dfbfed597d4cd-=\"\"\/><\/p>\n","protected":false},"excerpt":{"rendered":"De av dere som har fulgt oss i \u00e5revis og lest maskinvare- og gadgetanmeldelsene v\u00e5re, kjenner altfor godt&hellip;\n","protected":false},"author":2,"featured_media":100042,"comment_status":"","ping_status":"","sticky":false,"template":"","format":"standard","meta":{"footnotes":""},"categories":[57],"tags":[30,28,29,65,63,64,66,70,69,67,68],"class_list":{"0":"post-100041","1":"post","2":"type-post","3":"status-publish","4":"format-standard","5":"has-post-thumbnail","7":"category-vitenskap-og-teknologi","8":"tag-no","9":"tag-norge","10":"tag-norway","11":"tag-science","12":"tag-science-and-technology","13":"tag-scienceandtechnology","14":"tag-technology","15":"tag-teknologi","16":"tag-vitenskap","17":"tag-vitenskap-og-teknologi","18":"tag-vitenskapteknologi"},"share_on_mastodon":{"url":"https:\/\/pubeurope.com\/@no\/115633666595839299","error":""},"_links":{"self":[{"href":"https:\/\/www.europesays.com\/no\/wp-json\/wp\/v2\/posts\/100041","targetHints":{"allow":["GET"]}}],"collection":[{"href":"https:\/\/www.europesays.com\/no\/wp-json\/wp\/v2\/posts"}],"about":[{"href":"https:\/\/www.europesays.com\/no\/wp-json\/wp\/v2\/types\/post"}],"author":[{"embeddable":true,"href":"https:\/\/www.europesays.com\/no\/wp-json\/wp\/v2\/users\/2"}],"replies":[{"embeddable":true,"href":"https:\/\/www.europesays.com\/no\/wp-json\/wp\/v2\/comments?post=100041"}],"version-history":[{"count":0,"href":"https:\/\/www.europesays.com\/no\/wp-json\/wp\/v2\/posts\/100041\/revisions"}],"wp:featuredmedia":[{"embeddable":true,"href":"https:\/\/www.europesays.com\/no\/wp-json\/wp\/v2\/media\/100042"}],"wp:attachment":[{"href":"https:\/\/www.europesays.com\/no\/wp-json\/wp\/v2\/media?parent=100041"}],"wp:term":[{"taxonomy":"category","embeddable":true,"href":"https:\/\/www.europesays.com\/no\/wp-json\/wp\/v2\/categories?post=100041"},{"taxonomy":"post_tag","embeddable":true,"href":"https:\/\/www.europesays.com\/no\/wp-json\/wp\/v2\/tags?post=100041"}],"curies":[{"name":"wp","href":"https:\/\/api.w.org\/{rel}","templated":true}]}}