{"id":100043,"date":"2025-11-29T15:23:26","date_gmt":"2025-11-29T15:23:26","guid":{"rendered":"https:\/\/www.europesays.com\/no\/100043\/"},"modified":"2025-11-29T15:23:26","modified_gmt":"2025-11-29T15:23:26","slug":"reagerer-etter-hundeangrep-var-sikker-pa-a-bli-drept","status":"publish","type":"post","link":"https:\/\/www.europesays.com\/no\/100043\/","title":{"rendered":"Reagerer etter hundeangrep: &#8211; Var sikker p\u00e5 \u00e5 bli drept"},"content":{"rendered":"<p class=\"no_italic m-no_italic\" data-lab-italic=\"\"> Kort tid etter klokka 14.30 l\u00f8rdag kom en dramatisk utvikling i budsjettforhandlingene.<\/p>\n<p class=\"no_italic m-no_italic\" data-lab-italic=\"\"> &#8211; Vi er ute av disse forhandlingene, sa partileder Arild Hermstad (MDG). <\/p>\n<p class=\"no_italic m-no_italic\" data-lab-italic=\"\">MDG bryter fordi dar v\u00e6rt for vanskelig \u00e5 flytte Arbeiderpartiet p\u00e5 avgj\u00f8rende omr\u00e5der for partiet.<\/p>\n<p>&#8211; Det er ikke nok p\u00e5 klima her, det er for mange kameler \u00e5 svelge. Vi opplever at avstanden er for stor, sa Hermstad.<\/p>\n<p class=\"no_italic m-no_italic\" data-lab-italic=\"\">Uten partiet mangler statsminister Jonas Gahr St\u00f8re (Ap) sitt n\u00f8dvendige flertall for \u00e5 f\u00e5 budsjettet i havn.<\/p>\n<p>    <a itemprop=\"url\" href=\"https:\/\/www.dagbladet.no\/nyheter\/her-strides-de-et-mageplask\/83745600\" rel=\"nofollow noopener\" target=\"_blank\"><\/p>\n<p>      <img loading=\"lazy\" decoding=\"async\" src=\"https:\/\/www.europesays.com\/no\/wp-content\/uploads\/2025\/11\/83747649.webp\" width=\"980\" height=\"441\" title=\"Her strides de: - Et mageplask\" alt=\"\" class=\"lazyload\" style=\"--aspect-ratio-image: 2.22; \"\/><\/p>\n<p>        Her strides de: &#8211; Et mageplask<\/p>\n<p>    <\/a><\/p>\n<p>&#8211; Ikke nok p\u00e5 klima  <\/p>\n<p data-lab-italic=\"\" class=\"no_italic m-no_italic\">R\u00f8dt, SV og Senterpartiet opplyser \u00a8l\u00f8rdag ettermiddag at de fortsatt er med i forhandlingene.<\/p>\n<p data-lab-italic=\"\" class=\"no_italic m-no_italic\"> -Jeg \u00f8nsker at vi skal lande en god avtale som st\u00e5r seg, som svarer ut de store sp\u00f8rsm\u00e5lene i landet v\u00e5rt og som bidrar til milj\u00f8 og mer solidaritet, sier SV-leder Kirsti Bergst\u00f8 til Dagbladet l\u00f8rdag ettermiddag. <\/p>\n<p data-lab-italic=\"\" class=\"no_italic m-no_italic\">R\u00f8dt-lederen sier hun fortsatt er med.<\/p>\n<p data-lab-italic=\"\" class=\"no_italic m-no_italic\">&#8211; Jeg er opptatt av \u00e5 f\u00e5 gjennomslag for v\u00e5re krav. Det handler om velferd, forskjeller, Palestina og \u00e5 ta vare p\u00e5 naturen. Jeg er fortsatt p\u00e5 jobb, sier R\u00f8dt-leder Marie Sneve Martinussen p\u00e5 vei ut av forhandlingsrommet.<\/p>\n<p data-lab-italic=\"\" class=\"no_italic m-no_italic\">P\u00e5 sp\u00f8rsm\u00e5l om hun forventer at MDG st\u00f8tter det de andre er blitt enige om, svarer hun:<\/p>\n<p data-lab-italic=\"\" class=\"no_italic m-no_italic\">&#8211; Det sp\u00f8rs hvor gode milj\u00f8seire vi klarer \u00e5 dra i havn. Vi legger selvsagt en innsats i \u00e5 f\u00e5 god milj\u00f8politikk. R\u00f8dt er ogs\u00e5 et milj\u00f8parti.<\/p>\n<p data-lab-italic=\"\" class=\"no_italic m-no_italic\"> Det har den siste uka v\u00e6rt intense budsjettforhandlinger mellom Arbeiderpartiet og samarbeiderspartiene Sp, MDG, R\u00f8dt og SV.<\/p>\n<p data-lab-italic=\"\" class=\"no_italic m-no_italic\" data-lab-font_weight=\"\">MGD kaller inn til pressekonferanse om bruddet klokka 16.15 l\u00f8rdag.<\/p>\n<p data-lab-italic=\"\" class=\"no_italic m-no_italic\" data-lab-font_weight=\"\"> &#8211; Vi har kommet inn for \u00e5 gj\u00f8re budsjettet gr\u00f8nnere og mer solidarisk, og det er for langt unna, sier Hermstad. \u00a0<\/p>\n<p>          <img loading=\"lazy\" decoding=\"async\" src=\"https:\/\/www.europesays.com\/no\/wp-content\/uploads\/2025\/11\/83917055.webp\" width=\"686\" height=\"426\" title=\"OVER OG UT: Hermstad forlater Stortinget l\u00f8rdag ettermiddag. Like f\u00f8r annonserte han at MDG bryter budsjettforhandlingene. Foto: Jonas Been Henriksen \/ NTB.\" alt=\"\" class=\"\" style=\"--aspect-ratio-image: 1.61; \"\/><\/p>\n<p>\n          OVER OG UT: Hermstad forlater Stortinget l\u00f8rdag ettermiddag. Like f\u00f8r annonserte han at MDG bryter budsjettforhandlingene. Foto: Jonas Been Henriksen \/ NTB.\n      <\/p>\n<p>&#8211; Er ikke ferdig  <\/p>\n<p>Arbeiderpartiets parlamentariske leder, Tonje Brenna, var ordknapp etter MDG-bruddet:<\/p>\n<p>&#8211; N\u00e5 skal jeg g\u00e5 inn og jobbe videre, var Brennas eneste kommentar.<\/p>\n<p>Tuva Moflag, forhandlingsleder i Ap, er ogs\u00e5 ordknapp p\u00e5 vei tilbake til forhandlingsrommet.<\/p>\n<p class=\"font-weight-bold m-font-weight-bold\" data-lab-font_weight=\"font-weight-bold\">&#8211; Min jobb er ikke ferdig f\u00f8r vi har flertall for budsjettet, sier hun.<\/p>\n<p>          <img loading=\"lazy\" decoding=\"async\" src=\"https:\/\/www.europesays.com\/no\/wp-content\/uploads\/2025\/11\/83917168.webp\" width=\"980\" height=\"559\" title=\"JOBBER P\u00c5: Kirsti Bergst\u00f8 (SV) i Stortinget l\u00f8rdag, i forbindelse med ferdigstillelse av statsbudsjettet for 2026. Foto: Jonas Been Henriksen \/ NTB\" alt=\"\" class=\"\" style=\"--aspect-ratio-image: 1.75; \"\/><\/p>\n<p>\n          JOBBER P\u00c5: Kirsti Bergst\u00f8 (SV) i Stortinget l\u00f8rdag, i forbindelse med ferdigstillelse av statsbudsjettet for 2026. Foto: Jonas Been Henriksen \/ NTB\n      <\/p>\n<p>          <img loading=\"lazy\" decoding=\"async\" src=\"https:\/\/www.europesays.com\/no\/wp-content\/uploads\/2025\/11\/83917153.webp\" width=\"980\" height=\"559\" title=\"I FORHANDLINGER: Tuva Moflag, forhandlingsleder i Ap. Her p\u00e5 vei inn i forhandlingsrommet l\u00f8rdag. Foto: Jonas Been Henriksen \/ NTB\" alt=\"\" class=\"\" style=\"--aspect-ratio-image: 1.75; \"\/><\/p>\n<p>\n          I FORHANDLINGER: Tuva Moflag, forhandlingsleder i Ap. Her p\u00e5 vei inn i forhandlingsrommet l\u00f8rdag. Foto: Jonas Been Henriksen \/ NTB\n      <\/p>\n<p>&#8211; Vi jobber videre med sikte p\u00e5 \u00e5 f\u00e5 til en enighet, sier Senterpariets parlamentarisk nestleder Geir Pollestad p\u00e5 vei ut av forhandlingsrommet.<\/p>\n<p>&#8211; Viktig frist brutt<\/p>\n<p data-lab-italic=\"\" class=\"no_italic m-no_italic\">Klokka 12 l\u00f8rdag gikk fristen ut for \u00e5 levere tall og tekst til statsbudsjettet til finanskomiteen, f\u00e5r Dagbladet opplyst.<\/p>\n<p class=\"font-weight-bold m-font-weight-bold\" data-lab-font_weight=\"font-weight-bold\">Dermed hadde Ap, Sp, SV, R\u00f8dt og MDG brutt denne fristen, n\u00f8dvendig for \u00e5 komme i m\u00e5l innen hovedfristen s\u00f8ndag.<\/p>\n<p> Opposisjonen trenger 24 timer til \u00e5 legge inn merknader til budsjettet, f\u00f8r fristen s\u00f8ndag. <\/p>\n<p>    <a itemprop=\"url\" href=\"https:\/\/www.dagbladet.no\/nyheter\/pause-i-natt-timer-til-fristen\/83915231\" rel=\"nofollow noopener\" target=\"_blank\"><\/p>\n<p>      <img loading=\"lazy\" decoding=\"async\" src=\"https:\/\/www.europesays.com\/no\/wp-content\/uploads\/2025\/11\/83915544.webp\" width=\"980\" height=\"441\" title=\"Pause i natt: Timer til fristen\" alt=\"\" class=\"lazyload\" style=\"--aspect-ratio-image: 2.22; \"\/><\/p>\n<p>        Pause i natt: Timer til fristen<\/p>\n<p>    <\/a><\/p>\n<p>Stortingspresident Masud Gharahkhani (Ap) vil ikke kommentere prosessen, men sier det hele skal v\u00e6re i havn s\u00f8ndag.<\/p>\n<p>&#8211; Frist for avgivelse er s\u00f8ndag, alts\u00e5 30. november. Da skal finanskomiteen avgi innstillingen, skrev Gharahkhani i en SMS til Dagbladet l\u00f8rdag.<\/p>\n<p>Uteble i flere timer<\/p>\n<p>    <a itemprop=\"url\" href=\"https:\/\/www.dagbladet.no\/nyheter\/sov-over-pa-stortinget\/83907517\" rel=\"nofollow noopener\" target=\"_blank\"><\/p>\n<p>      <img loading=\"lazy\" decoding=\"async\" src=\"https:\/\/www.europesays.com\/no\/wp-content\/uploads\/2025\/11\/83907550.webp\" width=\"980\" height=\"441\" title=\"Sov over p\u00e5 Stortinget\" alt=\"\" class=\"lazyload\" style=\"--aspect-ratio-image: 2.22; \"\/><\/p>\n<p>        Sov over p\u00e5 Stortinget<\/p>\n<p>    <\/a><\/p>\n<p>Det har v\u00e6rt dramatiske d\u00f8gn f\u00f8r bruddet. Fredag varslet MDG og SV pause. MDG ventet angivelig p\u00e5 at Ap kommer dem i m\u00f8te med mer konkrete forslag, fikk Dagbladet opplyst.<\/p>\n<p class=\"font-weight-bold m-font-weight-bold\" data-lab-font_weight=\"font-weight-bold\">MDG-leder Arild Hermstad dukket opp like f\u00f8r klokka 11.<\/p>\n<p class=\"font-weight-normal m-font-weight-normal\" data-lab-font_weight=\"font-weight-normal\">&#8211; Vi f\u00e5r se om det er grunnlag for \u00e5 snakke videre. Vi m\u00e5 se om det er noe p\u00e5 bordet, sa han til pressen da.\u00a0<\/p>\n<p>&#8211; Iskaldt og steinhardt<\/p>\n<p>En rekke kilder har uttrykt tydelig misn\u00f8ye med Arbeiderpartiets forhandlingsstrategier og beskrevet dem som\u00a0<a href=\"https:\/\/borsen.dagbladet.no\/nyheter\/skjebneuke-ap-skaper-trobbel\/83895498\" rel=\"nofollow noopener\" target=\"_blank\">som urokkelige i m\u00f8te med de mindre partienes krav<\/a>.<\/p>\n<p>        BEKLAGER: Ingen har l\u00f8yet, sa statsminister Jonas Gahr St\u00f8re om br\u00e5ket etter at statsbudsjettet ble lagt frem. Video: NTB<\/p>\n<p>Oljeleting er en stor kranglesak, der MDG har krevd full stans i nye oljetillatelser &#8211; stikk i strid med Arbeiderpartiets og Senterpartiets vedtatte politikk.<\/p>\n<p>    <a itemprop=\"url\" href=\"https:\/\/borsen.dagbladet.no\/nyheter\/skjebneuke-ap-skaper-trobbel\/83895498\" rel=\"nofollow noopener\" target=\"_blank\"><\/p>\n<p>      <img loading=\"lazy\" decoding=\"async\" src=\"https:\/\/www.europesays.com\/no\/wp-content\/uploads\/2025\/11\/1764429805_697_83897554.webp\" width=\"980\" height=\"441\" title=\"Skjebneuke: Ap skaper tr\u00f8bbel\" alt=\"\" class=\"lazyload\" style=\"--aspect-ratio-image: 2.22; \"\/><\/p>\n<p>        Skjebneuke: Ap skaper tr\u00f8bbel<\/p>\n<p>    <\/a><\/p>\n<p> SV-nestleder Lars Haltbrekken har uttalt til\u00a0<a href=\"https:\/\/klassekampen.no\/artikkel\/2025-11-29\/ap-er-mykje-verre-enn-for\" target=\"_blank\" rel=\"nofollow noopener\">Klassekampen\u00a0<\/a>at dragkampen de siste ukene har v\u00e6rt mer krevende enn det SV opplevde i forrige stortingsperiode. <\/p>\n<p>&#8211; Ap er mye verre. Det er et iskaldt og steinhardt Ap vi m\u00f8ter i forhandlingene n\u00e5, sier han til avisa.<\/p>\n<p>St\u00f8re involvert<\/p>\n<p>Samtaler foregikk l\u00f8rdag p\u00e5 h\u00f8yeste niv\u00e5 p\u00e5 kontorene til Tonje Brenna (Ap) og Tuva Moflag (Ap).<\/p>\n<p>Statsministerens kontor (SMK) var involvert i samtalene, med statssekret\u00e6rene Kristoffer Thoner (Ap), Hannah Gitmark (Ap) og Halvard Ingebrigtsen (Ap) til stede.<\/p>\n<p>Timer f\u00f8r bruddet var Tonje Brenna fortsatt optimist.<\/p>\n<p>&#8211; Jeg mener fortsatt det er et veldig godt utgangspunkt for \u00e5 lande felles flertall i budsjett, men det er ogs\u00e5 en del uenigheter. Det er derfor dette tar litt tid, sa Brenna.<\/p>\n<p>          <img loading=\"lazy\" decoding=\"async\" src=\"https:\/\/www.europesays.com\/no\/wp-content\/uploads\/2025\/11\/83916291.webp\" width=\"980\" height=\"559\" title=\"INVOLVERT: Statsministerens n\u00e6rmeste r\u00e5dgiver, statssekret\u00e6r Kristoffer Thoner, utenfor forhandlingsrommet l\u00f8rdag. Foto: Magnus Kallelid \/ Dagbladet\" alt=\"\" class=\"\" style=\"--aspect-ratio-image: 1.75; \"\/><\/p>\n<p>\n          INVOLVERT: Statsministerens n\u00e6rmeste r\u00e5dgiver, statssekret\u00e6r Kristoffer Thoner, utenfor forhandlingsrommet l\u00f8rdag. Foto: Magnus Kallelid \/ Dagbladet\n      <\/p>\n","protected":false},"excerpt":{"rendered":"Kort tid etter klokka 14.30 l\u00f8rdag kom en dramatisk utvikling i budsjettforhandlingene. &#8211; Vi er ute av disse&hellip;\n","protected":false},"author":2,"featured_media":100044,"comment_status":"","ping_status":"","sticky":false,"template":"","format":"standard","meta":{"footnotes":""},"categories":[10],"tags":[20,21,24,25,15,12753,2539,22,23,13,30,28,29,14,636,16,254,4005,26,27],"class_list":{"0":"post-100043","1":"post","2":"type-post","3":"status-publish","4":"format-standard","5":"has-post-thumbnail","7":"category-norge","8":"tag-breaking-news","9":"tag-breakingnews","10":"tag-featured-news","11":"tag-featurednews","12":"tag-headlines","13":"tag-hundeangrep","14":"tag-innenriks","15":"tag-latest-news","16":"tag-latestnews","17":"tag-news","18":"tag-no","19":"tag-norge","20":"tag-norway","21":"tag-nyheter","22":"tag-oslo","23":"tag-overskrifter","24":"tag-politi","25":"tag-some","26":"tag-top-stories","27":"tag-topstories"},"share_on_mastodon":{"url":"https:\/\/pubeurope.com\/@no\/115633678540295495","error":""},"_links":{"self":[{"href":"https:\/\/www.europesays.com\/no\/wp-json\/wp\/v2\/posts\/100043","targetHints":{"allow":["GET"]}}],"collection":[{"href":"https:\/\/www.europesays.com\/no\/wp-json\/wp\/v2\/posts"}],"about":[{"href":"https:\/\/www.europesays.com\/no\/wp-json\/wp\/v2\/types\/post"}],"author":[{"embeddable":true,"href":"https:\/\/www.europesays.com\/no\/wp-json\/wp\/v2\/users\/2"}],"replies":[{"embeddable":true,"href":"https:\/\/www.europesays.com\/no\/wp-json\/wp\/v2\/comments?post=100043"}],"version-history":[{"count":0,"href":"https:\/\/www.europesays.com\/no\/wp-json\/wp\/v2\/posts\/100043\/revisions"}],"wp:featuredmedia":[{"embeddable":true,"href":"https:\/\/www.europesays.com\/no\/wp-json\/wp\/v2\/media\/100044"}],"wp:attachment":[{"href":"https:\/\/www.europesays.com\/no\/wp-json\/wp\/v2\/media?parent=100043"}],"wp:term":[{"taxonomy":"category","embeddable":true,"href":"https:\/\/www.europesays.com\/no\/wp-json\/wp\/v2\/categories?post=100043"},{"taxonomy":"post_tag","embeddable":true,"href":"https:\/\/www.europesays.com\/no\/wp-json\/wp\/v2\/tags?post=100043"}],"curies":[{"name":"wp","href":"https:\/\/api.w.org\/{rel}","templated":true}]}}