{"id":100045,"date":"2025-11-29T15:24:12","date_gmt":"2025-11-29T15:24:12","guid":{"rendered":"https:\/\/www.europesays.com\/no\/100045\/"},"modified":"2025-11-29T15:24:12","modified_gmt":"2025-11-29T15:24:12","slug":"kristine-stavas-skistad-knuste-svenskene-derfor-ble-rivalen-emma-ribom-disket-nrk-sport-sportsnyheter-resultater-og-sendeplan","status":"publish","type":"post","link":"https:\/\/www.europesays.com\/no\/100045\/","title":{"rendered":"Kristine Stav\u00e5s Skistad knuste svenskene \u2013 derfor ble rivalen Emma Ribom disket \u2013 NRK Sport \u2013 Sportsnyheter, resultater og sendeplan"},"content":{"rendered":"<p><strong>\u2013 Ikke bare sl\u00e5r hun dem, hun sl\u00e5r knockout p\u00e5 dem, sa NRKs langrennsekspert Fredrik Aukland.<\/strong><\/p>\n<p>P\u00e5 oppl\u00f8pet hadde nemlig Konnerud-ut\u00f8veren et tempo svenskene Jonna Sundling, Maja Dahlqvist og Johanna Hagstr\u00f6m ikke var i n\u00e6rheten av.<\/p>\n<p>Hun var s\u00e5 overlegen at hun ikke engang trengte \u00e5 stake de siste meterne.<\/p>\n<p>\u2013 Det er veldig fint. Det er deilig ass. \u00c5 begynne sesongen s\u00e5nn, sier Skistad til NRK.<\/p>\n<p>\u2013 Hun gliser til svenskene i m\u00e5lomr\u00e5det mens de henger over stavene. Hun viser p\u00e5 dette oppl\u00f8pet at hun har en fart ingen andre kan matche, sier Aukland p\u00e5 NRKs radiosending.<\/p>\n<p>\u2013 Hva tror du svenskene tenker n\u00e5r de f\u00e5r blikket ditt?<\/p>\n<p><img decoding=\"async\"   src=\"data:image\/gif;base64,R0lGODlhAQABAIAAAAAAAP\/\/\/yH5BAEAAAAALAAAAAABAAEAAAIBRAA7\" loading=\"eager\" alt=\"Tre kvinnelige langrennsl\u00f8pere st\u00e5r sammen p\u00e5 sn\u00f8en, if\u00f8rt konkurransedrakter. De har skiutstyr i h\u00e5nden og diskuterer. Bakgrunnen viser en konkurransebane med r\u00f8de og hvite merkeb\u00e5nd. Omgivelsene tyder p\u00e5 et idrettsarrangement i kaldt v\u00e6r.\" title=\"Foto: Terje Pedersen \/ NTB\"\/><\/p>\n<p class=\"\">SMIL: Kristine Stav\u00e5s Skistad kunne glise i m\u00e5lomr\u00e5det blant de mange svenskene.<\/p>\n<p>Foto: Terje Pedersen \/ NTB<\/p>\n<p><strong>\u2013 De var lite blide tror jeg. Men s\u00e5nn skal det v\u00e6re. Man skal ikke like \u00e5 bli sl\u00e5tt, sier Skistad.<\/strong><\/p>\n<p>\u2013 Det var litt knuffing underveis. Det var viktig \u00e5 sl\u00e5 Maja etter at jeg hadde kalt henne ufarlig, sier Skistad med et stort smil og sikter til en <a href=\"https:\/\/www.tiktok.com\/@viaplaysportnorge\/video\/7567423196249722114\" ec-id=\"https:\/\/www.tiktok.com\/@viaplaysportnorge\/video\/7567423196249722114\" ec-name=\"TikTok-video publisert hos Viaplay\" rel=\"nofollow noopener\" target=\"_blank\">TikTok-video publisert hos Viaplay<\/a> der hun kalte Maja Dahlqvist \u00abufarlig\u00bb.<\/p>\n<p>\u2013 Hun sier nok fortsatt det samme, men jeg tror hun er litt redd. Det er ekstra motivasjon for oss, s\u00e5 jeg tror ikke hun gj\u00f8r det noe lettere for seg selv, sier Dahlqvist til NRK.<\/p>\n<p><img decoding=\"async\"   src=\"data:image\/gif;base64,R0lGODlhAQABAIAAAAAAAP\/\/\/yH5BAEAAAAALAAAAAABAAEAAAIBRAA7\" loading=\"eager\" alt=\"Kristine Stav\u00e5s Skistad suveren i Ruka\" title=\"Foto: KALLE PARKKINEN \/ Bildbyr\u00e5n\"\/><\/p>\n<p class=\"\">LEKENT: Kristine Stav\u00e5s Skistad kunne skli over m\u00e5lstreken suveren foran svenskene som febrilsk setter frem foten bak henne.<\/p>\n<p>Foto: KALLE PARKKINEN \/ Bildbyr\u00e5n<\/p>\n<p>Svensk rival fortvilte etter disk<\/p>\n<p><strong>\u2013 Jeg har ikke f\u00e5tt sett noen ting, sier en sv\u00e6rt fortvilet Ribom til NRK.<\/strong><\/p>\n<p>Hun skal ha blitt disket for sk\u00f8yting, men Ribom skj\u00f8nner ikke hvor hun har gjort det.<\/p>\n<p>\u2013 Det er veldig trist. Det f\u00f8les som jeg hadde mye \u00e5 gi i dag. Det er sjukt kjipt, sier Ribom, som har bursdag i dag, til Viaplay.<\/p>\n<p>Ribom (nummer tre) tar flere ulovlige tak p\u00e5 vei ned bakken.<\/p>\n<p>\u2013 N\u00e5 har det kommet en video her som viser at Ribom faktisk har sk\u00f8ytet i tras\u00e9en p\u00e5 vei inn i den siste bakken. Det er ingen tvil om at Ribom har brutt regelverket, er konklusjonen til NRKs langrennsekspert Fredrik Aukland.<\/p>\n<p>\u2013 Det er skjebnesvangert med tanke p\u00e5 dagens resultat, men ogs\u00e5 for et OL uttak i en sterk svensk tropp s\u00e5 er ikke det der gunstig, sier NRKs kommentator Jann Post.<\/p>\n<p>\u2013 Det er kjedelig. Man m\u00e5 v\u00e6re ekstra forsiktig n\u00e5r man har gult kort. Jeg pr\u00f8vde \u00e5 v\u00e6re litt forsiktig, og ikke v\u00e6re s\u00e5 frekk i dag, sier Skistad om Riboms diskvalifikasjon.<\/p>\n<p><img decoding=\"async\"   src=\"data:image\/gif;base64,R0lGODlhAQABAIAAAAAAAP\/\/\/yH5BAEAAAAALAAAAAABAAEAAAIBRAA7\" loading=\"eager\" alt=\"Emma Ribom\" title=\"Foto: Brede Bleiklie Thomassen \/ NRK\"\/><\/p>\n<p class=\"\">DISKET: Emma Ribom m\u00f8tte pressen etter at hun fikk beskjeden om at hun var disket.<\/p>\n<p>Foto: Brede Bleiklie Thomassen \/ NRK<\/p>\n<p>Skistad pr\u00f8vde \u00e5 f\u00e5 gult kort med vilje<\/p>\n<p>Diskusjonen om gule kort har haglet etter at Kristine Stav\u00e5s Skistad p\u00e5dro seg et gult kort p\u00e5 sprinten p\u00e5 Beitost\u00f8len.<\/p>\n<p>Derfor pr\u00f8vde hun \u00e5 f\u00e5 et gult kort med vilje dagen etter.<\/p>\n<p>NRK snakket med Ribom <a href=\"http:\/\/www.nrk.no\/sport\/langrenn_-landslagssjefen-refser-kristine-stavas-skistad_-__ikke-i-trad-med-vare-verdier-1.17669942\" ec-id=\"pp:article:1.17669942\" ec-name=\"torsdag\" rel=\"nofollow noopener\" target=\"_blank\">torsdag <\/a>om at hun hadde f\u00e5tt gult kort i den svenske nasjonale \u00e5pningen i G\u00e4llivare.<\/p>\n<p>\u2013 Det f\u00f8les utrolig un\u00f8dvendig, det er et stress-element, sa Ribom til NRK torsdag.<\/p>\n<p>\u2013 Det er veldig kjipt, men jeg har bare meg selv \u00e5 skylde. Det gj\u00f8r meg ekstra oppmerksom p\u00e5 for eksempel tjuvstart. Ellers fors\u00f8ker jeg ikke \u00e5 tenke p\u00e5 det, sa Ribom til NRK torsdag, f\u00f8r helgens renn.<\/p>\n<p>Men Ribom likte ikke Skistads fors\u00f8k p\u00e5 \u00e5 f\u00e5 gult kort.<\/p>\n<p>\u2013 Jeg vet ikke &#8230; Det er ikke noe jeg kunne st\u00e5tt for. Det f\u00e5r st\u00e5 p\u00e5 hennes regning. Det gikk vel ikke s\u00e5 bra heller, sa Ribom til NRK torsdag.<\/p>\n<p>\u2013 Jeg hadde ikke g\u00e5tt ut med det dagen f\u00f8r, men jeg hadde pr\u00f8vd \u00e5 kvitte meg med det litt diskret, sa Dahlqvist.<\/p>\n<p>Erik Valnes mener regelen burde endres, slik at man ikke tar med seg gule ort fra nasjonale renn inn i verdenscupen.<\/p>\n<p>\u2013 Jeg synes det burde v\u00e6rt s\u00e5nn ar verdenscup er verdenscup. At du ikke tar med deg gule kort inn. Det kan f\u00e5 un\u00f8dvendige konsekvenser, har Valnes sagt til NRK.<\/p>\n<p>Kl\u00e6bo like suveren som Skistad<\/p>\n<p>I herrefinalen var Johannes H\u00f8sflot Kl\u00e6bo like suveren som Skistad. Heller ikke han trengte \u00e5 stake de siste meterne p\u00e5 oppl\u00f8pet.<\/p>\n<p>\u2013 Han er en halv evighet foran de andre og kan feire seieren de siste ti meterne, utbr\u00f8t Post da Kl\u00e6bo kj\u00f8rte over m\u00e5lstreken til sin 99. seier i verdenscupen.<\/p>\n<p><img decoding=\"async\"   src=\"data:image\/gif;base64,R0lGODlhAQABAIAAAAAAAP\/\/\/yH5BAEAAAAALAAAAAABAAEAAAIBRAA7\" loading=\"eager\" alt=\"En langrennsl\u00f8per i r\u00f8d drakt krysser m\u00e5lstreken med armene hevet. Tre andre l\u00f8pere f\u00f8lger etter, mens publikum heier i bakgrunnen. Det er sn\u00f8dekt underlag med markeringer og reklameplakater synlige. Arrangementet finner sted i en vintersportsarena.\" title=\"Foto: Terje Pedersen \/ NTB\"\/><\/p>\n<p class=\"\">SUVEREN: Johannes H\u00f8sflot Kl\u00e6bo kunne bukke til publikum i god tid til neste mann p\u00e5 oppl\u00f8pet.<\/p>\n<p>Foto: Terje Pedersen \/ NTB<\/p>\n<p>\u2013 Det er rett og slett en knockout, sier Aukland.<\/p>\n<p>\u2013 Det var fint dette. Det var fint \u00e5 f\u00e5 en god start p\u00e5 verdenscupsesongen, sier Kl\u00e6bo til NRK.<\/p>\n<p>Han vant foran Erik Valnes og Ansgar Evensen, som sikret trippelt norsk.<\/p>\n<p>Publisert<\/p>\n<p>29.11.2025, kl. 12.25<\/p>\n<p>Oppdatert<\/p>\n<p>29.11.2025, kl. 15.39<\/p>\n<p><script async src=\"\/\/www.tiktok.com\/embed.js\"><\/script><\/p>\n","protected":false},"excerpt":{"rendered":"\u2013 Ikke bare sl\u00e5r hun dem, hun sl\u00e5r knockout p\u00e5 dem, sa NRKs langrennsekspert Fredrik Aukland. P\u00e5 oppl\u00f8pet&hellip;\n","protected":false},"author":2,"featured_media":100046,"comment_status":"","ping_status":"","sticky":false,"template":"","format":"standard","meta":{"footnotes":""},"categories":[5],"tags":[20,21,24,25,15,19,22,23,17,18,13,30,28,29,14,16,26,27],"class_list":{"0":"post-100045","1":"post","2":"type-post","3":"status-publish","4":"format-standard","5":"has-post-thumbnail","7":"category-overskrifter","8":"tag-breaking-news","9":"tag-breakingnews","10":"tag-featured-news","11":"tag-featurednews","12":"tag-headlines","13":"tag-hovedoppslag","14":"tag-latest-news","15":"tag-latestnews","16":"tag-main-news","17":"tag-mainnews","18":"tag-news","19":"tag-no","20":"tag-norge","21":"tag-norway","22":"tag-nyheter","23":"tag-overskrifter","24":"tag-top-stories","25":"tag-topstories"},"share_on_mastodon":{"url":"https:\/\/pubeurope.com\/@no\/115633682144503808","error":""},"_links":{"self":[{"href":"https:\/\/www.europesays.com\/no\/wp-json\/wp\/v2\/posts\/100045","targetHints":{"allow":["GET"]}}],"collection":[{"href":"https:\/\/www.europesays.com\/no\/wp-json\/wp\/v2\/posts"}],"about":[{"href":"https:\/\/www.europesays.com\/no\/wp-json\/wp\/v2\/types\/post"}],"author":[{"embeddable":true,"href":"https:\/\/www.europesays.com\/no\/wp-json\/wp\/v2\/users\/2"}],"replies":[{"embeddable":true,"href":"https:\/\/www.europesays.com\/no\/wp-json\/wp\/v2\/comments?post=100045"}],"version-history":[{"count":0,"href":"https:\/\/www.europesays.com\/no\/wp-json\/wp\/v2\/posts\/100045\/revisions"}],"wp:featuredmedia":[{"embeddable":true,"href":"https:\/\/www.europesays.com\/no\/wp-json\/wp\/v2\/media\/100046"}],"wp:attachment":[{"href":"https:\/\/www.europesays.com\/no\/wp-json\/wp\/v2\/media?parent=100045"}],"wp:term":[{"taxonomy":"category","embeddable":true,"href":"https:\/\/www.europesays.com\/no\/wp-json\/wp\/v2\/categories?post=100045"},{"taxonomy":"post_tag","embeddable":true,"href":"https:\/\/www.europesays.com\/no\/wp-json\/wp\/v2\/tags?post=100045"}],"curies":[{"name":"wp","href":"https:\/\/api.w.org\/{rel}","templated":true}]}}