{"id":100049,"date":"2025-11-29T15:30:11","date_gmt":"2025-11-29T15:30:11","guid":{"rendered":"https:\/\/www.europesays.com\/no\/100049\/"},"modified":"2025-11-29T15:30:11","modified_gmt":"2025-11-29T15:30:11","slug":"trafikk-trafikkulykke-front-mot-front-ulykke-fire-personer-involvert","status":"publish","type":"post","link":"https:\/\/www.europesays.com\/no\/100049\/","title":{"rendered":"Trafikk, Trafikkulykke | Front mot front-ulykke: Fire personer involvert"},"content":{"rendered":"\n<p>L\u00f8rdag ettermiddag var det en front mot front-ulykke mellom to personbiler p\u00e5 fylkesvei 65 i Surnadal. Ulykken skjedde p\u00e5 \u00c5sskardvegen, like ved Gl\u00f8navatnet.<\/p>\n<p>Politiet meldte om trafikkulykken like f\u00f8r klokken 14.30 p\u00e5 politiets pressetjeneste.<\/p>\n<p>Klokken 14.40 opplyste operasjonsleder Thomas Holte ved politiets operasjonssentral om at det var fire personer involvert i ulykken, og at \u00e9n av dem var et barn.<\/p>\n<p>\u2013 Samtlige skal v\u00e6re bevisst, og blir unders\u00f8kt\/behandlet av ambulanse, skrev han videre i meldingen.<\/p>\n<p>Samtlige n\u00f8detater var p\u00e5 stedet etter ulykken, men ambulanse forlot stedet like f\u00f8r klokken 15.00.<\/p>\n<p>Fylkesvei 65 var stengt i begge retninger p\u00e5 stedet etter trafikkulykken. Like f\u00f8r klokken 15.00 \u00e5pnet de et felt igjen, med manuell dirigering. Holte meldte at veien trolig ville bli stengt igjen senere, da bilberger kommer til stedet.<\/p>\n<p>I en ny oppdatering klokken 14.58, skrev Holte at de involverte var fraktet videre av helse.<\/p>\n<p>\u2013 Samtlige er bevisste, skrev han i meldingen. Han \u00f8nsket ikke \u00e5 utdype noe mer om tilstanden til de involverte til Tidens Krav. Han kunne heller ikke si noe om \u00e5rsaken til ulykken.<\/p>\n<p>Klokken 15.46 oppdaterte operasjonsleder Eivind Klokkersund ved politiets operasjonssentral med \u00e5 informere om at politiet var ferdig p\u00e5 stedet.<\/p>\n<p>Klokkersund opplyste om at lokalt politi skal etterforske trafikkulykken.<\/p>\n<p>\u2013 Sak opprettes. Det har skjedd en front mot front-kollisjon, s\u00e5 i etterforskningen blir det et tema \u00e5 finne ut om et av kj\u00f8ret\u00f8yene kan ha kommet over i motg\u00e5ende kj\u00f8refelt. Det er ingen mistanke om rus, fortalte Klokkersund til Tidens Krav.<\/p>\n<p>If\u00f8lge Klokkersund var veien helt \u00e5pen for trafikk klokken 16.00.<\/p>\n<p>\u2013 Veien er \u00e5pen n\u00e5. Senere kommer det bilberger til stedet, og da blir veien stengt i en kort periode igjen, sa han.<\/p>\n<p>   <img decoding=\"async\" width=\"794\" height=\"448\" fetchpriority=\"low\"  loading=\"lazy\"  src=\"https:\/\/www.europesays.com\/no\/wp-content\/uploads\/2025\/11\/Skjermbilde+2025-11-29+kl.+14.51.26.png\" alt=\"\" class=\"brick-c-cFOWSL\" style=\"--brick-image-ratio: 794 \/ 448;\"\/><\/p>\n<p>      Ulykken har skjedd like ved Statens vegvesens webkamera ved Nordmarka i Surnadal. Slik s\u00e5 det ut p\u00e5 stedet klokken 14.50.<br \/>\n      Foto: Skjermdump, Statens vegvesen\n    <\/p>\n","protected":false},"excerpt":{"rendered":"L\u00f8rdag ettermiddag var det en front mot front-ulykke mellom to personbiler p\u00e5 fylkesvei 65 i Surnadal. Ulykken skjedde&hellip;\n","protected":false},"author":2,"featured_media":86085,"comment_status":"","ping_status":"","sticky":false,"template":"","format":"standard","meta":{"footnotes":""},"categories":[10],"tags":[36,20,21,24,25,15,22,23,13,30,28,29,14,16,254,1510,1716,26,27,224,666],"class_list":{"0":"post-100049","1":"post","2":"type-post","3":"status-publish","4":"format-standard","5":"has-post-thumbnail","7":"category-norge","8":"tag-art","9":"tag-breaking-news","10":"tag-breakingnews","11":"tag-featured-news","12":"tag-featurednews","13":"tag-headlines","14":"tag-latest-news","15":"tag-latestnews","16":"tag-news","17":"tag-no","18":"tag-norge","19":"tag-norway","20":"tag-nyheter","21":"tag-overskrifter","22":"tag-politi","23":"tag-story","24":"tag-surnadal","25":"tag-top-stories","26":"tag-topstories","27":"tag-trafikk","28":"tag-trafikkulykke"},"share_on_mastodon":{"url":"https:\/\/pubeurope.com\/@no\/115633705947539778","error":""},"_links":{"self":[{"href":"https:\/\/www.europesays.com\/no\/wp-json\/wp\/v2\/posts\/100049","targetHints":{"allow":["GET"]}}],"collection":[{"href":"https:\/\/www.europesays.com\/no\/wp-json\/wp\/v2\/posts"}],"about":[{"href":"https:\/\/www.europesays.com\/no\/wp-json\/wp\/v2\/types\/post"}],"author":[{"embeddable":true,"href":"https:\/\/www.europesays.com\/no\/wp-json\/wp\/v2\/users\/2"}],"replies":[{"embeddable":true,"href":"https:\/\/www.europesays.com\/no\/wp-json\/wp\/v2\/comments?post=100049"}],"version-history":[{"count":0,"href":"https:\/\/www.europesays.com\/no\/wp-json\/wp\/v2\/posts\/100049\/revisions"}],"wp:featuredmedia":[{"embeddable":true,"href":"https:\/\/www.europesays.com\/no\/wp-json\/wp\/v2\/media\/86085"}],"wp:attachment":[{"href":"https:\/\/www.europesays.com\/no\/wp-json\/wp\/v2\/media?parent=100049"}],"wp:term":[{"taxonomy":"category","embeddable":true,"href":"https:\/\/www.europesays.com\/no\/wp-json\/wp\/v2\/categories?post=100049"},{"taxonomy":"post_tag","embeddable":true,"href":"https:\/\/www.europesays.com\/no\/wp-json\/wp\/v2\/tags?post=100049"}],"curies":[{"name":"wp","href":"https:\/\/api.w.org\/{rel}","templated":true}]}}