{"id":100050,"date":"2025-11-29T15:31:13","date_gmt":"2025-11-29T15:31:13","guid":{"rendered":"https:\/\/www.europesays.com\/no\/100050\/"},"modified":"2025-11-29T15:31:13","modified_gmt":"2025-11-29T15:31:13","slug":"sandefjord-skyting-tre-personer-siktet-etter-skyteepisode-i-sandefjord","status":"publish","type":"post","link":"https:\/\/www.europesays.com\/no\/100050\/","title":{"rendered":"Sandefjord, Skyting | Tre personer siktet etter skyteepisode i Sandefjord"},"content":{"rendered":"\n<p>Litt f\u00f8r klokken 20:30 fredag kveld fikk politiet melding om at det hadde blitt h\u00f8rt smell i den nordlige delen av Sandefjord sentrum.<\/p>\n<p><b>\u2013 Politiet kom rask til stedet og fikk bekreftet at det hadde blitt l\u00f8snet skudd fra et skytev\u00e5pen, skriver S\u00f8r\u00f8st politidistrikt i en pressemelding l\u00f8rdag. <\/b><\/p>\n<p>Tre personer er p\u00e5grepet.<\/p>\n<p>\u2013 Vi er i en tidlig fase av etterforskningen og siktelsen kan bli endret. Vi \u00f8nsker derfor ikke \u00e5 kommentere hva disse personene er siktet for, sier politiadvokat Lise Dalhaug.<\/p>\n<p>Ingen ble skadet i hendelsen.<\/p>\n<p>Etterforskningen av saken fortsetter igjennom helgen.<\/p>\n<p>  <a href=\"https:\/\/www.tb.no\/5-76-2736477\" class=\"related-teaser has-image default-story-teaser article--c-eRUmMG article--c-eRUmMG-jKCPdD-design-default\" wp_automatic_readability=\"1\" rel=\"nofollow noopener\" target=\"_blank\"><\/p>\n<p>    For abonnenter<\/p>\n<p>    <img decoding=\"async\" loading=\"lazy\"  src=\"https:\/\/www.europesays.com\/no\/wp-content\/uploads\/2025\/11\/Vestfold+tingrett.jpg\" alt=\"\" class=\"brick-c-cFOWSL\" style=\"\"\/><\/p>\n<p>\n            Les ogs\u00e5<\/p>\n<p>  Mann i 30-\u00e5rene hadde med seg hagle utenfor rutebilstasjonen<\/p>\n<p>  <\/a><\/p>\n<p>  <a href=\"https:\/\/www.tb.no\/5-76-2736497\" class=\"related-teaser has-image default-story-teaser article--c-eRUmMG article--c-eRUmMG-jKCPdD-design-default\" wp_automatic_readability=\"1\" rel=\"nofollow noopener\" target=\"_blank\"><\/p>\n<p>    For abonnenter<\/p>\n<p>    <img decoding=\"async\" loading=\"lazy\"  src=\"https:\/\/www.europesays.com\/no\/wp-content\/uploads\/2025\/11\/Hund+og+rev.jpg\" alt=\"\" class=\"brick-c-cFOWSL\" style=\"\"\/><\/p>\n<p>\n            Les ogs\u00e5<\/p>\n<p>  Thies og hunden Oda fikk en spesiell luftetur: \u2013 Den var nysgjerrig p\u00e5 oss begge to<\/p>\n<p>  <\/a><\/p>\n","protected":false},"excerpt":{"rendered":"Litt f\u00f8r klokken 20:30 fredag kveld fikk politiet melding om at det hadde blitt h\u00f8rt smell i den&hellip;\n","protected":false},"author":2,"featured_media":10375,"comment_status":"","ping_status":"","sticky":false,"template":"","format":"standard","meta":{"footnotes":""},"categories":[5],"tags":[36,20,21,24,25,15,19,983,22,23,17,18,13,30,28,29,14,16,4782,314,1510,26,27,493],"class_list":{"0":"post-100050","1":"post","2":"type-post","3":"status-publish","4":"format-standard","5":"has-post-thumbnail","7":"category-overskrifter","8":"tag-art","9":"tag-breaking-news","10":"tag-breakingnews","11":"tag-featured-news","12":"tag-featurednews","13":"tag-headlines","14":"tag-hovedoppslag","15":"tag-krim","16":"tag-latest-news","17":"tag-latestnews","18":"tag-main-news","19":"tag-mainnews","20":"tag-news","21":"tag-no","22":"tag-norge","23":"tag-norway","24":"tag-nyheter","25":"tag-overskrifter","26":"tag-sandefjord","27":"tag-skyting","28":"tag-story","29":"tag-top-stories","30":"tag-topstories","31":"tag-vold"},"share_on_mastodon":{"url":"https:\/\/pubeurope.com\/@no\/115633709850425065","error":""},"_links":{"self":[{"href":"https:\/\/www.europesays.com\/no\/wp-json\/wp\/v2\/posts\/100050","targetHints":{"allow":["GET"]}}],"collection":[{"href":"https:\/\/www.europesays.com\/no\/wp-json\/wp\/v2\/posts"}],"about":[{"href":"https:\/\/www.europesays.com\/no\/wp-json\/wp\/v2\/types\/post"}],"author":[{"embeddable":true,"href":"https:\/\/www.europesays.com\/no\/wp-json\/wp\/v2\/users\/2"}],"replies":[{"embeddable":true,"href":"https:\/\/www.europesays.com\/no\/wp-json\/wp\/v2\/comments?post=100050"}],"version-history":[{"count":0,"href":"https:\/\/www.europesays.com\/no\/wp-json\/wp\/v2\/posts\/100050\/revisions"}],"wp:featuredmedia":[{"embeddable":true,"href":"https:\/\/www.europesays.com\/no\/wp-json\/wp\/v2\/media\/10375"}],"wp:attachment":[{"href":"https:\/\/www.europesays.com\/no\/wp-json\/wp\/v2\/media?parent=100050"}],"wp:term":[{"taxonomy":"category","embeddable":true,"href":"https:\/\/www.europesays.com\/no\/wp-json\/wp\/v2\/categories?post=100050"},{"taxonomy":"post_tag","embeddable":true,"href":"https:\/\/www.europesays.com\/no\/wp-json\/wp\/v2\/tags?post=100050"}],"curies":[{"name":"wp","href":"https:\/\/api.w.org\/{rel}","templated":true}]}}