{"id":100054,"date":"2025-11-29T15:36:09","date_gmt":"2025-11-29T15:36:09","guid":{"rendered":"https:\/\/www.europesays.com\/no\/100054\/"},"modified":"2025-11-29T15:36:09","modified_gmt":"2025-11-29T15:36:09","slug":"anse-venezuelas-luftrom-som-stengt","status":"publish","type":"post","link":"https:\/\/www.europesays.com\/no\/100054\/","title":{"rendered":"Anse Venezuelas luftrom som stengt"},"content":{"rendered":"\n<p class=\"_lead_o9xde_2 _lead_xtcu6_50 layout-component text-serif-m layout-normal text-serif-l layout-component layout-wide layout-padded _wide_17hqh_1 layout-padded\">USAs president Donald Trump advarte l\u00f8rdag alle flyselskaper om at Venezuelas luftrom m\u00e5 anses som stengt.<\/p>\n<ul aria-hidden=\"true\" class=\"_images_1uft6_111\">\n<li><a class=\"_link_1uft6_116\" href=\"https:\/\/www.vg.no\/forfatter\/ntb\" style=\"z-index:1\" title=\"NTB\" rel=\"nofollow noopener\" target=\"_blank\"><img alt=\"Bilde av NTB\" class=\"_image_1uft6_93\" fetchpriority=\"low\" loading=\"lazy\" decoding=\"async\" itemprop=\"image\"  src=\"https:\/\/www.europesays.com\/no\/wp-content\/uploads\/2025\/11\/1764430569_96_c33980b0-5d07-4027-84a1-813f90a7c8d6\"  width=\"480\"\/><\/a><\/li>\n<\/ul>\n<p> Oppdatert l\u00f8rdag 29. november kl. 15:40     <\/p>\n<p class=\"_paragraph_o9xde_4 _paragraph_xtcu6_10 layout-component text-serif-m layout-normal text-serif-m layout-padded\">I en post p\u00e5 sitt sosiale medium Truth Social henvender han seg til \u00aballe flyselskaper, flygere, narkosmuglere og menneskesmuglere\u00bb og sier at luftrommet over og rundt Venezuela fra n\u00e5 skal anses som helt stengt.<\/p>\n<p class=\"_paragraph_o9xde_4 _paragraph_xtcu6_10 layout-component text-serif-m layout-normal text-serif-m layout-padded\">Advarselen utstedes mens USA \u00f8ker presset p\u00e5 Venezuelas president Nicol\u00e1s Maduro med en massiv utplassering av marinefart\u00f8y i Karibhavet, deriblant et hangarskip, og angrep p\u00e5 b\u00e5ter som anklages for narkotikasmugling.<\/p>\n<p class=\"_paragraph_o9xde_4 _paragraph_xtcu6_10 layout-component text-serif-m layout-normal text-serif-m layout-padded\">USA har enn\u00e5 til gode \u00e5 legge fram bevis for at b\u00e5tene ble brukt til smugling eller utgjorde noen trussel mot USA. Rundt 80 mennesker er drept i angrepene.<\/p>\n<p class=\"_paragraph_o9xde_4 _paragraph_xtcu6_10 layout-component text-serif-m layout-normal text-serif-m layout-padded\">I forrige uke advarte amerikanske luftfartsmyndigheter flyselskaper mot \u00e5 fly over Venezuela p\u00e5 grunn av \u00aben forverret sikkerhetssituasjon og milit\u00e6r aktivitet rundt landet\u00bb.<\/p>\n<p class=\"_paragraph_o9xde_4 _paragraph_xtcu6_10 layout-component text-serif-m layout-normal text-serif-m layout-padded\">Seks st\u00f8rre internasjonale flyselskap som innstilte sine flygninger til landet etter advarslene, fikk sine lisenser til \u00e5 operere i Venezuela inndratt av Maduro-regimet.<\/p>\n","protected":false},"excerpt":{"rendered":"USAs president Donald Trump advarte l\u00f8rdag alle flyselskaper om at Venezuelas luftrom m\u00e5 anses som stengt. Oppdatert l\u00f8rdag&hellip;\n","protected":false},"author":2,"featured_media":100055,"comment_status":"","ping_status":"","sticky":false,"template":"","format":"standard","meta":{"footnotes":""},"categories":[12],"tags":[20,21,24,25,15,22,23,13,30,28,29,14,16,26,27,42,43,44,45],"class_list":{"0":"post-100054","1":"post","2":"type-post","3":"status-publish","4":"format-standard","5":"has-post-thumbnail","7":"category-verden","8":"tag-breaking-news","9":"tag-breakingnews","10":"tag-featured-news","11":"tag-featurednews","12":"tag-headlines","13":"tag-latest-news","14":"tag-latestnews","15":"tag-news","16":"tag-no","17":"tag-norge","18":"tag-norway","19":"tag-nyheter","20":"tag-overskrifter","21":"tag-top-stories","22":"tag-topstories","23":"tag-verden","24":"tag-world","25":"tag-world-news","26":"tag-worldnews"},"share_on_mastodon":{"url":"https:\/\/pubeurope.com\/@no\/115633729483012547","error":""},"_links":{"self":[{"href":"https:\/\/www.europesays.com\/no\/wp-json\/wp\/v2\/posts\/100054","targetHints":{"allow":["GET"]}}],"collection":[{"href":"https:\/\/www.europesays.com\/no\/wp-json\/wp\/v2\/posts"}],"about":[{"href":"https:\/\/www.europesays.com\/no\/wp-json\/wp\/v2\/types\/post"}],"author":[{"embeddable":true,"href":"https:\/\/www.europesays.com\/no\/wp-json\/wp\/v2\/users\/2"}],"replies":[{"embeddable":true,"href":"https:\/\/www.europesays.com\/no\/wp-json\/wp\/v2\/comments?post=100054"}],"version-history":[{"count":0,"href":"https:\/\/www.europesays.com\/no\/wp-json\/wp\/v2\/posts\/100054\/revisions"}],"wp:featuredmedia":[{"embeddable":true,"href":"https:\/\/www.europesays.com\/no\/wp-json\/wp\/v2\/media\/100055"}],"wp:attachment":[{"href":"https:\/\/www.europesays.com\/no\/wp-json\/wp\/v2\/media?parent=100054"}],"wp:term":[{"taxonomy":"category","embeddable":true,"href":"https:\/\/www.europesays.com\/no\/wp-json\/wp\/v2\/categories?post=100054"},{"taxonomy":"post_tag","embeddable":true,"href":"https:\/\/www.europesays.com\/no\/wp-json\/wp\/v2\/tags?post=100054"}],"curies":[{"name":"wp","href":"https:\/\/api.w.org\/{rel}","templated":true}]}}