{"id":100058,"date":"2025-11-29T15:38:13","date_gmt":"2025-11-29T15:38:13","guid":{"rendered":"https:\/\/www.europesays.com\/no\/100058\/"},"modified":"2025-11-29T15:38:13","modified_gmt":"2025-11-29T15:38:13","slug":"emilie-enger-mehl-justisminister-emilie-enger-mehl-om-rollen-alt-har-en-kostnad","status":"publish","type":"post","link":"https:\/\/www.europesays.com\/no\/100058\/","title":{"rendered":"Emilie Enger Mehl, Justisminister | Emilie Enger Mehl om rollen: \u2013 Alt har en kostnad\u00a0"},"content":{"rendered":"\n<p>Denne h\u00f8sten har tidligere justisminister Emilie Enger Mehl (32) deltatt i TV-programmet \u00abSkal vi danse\u00bb. Forrige helg <a href=\"https:\/\/www.nettavisen.no\/kjendis\/ute-av-skal-vi-danse\/s\/5-95-2742451\" rel=\"Follow nofollow noopener\" target=\"_blank\">m\u00e5tte hun imidlertid forlate konkurransen.<\/a><\/p>\n<p>Samtidig har Mehl avsluttet sin \u00e5tte \u00e5r lange periode p\u00e5 Stortinget, og de siste m\u00e5nedene har v\u00e6rt preget av et intenst \u00abSkal vi danse\u00bb-opplegg.<\/p>\n<p><b>Les ogs\u00e5: <a href=\"https:\/\/www.nettavisen.no\/kjendis\/emilie-enger-mehl-hylles-etter-skal-vi-danse-exit\/s\/5-95-2743647\" rel=\"Follow nofollow noopener\" target=\"_blank\">Massiv st\u00f8tte etter r\u00f8rende innlegg<\/a><\/b><\/p>\n<p>N\u00e5 ser hun fram til \u00e5 ta en etterlengtet pause.<\/p>\n<p>\u2013 Ta meg tid til \u00e5 leve<\/p>\n<p>Overfor Nettavisen forteller Mehl at de siste ukene har v\u00e6rt hektiske, og at hun n\u00e5 ser fram til noen rolige uker.<\/p>\n<p>N\u00e5r det gjelder tiden fremover, \u00f8nsker hun derimot ikke \u00e5 utdype konkrete planer.<\/p>\n<p>\u2013 Det har v\u00e6rt en intens og nydelig h\u00f8st. N\u00e5 har jeg litt mer tid til \u00e5 f\u00e5 omstilt livet p\u00e5 lengre sikt. Jeg har en plan, men jeg har ikke lyst til \u00e5 kommentere hva jeg skal helt enda, sier hun til Nettavisen.<\/p>\n<p>N\u00e5 skal hun nyte f\u00f8rjulstiden uten noen store planer.<\/p>\n<p>   <img decoding=\"async\" width=\"9504\" height=\"6336\" fetchpriority=\"low\"  loading=\"lazy\"  src=\"https:\/\/www.europesays.com\/no\/wp-content\/uploads\/2025\/11\/NTB_4vnVHUcygOI.jpg\" alt=\"Oslo 20240927. &#10;Justis- og beredskapsminister Emilie Enger Mehl (Sp) og arbeids- og inkluderingsminister Tonje Brenna (Ap) holder pressekonferanse om situasjonen for fordrevne fra Ukraina, mottak og bosetting.&#10;Foto: Ole Berg-Rusten \/ NTB\" class=\"brick-c-cFOWSL\" style=\"--brick-image-ratio: 9504 \/ 6336;\"\/><\/p>\n<p>      NY PLAN: Emilie Enger Mehl sier til Nettavisen at hun har en plan for den kommende tiden, men \u00f8nsker ikke \u00e5 utdype noe konkret.<br \/>\n      Foto: Ole Berg-Rusten\n    <\/p>\n<p>\u2013 Hvor ser du for deg at du er om ti \u00e5r? <\/p>\n<p>\u2013 Det er store sp\u00f8rsm\u00e5l \u00e5 ta stilling til, men det er det jeg pr\u00f8ver \u00e5 finne ut av n\u00e5. Jeg har tenkt at jeg vil ta meg tid til \u00e5 leve og finne ut av det. Jobben har v\u00e6rt veldig givende og jeg er takknemlig for de store mulighetene jeg har f\u00e5tt, men samtidig har alt en kostnad.<\/p>\n<p>Mehl nevner eksempelvis at jobben som statsr\u00e5d inneb\u00e6rer et stort ansvar, noe hun har kjent konsekvensene av.<\/p>\n<p>\u2013 For eksempel dette med \u00e5 v\u00e6re s\u00e5 eksponert over lang tid. \u00c5 v\u00e6re statsr\u00e5d og ha makt inneb\u00e6rer \u00e5 bli stilt til ansvar for sm\u00e5 og store ting, og s\u00e5nn skal det v\u00e6re, men det kan v\u00e6re fint med en periode med andre erfaringer for \u00e5 f\u00e5 ting i litt perspektiv.<\/p>\n<p>    Vil du se neste video?<\/p>\n<p>    <a href=\"https:\/\/www.nettavisen.no\/fredrik-solvang\/jonas-gahr-store\/debatten\/fredrik-solvang-himler-av-jonas-gahr-store-men-i-alle\/v\/5-95-2751917\" class=\"recommend-poster\" data-adp-clicklabel=\"video-recommend\" data-adp-clickvalue=\"poster\" rel=\"nofollow noopener\" target=\"_blank\"><br \/>\n      <img decoding=\"async\" width=\"200\" height=\"200\" loading=\"lazy\" src=\"https:\/\/www.europesays.com\/no\/wp-content\/uploads\/2025\/11\/Solvang+bredde.jpg\" alt=\"\" class=\"brick-c-cFOWSL\" style=\"--brick-image-ratio: 200 \/ 200;\"\/><\/p>\n<p>Himler av St\u00f8re: \u2013 Men i alle\u20261:06<\/p>\n<p>    <\/a><\/p>\n<p>F\u00e5r etterl\u00f8nn<\/p>\n<p>Tidligere stortingsrepresentanter f\u00e5r utbetalt etterl\u00f8nn, men Mehl har forel\u00f8pig ikke mottatt denne.<\/p>\n<p>\u2013 Stortingsrepresentanter f\u00e5r tre m\u00e5neder etterl\u00f8nn tilsvarende honoraret n\u00e5r man sitter p\u00e5 Stortinget. Denne blir avkortet mot annen inntekt i samme periode. Hva jeg totalt mottar i etterl\u00f8nn er derfor sv\u00e6rt begrenset og ikke klart f\u00f8r jeg har full oversikt over andre inntekter n\u00e5r regnskaps\u00e5ret er avsluttet, forklarer Mehl til Nettavisen.<\/p>\n<p>I september skrev<a href=\"https:\/\/www.aftenposten.no\/norge\/politikk\/i\/OovwVb\/emilie-enger-mehl-har-sokt-seg-til-internasjonale-forretningsskoler-far-aftenposten-opplyst\" rel=\"Follow nofollow noopener\" target=\"_blank\"> Aftenposten<\/a> en artikkel der de erfarte at Mehl hadde s\u00f8kt studier i utlandet.<\/p>\n<p>\u00abAftenposten vet imidlertid at Mehl har s\u00f8kt seg til fulltidsprogrammer ved prestisjetunge, internasjonale forretningsskoler i utlandet\u00bb, skrev de.<\/p>\n<p><b>Les ogs\u00e5: <\/b><b><a href=\"https:\/\/www.nettavisen.no\/kjendis\/danby-choi-om-sykdomsmarerittet-last-inne-i-karantenetelt\/s\/5-95-2748937\" rel=\"Follow nofollow noopener\" target=\"_blank\">R\u00f8per nye sykdomsdetaljer: \u2013 L\u00e5st inne i karantenetelt<\/a><\/b><\/p>\n<p>Mehl avkrefter dette overfor Nettavisen og sier at hun ikke vet hvor avisen har kildene sine fra:<\/p>\n<p>\u2013 Aftenposten sin sak er med anonyme kilder, s\u00e5 jeg vet ikke helt hvor de har det fra. Jeg \u00f8nsker ikke \u00e5 kommentere noe utenom dette, avslutter hun.<\/p>\n","protected":false},"excerpt":{"rendered":"Denne h\u00f8sten har tidligere justisminister Emilie Enger Mehl (32) deltatt i TV-programmet \u00abSkal vi danse\u00bb. Forrige helg m\u00e5tte&hellip;\n","protected":false},"author":2,"featured_media":100059,"comment_status":"","ping_status":"","sticky":false,"template":"","format":"standard","meta":{"footnotes":""},"categories":[5],"tags":[20,21,24,25,15,19,22,23,17,18,13,30,28,29,14,16,26,27],"class_list":{"0":"post-100058","1":"post","2":"type-post","3":"status-publish","4":"format-standard","5":"has-post-thumbnail","7":"category-overskrifter","8":"tag-breaking-news","9":"tag-breakingnews","10":"tag-featured-news","11":"tag-featurednews","12":"tag-headlines","13":"tag-hovedoppslag","14":"tag-latest-news","15":"tag-latestnews","16":"tag-main-news","17":"tag-mainnews","18":"tag-news","19":"tag-no","20":"tag-norge","21":"tag-norway","22":"tag-nyheter","23":"tag-overskrifter","24":"tag-top-stories","25":"tag-topstories"},"share_on_mastodon":{"url":"https:\/\/pubeurope.com\/@no\/115633737468691606","error":""},"_links":{"self":[{"href":"https:\/\/www.europesays.com\/no\/wp-json\/wp\/v2\/posts\/100058","targetHints":{"allow":["GET"]}}],"collection":[{"href":"https:\/\/www.europesays.com\/no\/wp-json\/wp\/v2\/posts"}],"about":[{"href":"https:\/\/www.europesays.com\/no\/wp-json\/wp\/v2\/types\/post"}],"author":[{"embeddable":true,"href":"https:\/\/www.europesays.com\/no\/wp-json\/wp\/v2\/users\/2"}],"replies":[{"embeddable":true,"href":"https:\/\/www.europesays.com\/no\/wp-json\/wp\/v2\/comments?post=100058"}],"version-history":[{"count":0,"href":"https:\/\/www.europesays.com\/no\/wp-json\/wp\/v2\/posts\/100058\/revisions"}],"wp:featuredmedia":[{"embeddable":true,"href":"https:\/\/www.europesays.com\/no\/wp-json\/wp\/v2\/media\/100059"}],"wp:attachment":[{"href":"https:\/\/www.europesays.com\/no\/wp-json\/wp\/v2\/media?parent=100058"}],"wp:term":[{"taxonomy":"category","embeddable":true,"href":"https:\/\/www.europesays.com\/no\/wp-json\/wp\/v2\/categories?post=100058"},{"taxonomy":"post_tag","embeddable":true,"href":"https:\/\/www.europesays.com\/no\/wp-json\/wp\/v2\/tags?post=100058"}],"curies":[{"name":"wp","href":"https:\/\/api.w.org\/{rel}","templated":true}]}}