{"id":10006,"date":"2025-08-16T20:21:14","date_gmt":"2025-08-16T20:21:14","guid":{"rendered":"https:\/\/www.europesays.com\/no\/10006\/"},"modified":"2025-08-16T20:21:14","modified_gmt":"2025-08-16T20:21:14","slug":"warholm-herjet-med-arsbeste-i-verden-dette-var-et-skremmeskudd","status":"publish","type":"post","link":"https:\/\/www.europesays.com\/no\/10006\/","title":{"rendered":"Warholm herjet med \u00e5rsbeste i verden: \u2013 Dette var et skremmeskudd"},"content":{"rendered":"<p>\u2013 Dette var r\u00e5tt, sa NRK-kommentator Jann Post.<\/p>\n<p>\u2013 Dette var et skremmeskudd til Alison dos Santos og Rai Benjamin, sa NRK-ekspert Vebj\u00f8rn Rodal.<\/p>\n<p>Nordmannen vant og var et hav foran Ezekiel Nathaniel og Abderrahman Samba.<\/p>\n<p>Warholm opplyste til NRK f\u00f8r l\u00f8pet i Polen at han har terpet p\u00e5 avslutningen p\u00e5 400 meter hekk. Sunnm\u00f8ringen var sterk p\u00e5 300 meter hekk i innledningen p\u00e5 sesongen, men har s\u00e5 langt ikke f\u00e5tt det til \u00e5 klaffe p\u00e5 distansen det l\u00f8pes i under mesterskapene.<\/p>\n<p>Hans \u00e5rsbeste p\u00e5 400 meter hekk l\u00f8d p\u00e5 47,28, og f\u00f8r stevnet i Polen var det \u00e5penbare m\u00e5let \u00e5 komme ned p\u00e5 46-tallet. 46,28 er hans nest beste tid i karrieren. I OL satte han verdensrekord med 45,94.<\/p>\n<p>Under Bislett Games 12. juni satte Warholm bestenotering i verden p\u00e5 300 meter hekk med 32,67.<\/p>\n<p>Noen dager senere ble han sl\u00e5tt av b\u00e5de Rai Benjamin og Alison dos Santos i Diamond League-stevnet i Stockholm. Da ble det 3.-plass p\u00e5 47,41 p\u00e5 400 meter hekk.<\/p>\n<p>Sesongens store m\u00e5l er VM i Tokyo i september.<\/p>\n","protected":false},"excerpt":{"rendered":"\u2013 Dette var r\u00e5tt, sa NRK-kommentator Jann Post. \u2013 Dette var et skremmeskudd til Alison dos Santos og&hellip;\n","protected":false},"author":2,"featured_media":10007,"comment_status":"","ping_status":"","sticky":false,"template":"","format":"standard","meta":{"footnotes":""},"categories":[59],"tags":[967,30,28,29,83,82],"class_list":{"0":"post-10006","1":"post","2":"type-post","3":"status-publish","4":"format-standard","5":"has-post-thumbnail","7":"category-sport","8":"tag-artikler-fra-ntb","9":"tag-no","10":"tag-norge","11":"tag-norway","12":"tag-sport","13":"tag-sports"},"share_on_mastodon":{"url":"","error":""},"_links":{"self":[{"href":"https:\/\/www.europesays.com\/no\/wp-json\/wp\/v2\/posts\/10006","targetHints":{"allow":["GET"]}}],"collection":[{"href":"https:\/\/www.europesays.com\/no\/wp-json\/wp\/v2\/posts"}],"about":[{"href":"https:\/\/www.europesays.com\/no\/wp-json\/wp\/v2\/types\/post"}],"author":[{"embeddable":true,"href":"https:\/\/www.europesays.com\/no\/wp-json\/wp\/v2\/users\/2"}],"replies":[{"embeddable":true,"href":"https:\/\/www.europesays.com\/no\/wp-json\/wp\/v2\/comments?post=10006"}],"version-history":[{"count":0,"href":"https:\/\/www.europesays.com\/no\/wp-json\/wp\/v2\/posts\/10006\/revisions"}],"wp:featuredmedia":[{"embeddable":true,"href":"https:\/\/www.europesays.com\/no\/wp-json\/wp\/v2\/media\/10007"}],"wp:attachment":[{"href":"https:\/\/www.europesays.com\/no\/wp-json\/wp\/v2\/media?parent=10006"}],"wp:term":[{"taxonomy":"category","embeddable":true,"href":"https:\/\/www.europesays.com\/no\/wp-json\/wp\/v2\/categories?post=10006"},{"taxonomy":"post_tag","embeddable":true,"href":"https:\/\/www.europesays.com\/no\/wp-json\/wp\/v2\/tags?post=10006"}],"curies":[{"name":"wp","href":"https:\/\/api.w.org\/{rel}","templated":true}]}}