{"id":100062,"date":"2025-11-29T15:47:09","date_gmt":"2025-11-29T15:47:09","guid":{"rendered":"https:\/\/www.europesays.com\/no\/100062\/"},"modified":"2025-11-29T15:47:09","modified_gmt":"2025-11-29T15:47:09","slug":"juleprat-aurskog-ingen-fikk-kontakt-med-oss-resten-av-kvelden","status":"publish","type":"post","link":"https:\/\/www.europesays.com\/no\/100062\/","title":{"rendered":"Juleprat, Aurskog | \u2013 Ingen fikk kontakt med oss resten av kvelden!"},"content":{"rendered":"\n<p>\u2013 Hvilken julegave husker du best at du enten fikk eller ga, og hvorfor gjorde den s\u00e5 sterkt inntrykk?<\/p>\n<p>\u2013 F\u00f8rste gave jeg husker godt fra jeg var liten, var da jeg og broren min, Morten, fikk den f\u00f8rste versjonen av Nintendo. Vi feiret hos farmor p\u00e5 S\u00f8rumsand og vi koblet opp konsollen s\u00e5 fort gavepapiret var fl\u00e5dd av. Det var ingen som fikk kontakt med oss resten av den julekvelden, for \u00e5 si det s\u00e5nn!<\/p>\n<p>\u2013 Gaven jeg sj\u00f8l har gitt, som har gitt dypest inntrykk hos mottakeren, m\u00e5 nok v\u00e6re da vi ga s\u00f8nnen v\u00e5r, Haakon, Playstation til jul, s\u00e5 det var samme visa. Datteren v\u00e5r, Hanna, er mer opptatt av kl\u00e6r, s\u00e5 hun f\u00e5r som regel gavekort. Det blir ikke den samme, umiddelbare gleden, men blir desto mer stas n\u00e5r hun har funnet noe hun liker i klesbutikken.<\/p>\n<p>            Trond Skj\u00f8nhaug<\/p>\n<p>Fullt navn: Trond Skj\u00f8nhaug<\/p>\n<p>Alder: 44 \u00e5r<\/p>\n<p>Bosted: Aurskog<\/p>\n<p>Sivil status: Gift, to barn<\/p>\n<p>Yrke: Prosjektleder i oppussingsbransjen.<\/p>\n<p>\u2013 Har du noen gang opplevd en skikkelig pinlig eller kaotisk situasjon i jula?<\/p>\n<p>\u2013 Jeg glemmer alltid \u00e5 handle noen gaver n\u00e5r julaften n\u00e6rmer seg. Derfor blir det en tur p\u00e5 butikken i siste liten. Det er en veldig effektiv m\u00e5te \u00e5 handle p\u00e5, for det er jo lite folk i butikken p\u00e5 julaften. Ellers ble det d\u00e5rlig stemning da jeg gikk nisse for barna til et vennepar av oss for noen \u00e5r siden, da jeg reiv av meg parykken og maska sammen med nisselua da jeg kom inn i stua. Gutten deres trodde ikke p\u00e5 nissen lenger etter d\u00e9t opptrinnet, gitt.<\/p>\n<p>\u2013 Alltid et stress<\/p>\n<p>\u2013 Hva er den ene tingen du m\u00e5 gj\u00f8re i julen?<\/p>\n<p>\u2013 Jeg m\u00e5 se Kalle Anka p\u00e5 Sveriges Television klokka 15.00 p\u00e5 julaften. Donald gj\u00f8r seg best p\u00e5 svensk. Vi drar ingen steder f\u00f8r Benjamin Syrsa har sunget Ser du stj\u00e4rnan i det bl\u00e5!<\/p>\n<p>\u2013 Hva er det absolutt beste du vet p\u00e5 julebordet, og hva er en rett du gladelig skulle sett forsvinne for alltid?<\/p>\n<p>\u2013 Jeg m\u00e5 ha ribbe, medisterp\u00f8lser og medistekaker, samt riskrem til dessert. Jeg har aldri v\u00e6rt i et juleselskap der de har servert torsk, derfor ville jeg nok ikke lagt merke til det dersom den tradisjonen ble helt borte. Lutefisk har jeg aldri smakt, men det lukter jo ikke veldig godt av retten, s\u00e5 jeg st\u00e5r over den ogs\u00e5.<\/p>\n<p>\u2013 Hva stresser deg mest med jula, og hva er det som umiddelbart gir deg den ultimate julefreden?<\/p>\n<p>\u2013 Julegavehandelen er alltid stressende. I tillegg er det et lite paradoks at vi vasker og pynter til den store gullmedaljen f\u00f8r jul, bare for \u00e5 ende opp med s\u00f8l overalt igjen rett etter julekvelden. Julefreden senker seg etter at vi har tent lysene p\u00e5 juletreet og n\u00e5r vi setter oss i sofaen for \u00e5 se p\u00e5 Kvelden f\u00f8r kvelden p\u00e5 NRK lille julaften.<\/p>\n<p>\u2013 Hva er julesangen du aldri blir lei, og hvilken er du villig til \u00e5 betale for \u00e5 slippe \u00e5 h\u00f8re?<\/p>\n<p>\u2013 Jeg er ingen julesang-fyr, men jeg er mest svak for de gamle, gode julel\u00e5tene, som for eksempel White Christmas med Bing Crosby. De moderne julepopl\u00e5tene med artistene som ligger p\u00e5 hitlistene i dag, betaler jeg mer enn gjerne for \u00e5 slippe \u00e5 h\u00f8re.<\/p>\n<p>Ekte tre<\/p>\n<p>\u2013 Hvilken leir tilh\u00f8rer du \u2013 er det ekte granlukt eller gjenbrukbart plasttre som gjelder? Og hva er ditt beste pyntetips?<\/p>\n<p>\u2013 Hjemme hos oss bruker vi ekte gran. For min del kunne vi godt hoppet over til plastikk, men kona mi, Hege, st\u00e5r p\u00e5 at vi skal ha et skikkelig grantre enn\u00e5. Det lukter jo godt, men det pleier jo \u00e5 drysse en del. Det er i all hovedsak kona og barna som pynter treet, og det er helt greit. Far slipper f\u00f8rst til n\u00e5r julelysene skal p\u00e5.<\/p>\n<p>\u2013 Du f\u00e5r bare lov til \u00e5 beholde \u00e9n julefilm, \u00e9n julekake, og ett pledd \u2013 hva velger du?<\/p>\n<p>\u2013 Da velger jeg meg to f\u00f8rste Hjemme alene-filmene. Det er morsom familiefilmer vi aldri blir lei. Jeg liker i utgangspunktet ikke t\u00f8rrbakst, men krumkake synes jeg smaker godt. Helst med litt krem i. Pledd bruker jeg ikke, fordi jeg har s\u00e5 god polstring rundt magen at jeg holder varmen av meg selv!<\/p>\n","protected":false},"excerpt":{"rendered":"\u2013 Hvilken julegave husker du best at du enten fikk eller ga, og hvorfor gjorde den s\u00e5 sterkt&hellip;\n","protected":false},"author":2,"featured_media":100063,"comment_status":"","ping_status":"","sticky":false,"template":"","format":"standard","meta":{"footnotes":""},"categories":[12],"tags":[36,619,20,21,24,25,15,12754,12755,22,23,13,30,28,29,14,16,1510,26,27,42,43,44,45],"class_list":{"0":"post-100062","1":"post","2":"type-post","3":"status-publish","4":"format-standard","5":"has-post-thumbnail","7":"category-verden","8":"tag-art","9":"tag-aurskog","10":"tag-breaking-news","11":"tag-breakingnews","12":"tag-featured-news","13":"tag-featurednews","14":"tag-headlines","15":"tag-juleprat","16":"tag-juletradisjoner","17":"tag-latest-news","18":"tag-latestnews","19":"tag-news","20":"tag-no","21":"tag-norge","22":"tag-norway","23":"tag-nyheter","24":"tag-overskrifter","25":"tag-story","26":"tag-top-stories","27":"tag-topstories","28":"tag-verden","29":"tag-world","30":"tag-world-news","31":"tag-worldnews"},"share_on_mastodon":{"url":"https:\/\/pubeurope.com\/@no\/115633772748760781","error":""},"_links":{"self":[{"href":"https:\/\/www.europesays.com\/no\/wp-json\/wp\/v2\/posts\/100062","targetHints":{"allow":["GET"]}}],"collection":[{"href":"https:\/\/www.europesays.com\/no\/wp-json\/wp\/v2\/posts"}],"about":[{"href":"https:\/\/www.europesays.com\/no\/wp-json\/wp\/v2\/types\/post"}],"author":[{"embeddable":true,"href":"https:\/\/www.europesays.com\/no\/wp-json\/wp\/v2\/users\/2"}],"replies":[{"embeddable":true,"href":"https:\/\/www.europesays.com\/no\/wp-json\/wp\/v2\/comments?post=100062"}],"version-history":[{"count":0,"href":"https:\/\/www.europesays.com\/no\/wp-json\/wp\/v2\/posts\/100062\/revisions"}],"wp:featuredmedia":[{"embeddable":true,"href":"https:\/\/www.europesays.com\/no\/wp-json\/wp\/v2\/media\/100063"}],"wp:attachment":[{"href":"https:\/\/www.europesays.com\/no\/wp-json\/wp\/v2\/media?parent=100062"}],"wp:term":[{"taxonomy":"category","embeddable":true,"href":"https:\/\/www.europesays.com\/no\/wp-json\/wp\/v2\/categories?post=100062"},{"taxonomy":"post_tag","embeddable":true,"href":"https:\/\/www.europesays.com\/no\/wp-json\/wp\/v2\/tags?post=100062"}],"curies":[{"name":"wp","href":"https:\/\/api.w.org\/{rel}","templated":true}]}}