{"id":100064,"date":"2025-11-29T15:48:10","date_gmt":"2025-11-29T15:48:10","guid":{"rendered":"https:\/\/www.europesays.com\/no\/100064\/"},"modified":"2025-11-29T15:48:10","modified_gmt":"2025-11-29T15:48:10","slug":"eu-norge-norge-og-eu-lagspilleren-som-star-utenfor-banen","status":"publish","type":"post","link":"https:\/\/www.europesays.com\/no\/100064\/","title":{"rendered":"EU, Norge | Norge og EU: Lagspilleren som st\u00e5r utenfor banen"},"content":{"rendered":"\n<p><b>Kj\u00e6re statsminister: <\/b>Utfordringene hoper seg opp, og Europa st\u00e5lsetter seg. Ting skjer fort n\u00e5, og tid kan v\u00e6re en begrenset ressurs. Vi trenger din ledelse i europadebatten.<\/p>\n<p><b>Les ogs\u00e5 Anders Magnus: <a rel=\"Follow nofollow noopener\" href=\"https:\/\/www.nettavisen.no\/norsk-debatt\/donald-trump-vladimir-putin-sant\/o\/5-95-2743478\" target=\"_blank\">Trump + Putin = sant<\/a><\/b><\/p>\n<p>Nato-konkurrenten<\/p>\n<p>Vekslende regjeringer har lenge erkjent hvilken betydning europeisk samarbeid har og kan f\u00e5 for v\u00e5r sikkerhet. Derfor har det blitt jobbet hardt i kulissene for \u00e5 f\u00e5 oss tettere p\u00e5 EUs sikkerhets- og forsvarspolitikk.<\/p>\n<p><b>Bare ikke hardt nok. <\/b><\/p>\n<p>Maastricht-traktaten som etablerte Den europeiske union (EU) i 1993 hadde de f\u00f8rste f\u00f8ringene for en felles utenriks- og sikkerhetspolitikk. Seks \u00e5r senere ble forsvarssamarbeidet formalisert, og forsvarsalliansen <a href=\"https:\/\/snl.no\/Vesteuropeiske_union\" rel=\"Follow nofollow noopener\" target=\"_blank\">Vesteuropeiske union<\/a> (VEU) ble innlemmet i EU.<\/p>\n<p><b>Hva mange trolig ikke vet eller reflekterer over, er at Norge kun et par m\u00e5neder etter at folket for andre gang hadde stemt nei til EU-medlemskap, ble assosiert medlem av EU-tilknyttede VEU. <\/b><\/p>\n<p>Dette til tross for at VEU p\u00e5 den tiden ble oppfattet som en Nato-konkurrent.<\/p>\n<p>VEU-assosiasjonen sikret oss retten til \u00e5 delta i EU-ledede milit\u00e6re operasjoner, og vi deltok i tre slike; i Nord-Makedonia i 2003, i Bosnia- Hercegovina fra 2005 til 2008, og sist med en fregatt til Afrikas horn i 2009.<\/p>\n<p><b>Les ogs\u00e5: <a href=\"https:\/\/www.nettavisen.no\/norsk-debatt\/stopp-eu-toll-norge-ma-sla-tilbake\/o\/5-95-2745819\" rel=\"Follow nofollow noopener\" target=\"_blank\">Norge m\u00e5 slutte \u00e5 opptre som en r\u00e5varekoloni<\/a><\/b><\/p>\n<p>EUs eget forsvarsbyr\u00e5<\/p>\n<p>I 2004 etablerte EU et eget forsvarsbyr\u00e5 for \u00e5 bedre sine medlemmers forsvarskapasiteter \u2013 og Europas forsvarsevne.<\/p>\n<p><b>To \u00e5r senere inngikk vi en samarbeidsavtale med dette byr\u00e5et, hvor vi n\u00e5 deltar som en verdsatt samarbeidspartner i alt annet enn beslutningsprosessene. <\/b><\/p>\n<blockquote class=\"brick-c-kLSvcb theme-white\">\n<p class=\"blockquote-text\">Kj\u00e6re statsminister, du b\u00f8r vurdere \u00e5 komme lenger fram i skoene og peke ut en tryggest mulig vei inn i en usikker fremtid<\/p>\n<p>        Helge Arnli\n      <\/p><\/blockquote>\n<p>Samme \u00e5r formaliserte unionen et stridsgruppekonsept med sm\u00e5 milit\u00e6re avdelinger p\u00e5 h\u00f8y beredskap. Ogs\u00e5 her ville vi delta, og s\u00f8kte oss inn i en fellesnordisk stridsgruppe.<\/p>\n<p><b>Med velvilje fra v\u00e5re naboer sto norske soldater p\u00e5 beredskap for EU ved tre anledninger fram til 2015. <\/b><\/p>\n<p>Russlands angrep p\u00e5 Ukraina i 2022 og gjenvalget av Donald J. Trump som president i USA tre \u00e5r senere satte fart i EUs sikkerhets- og forsvarspolitiske samarbeid, og ambisjonene \u00f8ker raskt.<\/p>\n<p><b>Les ogs\u00e5: <a href=\"https:\/\/www.nettavisen.no\/norsk-debatt\/norsk-soldat-derfor-frykter-jeg-trumps-fredsplan\/o\/5-95-2746777\" rel=\"Follow nofollow noopener\" target=\"_blank\">Jeg er klar for krig mot Russland<\/a><\/b><\/p>\n<p>Ukraina og europeiske forsvarsprodukter<\/p>\n<p>For knappe to \u00e5r siden kom EUs strategi for forsvarsindustrien med investeringsprogram og budsjett. Slik vil unionen sikre tilgangen p\u00e5 europeiske forsvarsprodukter og samarbeide med Ukraina om \u00e5 utvikle deres industri.<\/p>\n<p><b>Igjen forhandler vi om deltakelse. <\/b><\/p>\n<p>Et par m\u00e5neder senere, i mai 2024, inngikk vi en partnerskapsavtale med EU som sammenfatter og stadfester allerede p\u00e5g\u00e5ende samarbeid, og som peker ut veien videre.<\/p>\n<p>Som vist har varierende regjeringer jobbet hardt for \u00e5 f\u00e5 Norge s\u00e5 tett p\u00e5 unionen som politisk mulig.<\/p>\n<p><b>E\u00d8S-avtalen har gitt oss muligheten til deltakelse i EUs voksende forsvarsindustrielle \u00f8kosystem. <\/b><\/p>\n<p><b>Les ogs\u00e5: <a href=\"https:\/\/www.nettavisen.no\/nyheter\/fredssamtaler-mellom-russland-og-ukraina-i-abu-dhabi\/s\/5-95-2745549\" rel=\"Follow nofollow noopener\" target=\"_blank\">\u2013 Putin har allerede blod p\u00e5 hendene, og b\u00f8r ikke f\u00e5 blod p\u00e5 tann<\/a><\/b><\/p>\n<p>Norge: P\u00e5 utsiden av styrerommene<\/p>\n<p>Men, kj\u00e6re statsminister, vi er et lite geografisk utsatt utenforland p\u00e5 utsiden av styrerommene. Hva betyr dette for v\u00e5r sikkerhet?<\/p>\n<p>P\u00e5 samme m\u00e5te som vi st\u00e5r utenfor EUs tollunion og handelspolitikk, st\u00e5r vi utenfor sikkerhets- og forsvarspolitikken. Partnerskapsavtalen endrer ikke p\u00e5 det.<\/p>\n<p>EUs <a href=\"chrome-extension:\/\/efaidnbmnnnibpcajpcglclefindmkaj\/https:\/\/www.europarl.europa.eu\/meetdocs\/2009_2014\/documents\/sede\/dv\/sede200612mutualdefsolidarityclauses_\/sede200612mutualdefsolidarityclauses_en.pdf\" rel=\"Follow nofollow\">st\u00f8tte- og solidaritetsklausuler<\/a> i tilfelle v\u00e6pnet angrep eller naturlige og menneskeskapte katastrofer dekker ikke Norge.<\/p>\n<p><b>Det kan f\u00e5 st\u00f8rre konsekvenser enn tap av noen arbeidsplasser. <\/b><\/p>\n<p><b>Les ogs\u00e5: <a href=\"https:\/\/www.nettavisen.no\/okonomi\/eu-innforer-toll-pa-jernlegeringer-norge-rammes\/s\/5-95-2734227\" rel=\"Follow nofollow noopener\" target=\"_blank\">EU innf\u00f8rer toll p\u00e5 jernlegeringer \u2013 Norge rammes<\/a><\/b><\/p>\n<p>Nato er plan A \u2013 plan B er blitt mer h\u00e5ndfast<\/p>\n<p>Ting skjer raskt n\u00e5. EUs milit\u00e6re m\u00e5lsettinger \u00f8ker kraftig. Ja, Nato er \u00e5penbart plan A, men plan B har blitt mer h\u00e5ndfast.<\/p>\n<p>Washington synes \u00e5 st\u00f8tte dette helhjertet. Gjerne som en selvstendig komponent av plan A.<\/p>\n<p>Europa m\u00e5 ta ansvar for egen sikkerhet.<\/p>\n<p>   <img decoding=\"async\" width=\"1636\" height=\"920\" fetchpriority=\"low\"  loading=\"lazy\"  src=\"https:\/\/www.europesays.com\/no\/wp-content\/uploads\/2025\/11\/Helge+Arnli%2C+sikkerhetspolitisk+r%C3%A5dgiver+i+Europabevegelsen+169.jpg\" alt=\"\" class=\"brick-c-cFOWSL\" style=\"--brick-image-ratio: 1636 \/ 920;\"\/><\/p>\n<p>      Helge Arnli, sikkerhetspolitisk r\u00e5dgiver i Europabevegelsen.<br \/>\n      Foto: Europabevegelsen\n    <\/p>\n<p><b>Tidligere i h\u00f8st formulerte Europakommisjonen unionens ambisjoner i fire <a href=\"chrome-extension:\/\/efaidnbmnnnibpcajpcglclefindmkaj\/https:\/\/defence-industry-space.ec.europa.eu\/document\/download\/b97e2ffb-4008-463d-bae7-e0ef519847af_en?filename=15102025_Readiness2030_FactsheetSPP_0.pdf\" rel=\"Follow nofollow\">flaggskipsprosjekter <\/a>med korte tidsfrister:<\/b> Dronemuren \u00abEuropean Drone Defence Initiative\u00bb innen 2027 som del av flankesikringen \u00abEastern Flank Watch\u00bb innen 2028, samt luftforsvarsskjoldet \u00abEuropean Air Shield\u00bb og romskjoldet \u00abDefence Space Shield\u00bb.<\/p>\n<p>Det er ikke lenge siden en slik utvikling ble ansett som n\u00e6r utenkelig. N\u00e5 bidrar store EU-land som Tyskland substansielt til m\u00e5loppn\u00e5elsen.<\/p>\n<p>Modernisering av milit\u00e6re styrker<\/p>\n<p>\u00d8konomisk underst\u00f8ttes snuoperasjonen av en pakke p\u00e5 opp mot 800 milliarder euro fra medlemslandene, hvorav 150 milliarder gjennom finansieringsinstrumentet <a href=\"https:\/\/defence-industry-space.ec.europa.eu\/eu-defence-industry\/safe-security-action-europe_en\" rel=\"Follow nofollow noopener\" target=\"_blank\">\u00abSecurity Action for Europe \u2013 SAFE\u00bb<\/a>.<\/p>\n<p>Etter f\u00e5 m\u00e5neder har 19 medlemsland <a href=\"https:\/\/www.eunews.it\/en\/2025\/08\/29\/von-der-leyen-150-billion-safe-plan-has-been-fully-subscribed\/\" rel=\"Follow nofollow noopener\" target=\"_blank\">fulltegnet <\/a>SAFE, og f\u00e5r hjelp til \u00e5 modernisere sine milit\u00e6re styrker.<\/p>\n<p>Det EU jobber med n\u00e5, er \u00e5 oppn\u00e5 tilstrekkelig milit\u00e6r beredskap innen 2030 for \u00e5 avskrekke. Og hvis det ikke lykkes, motst\u00e5 russisk aggresjon.<\/p>\n<p><b>EU \u00f8nsker med andre ord \u00e5 ivareta kontinentets sikkerhet, noe USA \u00f8nsker velkommen. <\/b><\/p>\n<p>De siste ukenes demonstrerte begrensninger i E\u00d8S-avtalen truer ikke norsk sikkerhet, men det kan fort neste nederlag gj\u00f8re.<\/p>\n<p>Hvor risikovillig b\u00f8r en ressursrik liten randstat tett opptil Russland v\u00e6re?<\/p>\n<p>Selv under antakelsen om en favorisert Nato-posisjon og varig amerikansk gunst?<\/p>\n<p><b>Kj\u00e6re statsminister, du b\u00f8r vurdere \u00e5 komme lenger fram i skoene og peke ut en tryggest mulig vei inn i en usikker fremtid.<\/b><\/p>\n","protected":false},"excerpt":{"rendered":"Kj\u00e6re statsminister: Utfordringene hoper seg opp, og Europa st\u00e5lsetter seg. Ting skjer fort n\u00e5, og tid kan v\u00e6re&hellip;\n","protected":false},"author":2,"featured_media":100065,"comment_status":"","ping_status":"","sticky":false,"template":"","format":"standard","meta":{"footnotes":""},"categories":[10],"tags":[20,21,24,25,15,22,23,13,30,28,29,14,16,26,27],"class_list":{"0":"post-100064","1":"post","2":"type-post","3":"status-publish","4":"format-standard","5":"has-post-thumbnail","7":"category-norge","8":"tag-breaking-news","9":"tag-breakingnews","10":"tag-featured-news","11":"tag-featurednews","12":"tag-headlines","13":"tag-latest-news","14":"tag-latestnews","15":"tag-news","16":"tag-no","17":"tag-norge","18":"tag-norway","19":"tag-nyheter","20":"tag-overskrifter","21":"tag-top-stories","22":"tag-topstories"},"share_on_mastodon":{"url":"https:\/\/pubeurope.com\/@no\/115633776616638294","error":""},"_links":{"self":[{"href":"https:\/\/www.europesays.com\/no\/wp-json\/wp\/v2\/posts\/100064","targetHints":{"allow":["GET"]}}],"collection":[{"href":"https:\/\/www.europesays.com\/no\/wp-json\/wp\/v2\/posts"}],"about":[{"href":"https:\/\/www.europesays.com\/no\/wp-json\/wp\/v2\/types\/post"}],"author":[{"embeddable":true,"href":"https:\/\/www.europesays.com\/no\/wp-json\/wp\/v2\/users\/2"}],"replies":[{"embeddable":true,"href":"https:\/\/www.europesays.com\/no\/wp-json\/wp\/v2\/comments?post=100064"}],"version-history":[{"count":0,"href":"https:\/\/www.europesays.com\/no\/wp-json\/wp\/v2\/posts\/100064\/revisions"}],"wp:featuredmedia":[{"embeddable":true,"href":"https:\/\/www.europesays.com\/no\/wp-json\/wp\/v2\/media\/100065"}],"wp:attachment":[{"href":"https:\/\/www.europesays.com\/no\/wp-json\/wp\/v2\/media?parent=100064"}],"wp:term":[{"taxonomy":"category","embeddable":true,"href":"https:\/\/www.europesays.com\/no\/wp-json\/wp\/v2\/categories?post=100064"},{"taxonomy":"post_tag","embeddable":true,"href":"https:\/\/www.europesays.com\/no\/wp-json\/wp\/v2\/tags?post=100064"}],"curies":[{"name":"wp","href":"https:\/\/api.w.org\/{rel}","templated":true}]}}