{"id":100066,"date":"2025-11-29T15:49:07","date_gmt":"2025-11-29T15:49:07","guid":{"rendered":"https:\/\/www.europesays.com\/no\/100066\/"},"modified":"2025-11-29T15:49:07","modified_gmt":"2025-11-29T15:49:07","slug":"budsjettforhandlingane-held-fram-nrk-norge-oversikt-over-nyheter-fra-ulike-deler-av-landet","status":"publish","type":"post","link":"https:\/\/www.europesays.com\/no\/100066\/","title":{"rendered":"Budsjettforhandlingane held fram \u2013 NRK Norge \u2013 Oversikt over nyheter fra ulike deler av landet"},"content":{"rendered":"<p>Saka oppsummert:<\/p>\n<ul>\n<li>MDG har trekt seg fr\u00e5 budsjettforhandlingane p\u00e5 Stortinget grunna manglande gjennomslag for klima- og solidaritetstiltak.<\/li>\n<li>Hermstad seier at regjeringa ikkje har levert eit budsjett som tar vare p\u00e5 kloden for framtidige generasjonar.<\/li>\n<li>Brotet kan f\u00f8re til regjeringskrise, men Hermstad understrekar at MDG ikkje har stilt eit ultimatum.<\/li>\n<li>Arbeidarpartiet, Senterpartiet, SV og Raudt held fram forhandlingane med m\u00e5l om \u00e5 lande ein avtale innan s\u00f8ndag.<\/li>\n<\/ul>\n<p>Oppsummeringa er laga av ei KI-teneste fr\u00e5 OpenAI. Innhaldet er kvalitetssikra av NRK sine journalistar f\u00f8r publisering.<\/p>\n<p>Laurdag ettermiddag held MGD ein pressekonferanse, etter at partiet forl\u00e8t statsbudsjettet.<\/p>\n<p><strong>\u2013 Vi har alts\u00e5 forlate forhandlingane, og det betyr at St\u00f8re no kan kaste landet ut i ein regjeringskrise, seier MDG-leiar Arild Hermstad.<\/strong><\/p>\n<p>Han legg til:<\/p>\n<p>\u2013 Han har ikkje nytta sjansen til \u00e5 lage eit budsjett som tar vare p\u00e5 kloden for dei som kjem etter oss.<\/p>\n<p>Meiner at dei ikkje godkjenne ein avtale som aukar utsleppa<\/p>\n<p>\u2013 Vi kan ikkje setje v\u00e5rt godkjenningsstempel og stemme for ei budsjettsameining som svekker klimapolitikken i Noreg, der utsleppa alts\u00e5 g\u00e5r opp etter at vi har sete i eit rom og forhandla om ei budsjettsameining.<\/p>\n<p>Hermstad seier at klima solidaritet og fattigdom har vore viktig i forhandlingane.<\/p>\n<p>\u2013 Men til slutt g\u00e5r det ei grense for kva vi kan vere med p\u00e5. Den grensa n\u00e5dde vi. Den blei enda meir tydeleg i dag,<\/p>\n<p>Han la til:<\/p>\n<p>\u2013 St\u00f8re har telefonnummeret mitt.\n<\/p>\n<p><img decoding=\"async\"   src=\"data:image\/gif;base64,R0lGODlhAQABAIAAAAAAAP\/\/\/yH5BAEAAAAALAAAAAABAAEAAAIBRAA7\" loading=\"eager\" alt=\"To menn st\u00e5r i en heis. Den ene st\u00e5r med armen i kors, den andre ser bort. Heisens vegger er metalliske, og det er en glassd\u00f8r bak dem. Omgivelsene tyder p\u00e5 en moderne bygning.\" title=\"Foto: Jonas Been Henriksen \/ NTB\"\/><\/p>\n<p class=\"\">Tidlegare laurdag ettermiddag drog Hermstad fr\u00e5 forhandlingane etter usemje med regjeringa.<\/p>\n<p>Foto: Jonas Been Henriksen \/ NTB<\/p>\n<p>F\u00f8lg utviklinga med statsbudsjettet her:<\/p>\n<p>Braut forhandlingane<\/p>\n<p>\u2013 Vi er ute av disse forhandlingane. Avstanden er for stor.<\/p>\n<p>Det sa Arild Hermstad til NRK rundt klokka 15.30 laurdag ettermiddag.<\/p>\n<p><strong>Han vil ikkje g\u00e5 konkret inn p\u00e5 kva som dei er ueinige med regjeringa om, men peikar p\u00e5 tema som klima, milj\u00f8 og solidaritet.<\/strong><\/p>\n<p>\u2013 Vi opplever at nesten ingenting blir igjen av det vi \u00f8nsker. Det er for mange kamelar \u00e5 svelge, og det er d\u00e5rleg for klima.<\/p>\n<p>Hermstad understrekar at partiet ikkje har stilt ultimatum eller urimelege krav.<\/p>\n<p>Han meiner dei har vore villige til \u00e5 gi mykje undervegs.<\/p>\n<p>\u2013 Utsleppa har til og med g\u00e5tt opp i l\u00f8pet av forhandlingane.\n<\/p>\n<p><img decoding=\"async\"   src=\"data:image\/gif;base64,R0lGODlhAQABAIAAAAAAAP\/\/\/yH5BAEAAAAALAAAAAABAAEAAAIBRAA7\" loading=\"eager\" alt=\"\" title=\"Foto: Jonas Been Henriksen \/ NTB\"\/><\/p>\n<p class=\"\">MDG-leiar Arild Hermstad svarer p\u00e5 sp\u00f8rsm\u00e5l fr\u00e5 pressa.<\/p>\n<p>Foto: Jonas Been Henriksen \/ NTB<\/p>\n<p><strong>P\u00e5 sp\u00f8rsm\u00e5l om brotet i forhandlingane kan f\u00f8re til ein regjeringskrise, svarer Hermstad:<\/strong><\/p>\n<p><strong>\u2013 Det f\u00e5r vi sj\u00e5 viss det blir aktuelt.<\/strong><\/p>\n<p>\u2013 Min jobb er ikkje ferdig f\u00f8r vi har fleirtal for budsjettet, seier Tuva Moflag (Ap), finanspolitisk talsperson og leiar for budsjettforhandlingane.\n<\/p>\n<p><img decoding=\"async\"   src=\"data:image\/gif;base64,R0lGODlhAQABAIAAAAAAAP\/\/\/yH5BAEAAAAALAAAAAABAAEAAAIBRAA7\" loading=\"eager\" alt=\"To personer st\u00e5r i en korridor, hvor en av dem holder en mikrofon. Den ene personen har kr\u00f8llet h\u00e5r og b\u00e6rer en gr\u00e5 genser. Den andre personen i sort bluse ser ut til \u00e5 stille sp\u00f8rsm\u00e5l. Omgivelsene har tre d\u00f8rer og et vindu i bakgrunnen.\" title=\"Foto: Jonas Been Henriksen \/ NTB\"\/><\/p>\n<p class=\"\">Tuva Moflag\u00a0(Ap)<\/p>\n<p>Foto: Jonas Been Henriksen \/ NTB<\/p>\n<p>\u2013 Vi jobbar vidare, seier Kirsti Bergst\u00f8, leiar i SV.<\/p>\n<p>Ho vil ikkje kommentere at MDG har trekt seg fr\u00e5 forhandlingane.<\/p>\n<p>P\u00e5 sp\u00f8rsm\u00e5l om Palestina svarer Bergst\u00f8 at det f\u00e5r kome fram n\u00e5r forhandlingane er ferdige.\n<\/p>\n<p><img decoding=\"async\"   src=\"data:image\/gif;base64,R0lGODlhAQABAIAAAAAAAP\/\/\/yH5BAEAAAAALAAAAAABAAEAAAIBRAA7\" loading=\"eager\" alt=\"To personer g\u00e5r ned en trapp i en bygning. En kvinne i svart klede ser fremover, mens en mann st\u00e5r ved siden av henne. Omgivelsene viser en enkel trapperomsdesign med lys vegg og en d\u00f8r i bakgrunnen. Belysningen kommer fra takbelysning og et kamera som er rettet mot dem.\" title=\"Foto: Jonas Been Henriksen \/ NTB\"\/><\/p>\n<p class=\"\">Kirsti Bergst\u00f8, leiar i SV.<\/p>\n<p>Foto: Jonas Been Henriksen \/ NTB<\/p>\n<p>Kom tilbake etter pause<\/p>\n<p>Fredag ettermiddag tok MDG pause fr\u00e5 forhandlingane, ettersom dei ikkje opplevde at <a href=\"https:\/\/www.nrk.no\/nyheter\/1.17671720\" ec-id=\"pp:article:1.17671720\" ec-name=\"Arbeidarpartiet m\u00f8tte dei p\u00e5 klima og solidaritet\" rel=\"nofollow noopener\" target=\"_blank\">Arbeidarpartiet m\u00f8tte dei p\u00e5 klima og solidaritet<\/a>.<\/p>\n<p>Laurdag morgon stadfesta MDG-politikar Sindre Buchanan overfor NRK at dei framleis var p\u00e5 forhandlingspause.<\/p>\n<p><strong>Ved 11-tida laurdag formiddag var partileiar Hermstad p\u00e5 plass p\u00e5 Stortinget.<\/strong><\/p>\n<p>\u2013 Pausen er midlertidig over, seier Hermstad p\u00e5 veg inn i forhandlingsrommet.<\/p>\n<p><img decoding=\"async\"   src=\"data:image\/gif;base64,R0lGODlhAQABAIAAAAAAAP\/\/\/yH5BAEAAAAALAAAAAABAAEAAAIBRAA7\" loading=\"eager\" alt=\"En mann i dress g\u00e5r ut av et rom med en bakervarer. To personer st\u00e5r n\u00e6r d\u00f8ren. Omgivelsene er kontoraktige, med hyller og en tapetsert vegg.\" title=\"Foto: Jonas Been Henriksen \/ NTB\"\/><\/p>\n<p class=\"\">Hermstad kom tilbake til forhandlingane ved 11-tida laurdag.<\/p>\n<p>Foto: Jonas Been Henriksen \/ NTB<\/p>\n<p>I 13-tida kom Hermstad ut fr\u00e5 forhandlingane.<\/p>\n<p><strong>D\u00e5 sa han at \u00abdet skal mykje til\u00bb for at forhandlingane blir ferdig i l\u00f8pet av laurdagen.<\/strong><\/p>\n<p>SV tok i likskap med MDG pause fr\u00e5 forhandlingane fredag kveld.<\/p>\n<p>\u2013 Vi skal inn og sj\u00e5 kva som ligg p\u00e5 bordet og jobbe godt utover dagen i h\u00e5p om \u00e5 lande ein avtale som er bra for landet og alle, sa Bergst\u00f8 til NRK.<\/p>\n<p><strong>\u2013 Vi jobbar til vi er i m\u00e5l. Ingen avtale er signert f\u00f8r vi er n\u00f8gd, legg ho til f\u00f8r ho g\u00e5r inn i forhandlingsrommet.<\/strong><\/p>\n<p><img decoding=\"async\"   src=\"data:image\/gif;base64,R0lGODlhAQABAIAAAAAAAP\/\/\/yH5BAEAAAAALAAAAAABAAEAAAIBRAA7\" loading=\"eager\" alt=\"En kvinne med lyst h\u00e5r g\u00e5r mot en d\u00f8r, mens en mann g\u00e5r ut av rommet. Det er d\u00f8rer med nummer og en enkel gang i bakgrunnen. Kvinnen b\u00e6rer en mikrofon fra en TV-kanal. Milj\u00f8et ser ut til \u00e5 v\u00e6re et offentlig bygg, som en rettssal.\" title=\"Foto: Jonas Been Henriksen \/ NTB\"\/><\/p>\n<p class=\"\">SV er tilbake ved forhandlingsbordet. <\/p>\n<p>Foto: Jonas Been Henriksen \/ NTB<\/p>\n<p>Kort tidsfrist<\/p>\n<p>Arbeidarpartiet forhandlar med Senterpartiet, SV, Milj\u00f8partiet dei Gr\u00f8ne og Raudt, det har g\u00e5tt f\u00f8re seg dei siste to vekene.<\/p>\n<p><strong>Siste frist for \u00e5 levere eit felles budsjett er s\u00f8ndag.<\/strong><\/p>\n<p>Det var tilbake i oktober at regjeringa la fram sitt forslag til statsbudsjett for 2026.<\/p>\n<p>Parlamentarisk leiar Tonje Brenna (Ap) opplyser til NRK at dei pr\u00f8ver \u00e5 komme i m\u00e5l med forhandlingane \u00abs\u00e5 raskt dei kan\u00bb.<\/p>\n<p>Raudt-leiar Marie Sneve Martinussen seier at det er \u00abp\u00e5 tide \u00e5 snakke saman\u00bb.<\/p>\n<p>Martinussen vil ikkje seie noko om dei har f\u00e5tt gjennomslag for sin Palestina-politikk.<\/p>\n<p>\u2013 Ingenting er klart f\u00f8r alt er klart, la ho til.<\/p>\n<p>    Dette m\u00e5 du vite om budsjettkonflikten <\/p>\n<ul aria-labelledby=\"f18e8b9b-105b-4a92-aee7-e497c8d2cca4\" role=\"list\">\n<li>Hva har skjedd?\n<p>Arbeiderpartiet foreslo \u00e5 kutte i ordningene for gratis ferge og sletting av studiel\u00e5n i statsbudsjettet for 2026. <\/p>\n<p><strong>Det gjorde partiet til tross for at de under valgkampen i sommer lovte at ordningene skulle fortsette.<\/strong><\/p>\n<p>Ordningen for sletting av studiegjeld ble redusert fra 189 kommuner, til 88, i forslaget fra Ap. <\/p>\n<p>Det fikk samarbeidspartiene Senterpartiet og SV til \u00e5 reagere. Flere politikere \u2013 b\u00e5de p\u00e5 venstre- og h\u00f8yresiden \u2013 anklagde Arbeiderpartiet for \u00e5 lyve til velgerne.  <\/p>\n<p><strong>Sp-leder Trygve Slagsvold Vedum sa at partiet hans ikke ville forhandle om statsbudsjett f\u00f8r Ap la gratis ferge og gjeldsletting tilbake i budsjettet.<\/strong><\/p>\n<\/li>\n<li>Hvordan svarte Ap?\n<p>Statsminister Jonas Gahr St\u00f8re mente partiet ikke hadde l\u00f8yet til velgerne. <\/p>\n<p><strong>Han forklarte situasjonen med at partiet gjorde en feil i hvordan de kommuniserte under valgkampen.<\/strong><\/p>\n<p>B\u00e5de St\u00f8re og flere politikere fra Ap beklaget likevel at de hevdet under valgkampen at gratis ferge og l\u00e5nsletting skulle fortsette med en Ap-regjering. <\/p>\n<p><strong>Etter sterk kritikk la Arbeiderpartiet gratis ferge og kutt av studiel\u00e5n inn igjen i deres forslag til statsbudsjett.<\/strong><\/p>\n<p>Finanspolitisk talsperson for Arbeiderpartiet, Tuva Moflag, sa til NRK at alle typer utdanningsgjeld skal kunne slettes i det nye forslaget, og at man kunne f\u00e5 slettet gjelden helt til den var borte. <\/p>\n<p>Antall kommuner der ordningen skal gjelde ble \u00f8kt tilbake til 189. <\/p>\n<\/li>\n<li>Hva skjer videre?\n<p>I l\u00f8pet av h\u00f8sten skal partiene p\u00e5 Stortinget samles for \u00e5 forhandle om statsbudsjettet. <\/p>\n<p>Det gjelder f\u00f8rst og fremst Arbeiderpartiet og partiene p\u00e5 venstresiden \u2013 Senterpartiet, SV, MDG og R\u00f8dt. <\/p>\n<p>SV har sagt at hvis Arbeiderpartiet gir etter for Sps krav, m\u00e5 de ogs\u00e5 etterkomme SVs krav \u2013 blant annet om \u00f8kt barnetrygd.<\/p>\n<p><strong>Flere politikere mener samtidig at budsjettproblemene er et tegn p\u00e5 en regjering som er for sentrert rundt Oslo.<\/strong><\/p>\n<p>\u2013 Ap-regjeringen er enormt sentrert rundt Oslo. Kutting av gratis ferger langs kysten og fjerning eller utradering av ordningen med sletting av studiegjeld i 189 kommuner er klare bevis p\u00e5 dette, mener Trygve Slagsvold Vedum (Sp). <\/p>\n<p>\u2013 Jeg m\u00e5 v\u00e6re \u00e6rlig og si at jeg forst\u00e5r at mange vestlendinger f\u00f8ler seg oversett av dagens regjering, sa H\u00f8yre-leder Erna Solberg. <\/p>\n<\/li>\n<\/ul>\n<p>Publisert<\/p>\n<p>29.11.2025, kl. 10.30<\/p>\n<p>Oppdatert<\/p>\n<p>29.11.2025, kl. 16.42<\/p>\n","protected":false},"excerpt":{"rendered":"Saka oppsummert: MDG har trekt seg fr\u00e5 budsjettforhandlingane p\u00e5 Stortinget grunna manglande gjennomslag for klima- og solidaritetstiltak. Hermstad&hellip;\n","protected":false},"author":2,"featured_media":100067,"comment_status":"","ping_status":"","sticky":false,"template":"","format":"standard","meta":{"footnotes":""},"categories":[5],"tags":[20,21,24,25,15,19,22,23,17,18,13,30,28,29,14,16,26,27],"class_list":{"0":"post-100066","1":"post","2":"type-post","3":"status-publish","4":"format-standard","5":"has-post-thumbnail","7":"category-overskrifter","8":"tag-breaking-news","9":"tag-breakingnews","10":"tag-featured-news","11":"tag-featurednews","12":"tag-headlines","13":"tag-hovedoppslag","14":"tag-latest-news","15":"tag-latestnews","16":"tag-main-news","17":"tag-mainnews","18":"tag-news","19":"tag-no","20":"tag-norge","21":"tag-norway","22":"tag-nyheter","23":"tag-overskrifter","24":"tag-top-stories","25":"tag-topstories"},"share_on_mastodon":{"url":"https:\/\/pubeurope.com\/@no\/115633780345920321","error":""},"_links":{"self":[{"href":"https:\/\/www.europesays.com\/no\/wp-json\/wp\/v2\/posts\/100066","targetHints":{"allow":["GET"]}}],"collection":[{"href":"https:\/\/www.europesays.com\/no\/wp-json\/wp\/v2\/posts"}],"about":[{"href":"https:\/\/www.europesays.com\/no\/wp-json\/wp\/v2\/types\/post"}],"author":[{"embeddable":true,"href":"https:\/\/www.europesays.com\/no\/wp-json\/wp\/v2\/users\/2"}],"replies":[{"embeddable":true,"href":"https:\/\/www.europesays.com\/no\/wp-json\/wp\/v2\/comments?post=100066"}],"version-history":[{"count":0,"href":"https:\/\/www.europesays.com\/no\/wp-json\/wp\/v2\/posts\/100066\/revisions"}],"wp:featuredmedia":[{"embeddable":true,"href":"https:\/\/www.europesays.com\/no\/wp-json\/wp\/v2\/media\/100067"}],"wp:attachment":[{"href":"https:\/\/www.europesays.com\/no\/wp-json\/wp\/v2\/media?parent=100066"}],"wp:term":[{"taxonomy":"category","embeddable":true,"href":"https:\/\/www.europesays.com\/no\/wp-json\/wp\/v2\/categories?post=100066"},{"taxonomy":"post_tag","embeddable":true,"href":"https:\/\/www.europesays.com\/no\/wp-json\/wp\/v2\/tags?post=100066"}],"curies":[{"name":"wp","href":"https:\/\/api.w.org\/{rel}","templated":true}]}}