{"id":100068,"date":"2025-11-29T15:57:08","date_gmt":"2025-11-29T15:57:08","guid":{"rendered":"https:\/\/www.europesays.com\/no\/100068\/"},"modified":"2025-11-29T15:57:08","modified_gmt":"2025-11-29T15:57:08","slug":"vaer-vind-na-kommer-vinden-kan-skape-problemer-nordlys","status":"publish","type":"post","link":"https:\/\/www.europesays.com\/no\/100068\/","title":{"rendered":"V\u00e6r, Vind | N\u00e5 kommer vinden: \u2013 Kan skape problemer &#8211; Nordlys"},"content":{"rendered":"<ol>\n<li><a href=\"https:\/\/news.google.com\/rss\/articles\/CBMif0FVX3lxTE5NWlI4Z2tDRjVmZzQ1RWRRT3F4N2RvUlJVdGE5UXN4c2RrOHAzbUFDbzdlSVJJVWlCQW93SnBtNW9heUxBeDRYYlRkeGpFS3BReHdnNThGcy01ZWdnaEl1WUxadU8ycm5pc1kyXzd5amFRRHBwX0ozZUltWnNiWkE?oc=5\" target=\"_blank\" rel=\"nofollow noopener\">V\u00e6r, Vind | N\u00e5 kommer vinden: \u2013 Kan skape problemer<\/a>&nbsp;&nbsp;Nordlys<\/li>\n<li><a href=\"https:\/\/news.google.com\/rss\/articles\/CBMifEFVX3lxTFBsMEs5ZTIyTDE3SXNuRU14RjcyTEVrOGdpU2hQNm11OC11d3k4U2ltVlpITm5Xa21LR2VqX1JEYm00NHJMaldkaUEtRE1EalpJc2s3NHE4T2NiNExEWWR3aEItRHpLUUluaXRCYXJuUVFrNUE0Q3FOVkNlamc?oc=5\" target=\"_blank\" rel=\"nofollow noopener\">V\u00e6r, Vervarslinga i Nord | Meteorologen advarer: \u2013 Det vil v\u00e6re veldig br\u00e5 endring<\/a>&nbsp;&nbsp;Avisa Nordland<\/li>\n<li><a href=\"https:\/\/news.google.com\/rss\/articles\/CBMilwFBVV95cUxPeUF2aUdEXzNOQVZiLWRPMEsxWUNDNHI3bDR4UlhzN0JyYklpdXNTaWtsc09iQ3d6NDJpN1ZkUWQ0YkMtZXg2UlZzdmQ5TmlsX1RhOG12a0JPOXNLLXhWQzFIa3dTQWlhNnJDY3RORzZTNW51YjRmRzEtZ1M2SXVJWWxvLXM0dW5IWjUxbXBvdGlja25jNW5j?oc=5\" target=\"_blank\" rel=\"nofollow noopener\">Farevarsel, V\u00e6r | Uv\u00e6r er p\u00e5 vei: Kraftige vindkast utover ettermiddagen<\/a>&nbsp;&nbsp;Fremover<\/li>\n<li><a href=\"https:\/\/news.google.com\/rss\/articles\/CBMigAFBVV95cUxPbEVHcGFUbVpQWGhQWmtGSUNsNVZpaGJZODdzbVAyZi1QU3JHWXRoczFlOUpURnljMWlicE9pLTgxZFlweEpYM3h1YVNRZ1lnVmc5dmlSSTNIalZOblpmbzNXUkZmZW5TWUx6Y2hzTVRjS3huQUNVMHR4dHFvRjVDcQ?oc=5\" target=\"_blank\" rel=\"nofollow noopener\">Wider\u00f8e om v\u00e6ret: \u2013 F\u00f8lger n\u00f8ye med<\/a>&nbsp;&nbsp;NRK<\/li>\n<li><a href=\"https:\/\/news.google.com\/rss\/articles\/CBMidEFVX3lxTE04bUJRTl9tdUwtNFlncFFTS3RkZGpaZXBUTFpmRHNqSm4zZlV4S1U3LVJSdXdXdE5zX0lUSE5NR2tNQklWOEpIZjhhaER5QUFiQW1kYlNfYldac1ZHZDBReHQwSXItaEl6bjZ6VFkwNU5ILUNP?oc=5\" target=\"_blank\" rel=\"nofollow noopener\">V\u00e6r, Uv\u00e6r | Uv\u00e6ret rammer trafikken: &#8211; Vinden kan \u00f8ke br\u00e5tt!<\/a>&nbsp;&nbsp;Lofotposten<\/li>\n<\/ol>\n","protected":false},"excerpt":{"rendered":"V\u00e6r, Vind | N\u00e5 kommer vinden: \u2013 Kan skape problemer&nbsp;&nbsp;Nordlys V\u00e6r, Vervarslinga i Nord | Meteorologen advarer: \u2013&hellip;\n","protected":false},"author":2,"featured_media":100069,"comment_status":"","ping_status":"","sticky":false,"template":"","format":"standard","meta":{"footnotes":""},"categories":[5],"tags":[20,21,24,25,15,19,22,23,17,18,13,30,28,29,14,16,26,27],"class_list":{"0":"post-100068","1":"post","2":"type-post","3":"status-publish","4":"format-standard","5":"has-post-thumbnail","7":"category-overskrifter","8":"tag-breaking-news","9":"tag-breakingnews","10":"tag-featured-news","11":"tag-featurednews","12":"tag-headlines","13":"tag-hovedoppslag","14":"tag-latest-news","15":"tag-latestnews","16":"tag-main-news","17":"tag-mainnews","18":"tag-news","19":"tag-no","20":"tag-norge","21":"tag-norway","22":"tag-nyheter","23":"tag-overskrifter","24":"tag-top-stories","25":"tag-topstories"},"share_on_mastodon":{"url":"https:\/\/pubeurope.com\/@no\/115633811820021024","error":""},"_links":{"self":[{"href":"https:\/\/www.europesays.com\/no\/wp-json\/wp\/v2\/posts\/100068","targetHints":{"allow":["GET"]}}],"collection":[{"href":"https:\/\/www.europesays.com\/no\/wp-json\/wp\/v2\/posts"}],"about":[{"href":"https:\/\/www.europesays.com\/no\/wp-json\/wp\/v2\/types\/post"}],"author":[{"embeddable":true,"href":"https:\/\/www.europesays.com\/no\/wp-json\/wp\/v2\/users\/2"}],"replies":[{"embeddable":true,"href":"https:\/\/www.europesays.com\/no\/wp-json\/wp\/v2\/comments?post=100068"}],"version-history":[{"count":0,"href":"https:\/\/www.europesays.com\/no\/wp-json\/wp\/v2\/posts\/100068\/revisions"}],"wp:featuredmedia":[{"embeddable":true,"href":"https:\/\/www.europesays.com\/no\/wp-json\/wp\/v2\/media\/100069"}],"wp:attachment":[{"href":"https:\/\/www.europesays.com\/no\/wp-json\/wp\/v2\/media?parent=100068"}],"wp:term":[{"taxonomy":"category","embeddable":true,"href":"https:\/\/www.europesays.com\/no\/wp-json\/wp\/v2\/categories?post=100068"},{"taxonomy":"post_tag","embeddable":true,"href":"https:\/\/www.europesays.com\/no\/wp-json\/wp\/v2\/tags?post=100068"}],"curies":[{"name":"wp","href":"https:\/\/api.w.org\/{rel}","templated":true}]}}