{"id":100074,"date":"2025-11-29T16:08:16","date_gmt":"2025-11-29T16:08:16","guid":{"rendered":"https:\/\/www.europesays.com\/no\/100074\/"},"modified":"2025-11-29T16:08:16","modified_gmt":"2025-11-29T16:08:16","slug":"stappfullt-helt-crazy","status":"publish","type":"post","link":"https:\/\/www.europesays.com\/no\/100074\/","title":{"rendered":"Stappfullt: &#8211; Helt crazy!"},"content":{"rendered":"<p class=\"kicker bg-cyan color_mobile_bg-cyan hasTextPadding mobile-hasTextPadding\" style=\"\">Black friday<\/p>\n<p>  Postnord tar grep for \u00e5 f\u00e5 kundene til \u00e5 hente pakkene sine s\u00e5 fort som mulig.<\/p>\n<p>\n    ENORME MENGDER: Butikkene opplever stor p\u00e5gang p\u00e5 b\u00e5de pakker og kunder som skal hente pakkene sine. Her fra Rema 1000 i L\u00f8renveien i Oslo l\u00f8rdag. Foto: Martin Kynningsrud St\u00f8rbu\n  <\/p>\n<p>    Kort fortalt<\/p>\n<p lang=\"nb-NO\">November har v\u00e6rt preget av store handlebegivenheter som har f\u00f8rt til \u00f8kt pakkevolum.<\/p>\n<p lang=\"nb-NO\">Posten og Postnord melder om betydelig flere pakker enn i fjor.<\/p>\n<p lang=\"nb-NO\">Postnord tilbyr gavekort for \u00e5 oppmuntre kundene til \u00e5 hente pakkene raskt.<\/p>\n<p lang=\"nb-NO\">Butikker opplever h\u00f8yt trykk og oppfordrer kunder til \u00e5 hente pakker for \u00e5 lette p\u00e5 plassmangelen.<\/p>\n<p class=\"italic ai-disclaimer\" data-lab-italic=\"italic\">Sammendraget er laget av ChatGPT og godkjent av DinSide.<\/p>\n<p>      Vis mer<br \/>\n      Vis mindre<\/p>\n<p>November har v\u00e6rt pakket med store handlebegivenheter,\u00a0med singles day, farsdag, black month, black week og black friday p\u00e5 l\u00f8pende b\u00e5nd, og mange har kj\u00f8pt en gave til seg selv eller andre denne m\u00e5neden.<\/p>\n<p>B\u00e5de Posten og Postnord melder om store pakkevolumer i f\u00f8rjulstida.<\/p>\n<p>        NY TAPPEKRAN: Flere har slitt med tappekrana p\u00e5 pappvinen i sommer. Vi har f\u00e5tt en oppklaring p\u00e5 hvordan den skal brukes. Video: Embla Hjort-Larsen. <\/p>\n<p>Godt i gang med julehandelen\t<\/p>\n<p>N\u00e5r DinSide snakker med Haakon Nikolai Olsen, pressesjef i Postnord, l\u00f8rdag formiddag, forteller han at de per n\u00e5 har 30 prosent h\u00f8yere pakkevolum enn p\u00e5 samme tid i fjor.<\/p>\n<p>&#8211; Vi forventer og har planlagt for at denne \u00f8kningen vil vare fram til jul, s\u00e5 vi har en del mer \u00e5 gj\u00f8re i \u00e5r, sier han.<\/p>\n<p>        <img loading=\"lazy\" decoding=\"async\" itemprop=\"image\" src=\"https:\/\/www.europesays.com\/no\/wp-content\/uploads\/2025\/11\/83916628.webp\" width=\"180\" height=\"180\" alt=\"&lt;br&gt;\u2b05 Haakon Nikolai Olsen\"\/><\/p>\n<p>\u2b05 Haakon Nikolai Olsen<br \/>\n            <br \/>\u2b05 Haakon Nikolai<br \/>\n            Olsen        <\/p>\n<p>Pressesjef i Postnord<\/p>\n<p>Kenneth Tj\u00f8nndal Pettersen, pressesjef i Posten, melder om\u00a0\u00abenorme pakkevolumer\u00bb s\u00e5 langt.<\/p>\n<p>&#8211; Det virker som mange kj\u00f8rer en\u00a0\u00absvart m\u00e5ned\u00bb og at salget var en lengre periode enn tidligere, og mye tyder p\u00e5 at nordmenn har startet julehandelen. Det er betydelig flere pakker enn p\u00e5 samme tid i fjor, forteller han til DinSide.<\/p>\n<p>        <img loading=\"lazy\" decoding=\"async\" itemprop=\"image\" src=\"https:\/\/www.europesays.com\/no\/wp-content\/uploads\/2025\/11\/83916635.webp\" width=\"180\" height=\"180\" alt=\"&lt;br&gt;\u2b05 Kenneth Tj\u00f8nndal Pettersen\"\/><\/p>\n<p>\u2b05 Kenneth Tj\u00f8nndal Pettersen<br \/>\n            <br \/>\u2b05 Kenneth Tj\u00f8nndal<br \/>\n            Pettersen        <\/p>\n<p>Pressesjef i Posten<\/p>\n<p>Frister med gavekort\t<\/p>\n<p>For \u00e5 f\u00e5 unna pakkene har Postnord en konkurranse der kundene kan vinne et gavekort p\u00e5 10 000 kroner hvis de er raske til \u00e5 hente pakkene sine.<\/p>\n<p>&#8211;\u00a0Alle som henter pakken sin samme dag som den er levert til pakkeautomat eller utleveringssted, er automatisk med i trekningen.\u00a0Dette forutsetter at de takker \u00abja\u00bb i appen, forklarer Olsen.<\/p>\n<p>Gavekortpremien er et insentiv for \u00e5 f\u00e5 kundene til \u00e5 hente pakkene s\u00e5 raskt som mulig.<\/p>\n<p>    Posten og Postnord tar julegrep<\/p>\n<p>I denne travle perioden har b\u00e5de Posten og Postnord tatt grep for \u00e5 kunne h\u00e5ndtere den \u00f8kte mengder med pakker.<\/p>\n<p class=\"font-weight-bold m-font-weight-bold\" data-lab-font_weight=\"font-weight-bold\">Posten:<\/p>\n<ul>\n<li class=\"lab-bodytext-line\">700 ekstra medarbeidere<\/li>\n<li class=\"lab-bodytext-line\">100 ekstra kj\u00f8ret\u00f8y<\/li>\n<li class=\"lab-bodytext-line\">Kundesenteret har utvidet \u00e5pningstid<\/li>\n<\/ul>\n<p class=\"font-weight-bold m-font-weight-bold\" data-lab-font_weight=\"font-weight-bold\">Postnord:<\/p>\n<ul>\n<li class=\"lab-bodytext-line\">Bemanningen er \u00f8kt med 20 prosent<\/li>\n<li class=\"lab-bodytext-line\">Terminalkapasiteten er \u00f8kt med 10 prosent<\/li>\n<li class=\"lab-bodytext-line\">Kundesenteret er \u00f8kt med 60 prosent<\/li>\n<\/ul>\n<p>      Vis mer<br \/>\n      Vis mindre<\/p>\n<p>&#8211;\u00a0N\u00e5r flere henter pakkene sine tidlig, frigj\u00f8r vi plass til nye leveranser og s\u00f8rger for at flere pakker kommer fram til riktig hentested.<\/p>\n<p>Pettersen i Posten forteller at de ikke kj\u00f8rer en liknende kampanje som konkurrenten.<\/p>\n<p>&#8211; Det er noe vi har vurdert, men vi har g\u00e5tt for ikke \u00e5 kj\u00f8re noen kampanje i \u00e5r.<\/p>\n<p>    <a itemprop=\"url\" href=\"https:\/\/dinside.dagbladet.no\/okonomi\/ut-mot-posten-blir-irritert\/83599574\" rel=\"nofollow noopener\" target=\"_blank\"><\/p>\n<p>      <img loading=\"lazy\" decoding=\"async\" src=\"https:\/\/www.europesays.com\/no\/wp-content\/uploads\/2025\/11\/83628217.webp\" width=\"980\" height=\"441\" title=\"Ut mot Posten: - Blir irritert\" alt=\"\" class=\"lazyload\" style=\"--aspect-ratio-image: 2.22; \"\/><\/p>\n<p>        Ut mot Posten: &#8211; Blir irritert<\/p>\n<p>    <\/a><\/p>\n<p>&#8211; Hent dem\t<\/p>\n<p>Butikkene merker godt at vi er inne i en travel sesong.<\/p>\n<p>&#8211; Vi fikk noen tj\u00e5ka fulle bur p\u00e5 fredag, forteller Ivonne Fl\u00e5m, pakkeansvarlig p\u00e5 Rema 1000 i Korskirkekvartalet i Bergen, til DinSide.<\/p>\n<p>Fl\u00e5m snakket f\u00f8rst med <a href=\"https:\/\/www.ba.no\/pakkekaos-i-bergen-vi-har-ikke-plass-i-hyllene\/s\/5-8-3238176\" rel=\"nofollow noopener\" target=\"_blank\">Bergensavisen<\/a>.<\/p>\n<p>Butikken har egentlig god plass til pakker, men n\u00e5r det kommer s\u00e5 mye som i november og desember, fylles det raskt opp.<\/p>\n<p>&#8211; Det pakkes i h\u00f8yden og bredden. I tillegg har vi to portable hyller vi l\u00e5ner av Posten som ogs\u00e5 fylles opp, sier hun og legger til:<\/p>\n<p>&#8211; Ettersom det er l\u00f8rdag, f\u00e5r vi ikke inn noen pakker i dag, s\u00e5 vi h\u00e5per \u00e5 f\u00e5 unna en del f\u00f8r det kommer mer p\u00e5 mandag. Men jula er helt crazy! <\/p>\n<p>    <a itemprop=\"url\" href=\"https:\/\/dinside.dagbladet.no\/okonomi\/slar-alarm-sender-tomme-pakker\/83894593\" rel=\"nofollow noopener\" target=\"_blank\"><\/p>\n<p>      <img loading=\"lazy\" decoding=\"async\" src=\"https:\/\/www.europesays.com\/no\/wp-content\/uploads\/2025\/11\/1764432495_395_83754133.webp\" width=\"980\" height=\"441\" title=\"Sl\u00e5r alarm: - Sender tomme pakker\" alt=\"\" class=\"lazyload\" style=\"--aspect-ratio-image: 2.22; \"\/><\/p>\n<p>        Sl\u00e5r alarm: &#8211; Sender tomme pakker<\/p>\n<p>    <\/a><\/p>\n<p>&#8211; H\u00f8yt trykk\t<\/p>\n<p>Extra merker ogs\u00e5 at nordmenn drar kortet p\u00e5 nett i november.<\/p>\n<p>&#8211;\u00a0Black week og black friday har gitt rekordstor netthandel, og n\u00e5 g\u00e5r vi rett inn i julehandelen. Det betyr at trykket p\u00e5 Post i Butikk er ekstra h\u00f8yt, forteller Harald Kristiansen, kommunikasjonsdirekt\u00f8r i Coop, til DinSide.<\/p>\n<p>Han oppfordrer kundene til \u00e5 hente pakkene s\u00e5 snart de f\u00e5r varsel.<\/p>\n<p>        <img loading=\"lazy\" decoding=\"async\" itemprop=\"image\" src=\"https:\/\/www.europesays.com\/no\/wp-content\/uploads\/2025\/11\/83916642.webp\" width=\"180\" height=\"180\" alt=\"&lt;br&gt;\u2b05 Harald Kristiansen\"\/><\/p>\n<p>\u2b05 Harald Kristiansen<br \/>\n            <br \/>\u2b05 Harald<br \/>\n            Kristiansen        <\/p>\n<p>Kommunikasjonsdirekt\u00f8r i Coop<\/p>\n<p>&#8211; Det er for at vi skal kunne gi alle kunder en god handleopplevelse.\u00a0N\u00e5r pakkene blir liggende, tar de mye plass og kan gj\u00f8re det utfordrende b\u00e5de for kundene og v\u00e5re ansatte. Vi har tett samarbeid med Posten og gode rutiner, men kundene er en n\u00f8kkel for at dette skal fungere smidig.<\/p>\n<p>        Tips oss<\/p>\n<p class=\"subtitle\">Har du innspill til saker om dagligvarepriser, sparing eller skatt? Send oss et tips! \ud83d\udcb0<\/p>\n","protected":false},"excerpt":{"rendered":"Black friday Postnord tar grep for \u00e5 f\u00e5 kundene til \u00e5 hente pakkene sine s\u00e5 fort som mulig.&hellip;\n","protected":false},"author":2,"featured_media":100075,"comment_status":"","ping_status":"","sticky":false,"template":"","format":"standard","meta":{"footnotes":""},"categories":[5],"tags":[20,21,24,25,728,15,19,5593,22,23,17,18,13,30,28,29,14,16,9320,2498,11984,26,27],"class_list":{"0":"post-100074","1":"post","2":"type-post","3":"status-publish","4":"format-standard","5":"has-post-thumbnail","7":"category-overskrifter","8":"tag-breaking-news","9":"tag-breakingnews","10":"tag-featured-news","11":"tag-featurednews","12":"tag-fritid","13":"tag-headlines","14":"tag-hovedoppslag","15":"tag-jul","16":"tag-latest-news","17":"tag-latestnews","18":"tag-main-news","19":"tag-mainnews","20":"tag-news","21":"tag-no","22":"tag-norge","23":"tag-norway","24":"tag-nyheter","25":"tag-overskrifter","26":"tag-pakker","27":"tag-posten","28":"tag-postnord","29":"tag-top-stories","30":"tag-topstories"},"share_on_mastodon":{"url":"https:\/\/pubeurope.com\/@no\/115633855322435807","error":""},"_links":{"self":[{"href":"https:\/\/www.europesays.com\/no\/wp-json\/wp\/v2\/posts\/100074","targetHints":{"allow":["GET"]}}],"collection":[{"href":"https:\/\/www.europesays.com\/no\/wp-json\/wp\/v2\/posts"}],"about":[{"href":"https:\/\/www.europesays.com\/no\/wp-json\/wp\/v2\/types\/post"}],"author":[{"embeddable":true,"href":"https:\/\/www.europesays.com\/no\/wp-json\/wp\/v2\/users\/2"}],"replies":[{"embeddable":true,"href":"https:\/\/www.europesays.com\/no\/wp-json\/wp\/v2\/comments?post=100074"}],"version-history":[{"count":0,"href":"https:\/\/www.europesays.com\/no\/wp-json\/wp\/v2\/posts\/100074\/revisions"}],"wp:featuredmedia":[{"embeddable":true,"href":"https:\/\/www.europesays.com\/no\/wp-json\/wp\/v2\/media\/100075"}],"wp:attachment":[{"href":"https:\/\/www.europesays.com\/no\/wp-json\/wp\/v2\/media?parent=100074"}],"wp:term":[{"taxonomy":"category","embeddable":true,"href":"https:\/\/www.europesays.com\/no\/wp-json\/wp\/v2\/categories?post=100074"},{"taxonomy":"post_tag","embeddable":true,"href":"https:\/\/www.europesays.com\/no\/wp-json\/wp\/v2\/tags?post=100074"}],"curies":[{"name":"wp","href":"https:\/\/api.w.org\/{rel}","templated":true}]}}