{"id":100078,"date":"2025-11-29T16:15:13","date_gmt":"2025-11-29T16:15:13","guid":{"rendered":"https:\/\/www.europesays.com\/no\/100078\/"},"modified":"2025-11-29T16:15:13","modified_gmt":"2025-11-29T16:15:13","slug":"ekstremt-risikabelt-e24","status":"publish","type":"post","link":"https:\/\/www.europesays.com\/no\/100078\/","title":{"rendered":"\u2013 Ekstremt risikabelt \u2013 E24"},"content":{"rendered":"<p class=\"fullWidthDesktop hyperion-css-71ztg2\" data-test-tag=\"lead-text\">Mandatet til Oljefondet henger igjen p\u00e5 90-tallet, mener Bloomberg NEF-grunnlegger Michael Liebreich.<\/p>\n<p><img decoding=\"async\" class=\"image-asset hyperion-css-u06ts1\" data-test-tag=\"image-asset\" src=\"https:\/\/www.europesays.com\/no\/wp-content\/uploads\/2025\/11\/8fe76e23-9696-4090-9c18-45857bc64002\"  alt=\"Michael Liebreich, grunnleggeren av Bloomberg New Energy Finance, p\u00e5 Zerokonferansen torsdag.\"  loading=\"eager\" fetchpriority=\"high\" style=\"aspect-ratio:799 \/ 533\"\/>Michael Liebreich, grunnleggeren av Bloomberg New Energy Finance, p\u00e5 Zerokonferansen torsdag. Foto: Kevin Dahlman \/ Zero Publisert: Publisert: <\/p>\n<p>For mindre enn 20 minutter siden<\/p>\n<p>Kortversjonen<\/p>\n<ul class=\"hyperion-css-pkq1ci\" data-test-tag=\"list\">\n<li class=\"hyperion-css-12h2ush\">Bloomberg NEF-grunnlegger Michael Liebreich mener at Oljefondets mandat er utdatert og henger igjen p\u00e5 90-tallet.<\/li>\n<li class=\"hyperion-css-12h2ush\">Han mener at for stor andel av fondets store investeringer g\u00e5r til AI og olje og gass i den vestlige verden.<\/li>\n<li class=\"hyperion-css-12h2ush\">Norske politikere b\u00f8r revurdere fondets mandat for \u00e5 m\u00f8te fremtidens utfordringer, sier han. <\/li>\n<\/ul>\n<p class=\"hyperion-css-10lbhat\">Oppsummeringen er laget av AI-verkt\u00f8yet ChatGPT og kvalitetssikret av E24s journalister<\/p>\n<p>Vis mer <\/p>\n<ul class=\"hyperion-css-pte5x0\">\n<li aria-label=\"link\" class=\"narrow-button hyperion-css-1sz7d3n\">Kopier lenke<\/li>\n<li aria-label=\"link\" class=\"wide-button hyperion-css-1sz7d3n\">Kopier lenke<\/li>\n<li aria-label=\"facebook\" class=\"narrow-button hyperion-css-1sz7d3n\">Del p\u00e5 Facebook<\/li>\n<li aria-label=\"facebook\" class=\"wide-button hyperion-css-1sz7d3n\">Del p\u00e5 Facebook<\/li>\n<li aria-label=\"email\" class=\"narrow-button hyperion-css-1sz7d3n\">Del med e-post<\/li>\n<li aria-label=\"email\" class=\"wide-button hyperion-css-1sz7d3n\">Del med e-post<\/li>\n<\/ul>\n<p class=\"hyperion-css-1lemvax\">Han omtales som verdens fremste analytiker innen fornybar energi.<\/p>\n<p class=\"hyperion-css-1lemvax\">P\u00e5 Zerokonferansen i Oslo hadde Michael Liebreich et budskap til forsamlingen:<\/p>\n<p class=\"hyperion-css-1lemvax\"><strong>En for stor andel av investeringene til Oljefondet g\u00e5r i dag til det han omtaler som \u00abAI-boblen\u00bb, samt olje- og gass i vestlige land.<\/strong><\/p>\n<p class=\"hyperion-css-1lemvax\">\u2013 Det er veldig eksponert og ekstremt risikabelt, sa Liebreich fra scenen.<\/p>\n<p class=\"hyperion-css-1lemvax\">Til E24 utdyper han kritikken: <\/p>\n<p class=\"hyperion-css-1lemvax\">\u2013 Jeg er britisk, og vi briter har en ugrei historie med \u00e5 fortelle andre land hva de skal gj\u00f8re. Men min personlige mening er at mandatet til Oljefondet er utdatert.<\/p>\n<p class=\"hyperion-css-1lemvax\">Liebreich viser til at den globale \u00f8konomien i dag ikke lenger er dominert av vestlige land.<\/p>\n<p class=\"hyperion-css-1lemvax\">\u2013 Hvis du fortsatt tror at alle de ledende selskapene kommer fra vestlige land, s\u00e5 henger du igjen p\u00e5 90-tallet.<\/p>\n<p><a data-test-tag=\"teaser-small:link-internal\" href=\"https:\/\/e24.no\/boers-og-finans\/i\/L4po3V\/ai-boblens-regnestykke-gaar-ikke-opp\" class=\"imagePosition-top inline hyperion-css-6238vu\" rel=\"nofollow noopener\" target=\"\" aria-label=\"AI-boblens regnestykke g\u00e5r ikke opp\"><\/p>\n<p>Les p\u00e5 E24+<\/p>\n<p>AI-boblens regnestykke g\u00e5r ikke opp<\/p>\n<p><\/a>Et annet verdensbilde<\/p>\n<p class=\"hyperion-css-1lemvax\">Liebreich er b\u00e5de ingeni\u00f8r og \u00f8konom, og etablerte selskapet New Energy Finance i 2004. Fem \u00e5r senere ble selskapet solgt til medie- og analysegiganten Bloomberg. I dag driver Liebreich sitt eget selskap, Liebreich Associates, podcasten \u00abCleaning Up\u00bb og er bidragsyter til Bloomberg NEF.<\/p>\n<p class=\"hyperion-css-1lemvax\">Til tross for Oljefondets suksess, r\u00e5der briten norske politikere til \u00e5 revurdere fondets mandat.<\/p>\n<p class=\"hyperion-css-1lemvax\">\u2013 Fondet er kolossalt i st\u00f8rrelse og har v\u00e6rt en stor suksess. Men er fondet tilstrekkelig diversifisert for fremtiden? Jeg tror ikke det.<\/p>\n<p class=\"hyperion-css-1lemvax\">Europa stod for rundt 30 prosent av den globale \u00f8konomien da Liebreich startet sin karriere p\u00e5 80-tallet. I dag utgj\u00f8r Europa rundt 15 prosent.<\/p>\n<p><img decoding=\"async\" class=\"image-asset hyperion-css-u06ts1\" data-test-tag=\"image-asset\" src=\"https:\/\/www.europesays.com\/no\/wp-content\/uploads\/2025\/11\/1156fbdb-3081-4909-9974-93779e4789a8\"  alt=\"Liebriech var en av hovedtalerne p\u00e5 Zerokonferansen torsdag. \"  loading=\"eager\" fetchpriority=\"high\" style=\"aspect-ratio:1900 \/ 1266\"\/>Liebriech var en av hovedtalerne p\u00e5 Zerokonferansen torsdag. Foto: Kevin Dahlman \/ Zero <\/p>\n<p class=\"hyperion-css-1lemvax\">\u2013 Se p\u00e5 Afrika. De er 1,5 milliarder mennesker i dag, men vil vokse til 2,5 innen 2050. Det er n\u00e6rmest i morgen hvis du tenker p\u00e5 veksten som vil skje innen eiendom, forretninger og infrastruktur.<\/p>\n<p class=\"hyperion-css-1lemvax\">Liebriech mener vi st\u00e5r overfor et helt annet verdensbilde enn det vi gjorde p\u00e5 90-tallet. Store mengder gjeld har blitt flyttet, og den globale \u00f8konomien i dag er mye mer diversifisert.<\/p>\n<p class=\"hyperion-css-1lemvax\">\u2013 AI er absolutt ekte. Sp\u00f8rsm\u00e5let er om selskapene er riktig verdsatt. Klarer de \u00e5 rettferdiggj\u00f8re verdivurderingene? Jeg tror ikke det. Og jeg har levd gjennom nok bobler til \u00e5 plukke opp enkelte signaler.<\/p>\n<p>Feiler totalt <\/p>\n<p class=\"hyperion-css-1lemvax\">Liebreich mener ellers at Oljefondet bommer totalt p\u00e5 klimarisikoklimarisikoRisikoen for \u00f8konomiske tap som f\u00f8lge av klimaendringer, som kan p\u00e5virke investeringer og \u00f8konomisk stabilitet.. <\/p>\n<p class=\"hyperion-css-1lemvax\">\u2013 Jeg er ikke en katastrofe-profet. Vi har hatt et av de varmeste \u00e5rene i historien og samtidig rekordh\u00f8ye avlinger i landbruket. Tilpasning kan utl\u00f8pe klimaendringene. Men p\u00e5 et tidspunkt, s\u00e5 er ikke det lenger tilfellet. Og det er det som bekymrer meg.<\/p>\n<p class=\"hyperion-css-1lemvax\">\u2013 Vi b\u00f8r ha gode diskusjoner rundt hva som er truslene om 20, 40 og 60 \u00e5r. <\/p>\n<p class=\"hyperion-css-1lemvax\">For \u00e5 unng\u00e5 global oppvarming p\u00e5 to grader, trengs investeringer i ny teknologi, infrastruktur og det globale s\u00f8r. Oljefondet gj\u00f8r n\u00e6rmest ingen av delene i dag, p\u00e5peker Liebreich. <\/p>\n<p class=\"hyperion-css-1lemvax\">\u2013 En av de st\u00f8rste truslene mot fondet, er klimaendringer. Fondet er ikke satt opp for \u00e5 takle klimarisiko, sier han. <\/p>\n<p class=\"hyperion-css-1lemvax\">Oljefondet har selv regnet seg frem til investeringsportef\u00f8ljen i USA kan miste 19 prosent av verdien p\u00e5 grunn av klimaendringer innen 2070. <\/p>\n<p class=\"hyperion-css-1lemvax\">Rundt femti prosent av fondets aksjeinvesteringer er i USA i dag. <\/p>\n","protected":false},"excerpt":{"rendered":"Mandatet til Oljefondet henger igjen p\u00e5 90-tallet, mener Bloomberg NEF-grunnlegger Michael Liebreich. Michael Liebreich, grunnleggeren av Bloomberg New&hellip;\n","protected":false},"author":2,"featured_media":100079,"comment_status":"","ping_status":"","sticky":false,"template":"","format":"standard","meta":{"footnotes":""},"categories":[5],"tags":[20,21,24,25,15,19,22,23,17,18,13,30,28,29,14,16,26,27],"class_list":{"0":"post-100078","1":"post","2":"type-post","3":"status-publish","4":"format-standard","5":"has-post-thumbnail","7":"category-overskrifter","8":"tag-breaking-news","9":"tag-breakingnews","10":"tag-featured-news","11":"tag-featurednews","12":"tag-headlines","13":"tag-hovedoppslag","14":"tag-latest-news","15":"tag-latestnews","16":"tag-main-news","17":"tag-mainnews","18":"tag-news","19":"tag-no","20":"tag-norge","21":"tag-norway","22":"tag-nyheter","23":"tag-overskrifter","24":"tag-top-stories","25":"tag-topstories"},"share_on_mastodon":{"url":"https:\/\/pubeurope.com\/@no\/115633882828173005","error":""},"_links":{"self":[{"href":"https:\/\/www.europesays.com\/no\/wp-json\/wp\/v2\/posts\/100078","targetHints":{"allow":["GET"]}}],"collection":[{"href":"https:\/\/www.europesays.com\/no\/wp-json\/wp\/v2\/posts"}],"about":[{"href":"https:\/\/www.europesays.com\/no\/wp-json\/wp\/v2\/types\/post"}],"author":[{"embeddable":true,"href":"https:\/\/www.europesays.com\/no\/wp-json\/wp\/v2\/users\/2"}],"replies":[{"embeddable":true,"href":"https:\/\/www.europesays.com\/no\/wp-json\/wp\/v2\/comments?post=100078"}],"version-history":[{"count":0,"href":"https:\/\/www.europesays.com\/no\/wp-json\/wp\/v2\/posts\/100078\/revisions"}],"wp:featuredmedia":[{"embeddable":true,"href":"https:\/\/www.europesays.com\/no\/wp-json\/wp\/v2\/media\/100079"}],"wp:attachment":[{"href":"https:\/\/www.europesays.com\/no\/wp-json\/wp\/v2\/media?parent=100078"}],"wp:term":[{"taxonomy":"category","embeddable":true,"href":"https:\/\/www.europesays.com\/no\/wp-json\/wp\/v2\/categories?post=100078"},{"taxonomy":"post_tag","embeddable":true,"href":"https:\/\/www.europesays.com\/no\/wp-json\/wp\/v2\/tags?post=100078"}],"curies":[{"name":"wp","href":"https:\/\/api.w.org\/{rel}","templated":true}]}}