{"id":100080,"date":"2025-11-29T16:23:11","date_gmt":"2025-11-29T16:23:11","guid":{"rendered":"https:\/\/www.europesays.com\/no\/100080\/"},"modified":"2025-11-29T16:23:11","modified_gmt":"2025-11-29T16:23:11","slug":"ny-flyplass-i-rana-blir-berre-bygd-med-gps-og-gnss-og-utan-andre-innflygingssystem-nrk-nordland","status":"publish","type":"post","link":"https:\/\/www.europesays.com\/no\/100080\/","title":{"rendered":"Ny flyplass i Rana blir berre bygd med GPS og GNSS og utan andre innflygingssystem \u2013 NRK Nordland"},"content":{"rendered":"<p>Byggearbeidarane er i full sving med \u00e5 bygge den nye flyplassen i Rana.<\/p>\n<p>Men n\u00e5r flyplassen st\u00e5r ferdig, vil det berre vere innflygingssystem som nyttar GPS og satellitt (GNSS) som skal f\u00e5 flya trygt ned.<\/p>\n<p><img decoding=\"async\"   src=\"data:image\/gif;base64,R0lGODlhAQABAIAAAAAAAP\/\/\/yH5BAEAAAAALAAAAAABAAEAAAIBRAA7\" loading=\"eager\" alt=\"AF gruppen har startet asfaltering av den nye flyplassen i Rana. De f\u00f8rste 850 metrene er lagt. Tilsaman skal det legges 2700 meter med asfalt i 45 meters bredde. Det forteller anleggsleder i AF Gruppen Lars Tore R\u00f8s\u00f8\" title=\"Foto: Frank Nyg\u00e5rd \/ NRK\"\/><\/p>\n<p class=\"\">Asfalten p\u00e5 den nye rullebana er allereie rulla ut. Men flyselskapa er usamde med Avinor om korleis flya skal kome ned til han.<\/p>\n<p>Foto: Frank Nyg\u00e5rd \/ NRK<\/p>\n<p><strong>Det f\u00e5r<\/strong> <strong>Norwegian, SAS og Wider\u00f8e, Luftambulansen og Forsvaret til \u00e5 steile.<\/strong><\/p>\n<p>\u2013 \u00c5 berre tilby satellittbaserte prosedyrar gjer innflyginga meir s\u00e5rbart. Det aukar presset p\u00e5 pilotane, og kan ogs\u00e5 gje svakare regularitet, som igjen kan f\u00f8re til \u00f8konomiske konsekvensar for flyselskapa, seier Per Hugo Nielsen i Norwegian.<\/p>\n<p><strong>GPS og satellittsystem har nemleg vist seg \u00e5 vere s\u00e5rbar for <a href=\"https:\/\/www.nrk.no\/tromsogfinnmark\/har-avdekket-alvorlige-gps-forstyrrelser-i-ost-finnmark-1.17211692\" ec-id=\"pp:article:1.17211692\" ec-name=\"forstyrringar og blokkeringar av signal mellom anna fr\u00e5 Russland\" rel=\"nofollow noopener\" target=\"_blank\">forstyrringar og blokkeringar av signal mellom anna fr\u00e5 Russland<\/a>.<\/strong><\/p>\n<p>Samstundes finst det alternative system som ikkje er like utsett for forstyrringar.<\/p>\n<p>Avinor har ikkje r\u00e5d<\/p>\n<p>Bakkebaserte innflygingssystem blir brukt p\u00e5 flyplassar for innflyging og landing i d\u00e5rleg sikt. Systema blei utvikla etter 1945, og er brukt innan sivil og milit\u00e6r flyging i store delar av verda.<\/p>\n<p>EASA (Det europeiske flysikkerheitsbyr\u00e5et) hadde eigentleg planlagt \u00e5 fase ut disse systema innan 2030, men vurderar no \u00e5 vente med det.<\/p>\n<p>Men Avinor har alts\u00e5 valt \u00e5 ikkje installere p\u00e5 den nye flyplassen i Rana. Dei meiner satellittl\u00f8ysinga er god nok, og seier dei ikkje har r\u00e5d til anna.<\/p>\n<p><strong>\u2013 Det kan bli eit problem b\u00e5de for sikkerheita, og regulariteten ved flyplassen, skriv Polarsirkelen Lufthavnutvikling (PLU) i brevet til Avinor.<\/strong><\/p>\n<p><img decoding=\"async\"   src=\"data:image\/gif;base64,R0lGODlhAQABAIAAAAAAAP\/\/\/yH5BAEAAAAALAAAAAABAAEAAAIBRAA7\" loading=\"eager\" alt=\"En stor bygning med overskyet himmel og et fly i forgrunn\" title=\"Illustrasjon: Avinor\"\/><\/p>\n<p class=\"\">Slik skal fasaden til den nye flyplassen i Rana etter planane sj\u00e5 ut.<\/p>\n<p>Illustrasjon: Avinor<\/p>\n<p>Dei ber Avinor installere ogs\u00e5 bakkestyrt navigeringsutstyr, som til d\u00f8mes instrumentlandingssystem, eller ILS, ved flyplassen.<\/p>\n<p>Brevet er signert av flyselskapa SAS, Norwegian og Wider\u00f8e, i tillegg til Luftambulansen og Forsvaret.<\/p>\n<p>Ogs\u00e5 Henning Tennes, seksjonssjef flysikring i Luftfartstilsynet, meiner at det vil vere dumt \u00e5 kvitte seg med dei bakkebaserte systema.<\/p>\n<p>Vil ikkje fase ut likevel<\/p>\n<p>\u2013 Den usikre verdssituasjon gjer at ein ikkje berre kan stole p\u00e5 berre digitale verkt\u00f8y, skriv Tennes i ein e-post til NRK.<\/p>\n<p>Han fortel at det skal vere eitt sett av bakkebaserte system, i tillegg til GPS og satellittsystema, p\u00e5 flyplassane i Noreg.<\/p>\n<p>\u2013 Blir den nye flyplassen i Rana den f\u00f8rste flyplassen i Noreg som ikkje har bakkebaserte system? <\/p>\n<p><img decoding=\"async\"   src=\"data:image\/gif;base64,R0lGODlhAQABAIAAAAAAAP\/\/\/yH5BAEAAAAALAAAAAABAAEAAAIBRAA7\" loading=\"eager\" alt=\" Seksjonssjef for flyplass og flysikring, Luftfartstilsynet, Henning Tennes.\" title=\"Foto: Sondre Skjelvik \/ NRK\"\/><\/p>\n<p class=\"\">Seksjonssjef for flyplass og flysikring, Luftfartstilsynet, Henning Tennes, seier dei meiner alle norske flyplassar b\u00f8r ha minst \u00e9in bakkebasert navigasjon.<\/p>\n<p>Foto: Sondre Skjelvik \/ NRK<\/p>\n<p><strong>\u2013 Forel\u00f8pig er det ikkje planlagt nokon bakkebaserte system, og det vil vere den f\u00f8rste flyplassen av denne typen som ikkje har dette, ja.<\/strong><\/p>\n<p>\u2013 Kva tenkjer du om at flyplassen i Rana blir planlagt utan dette?<\/p>\n<p>\u2013 Utgangspunktet til Luftfartstilsynet er at alle norske flyplassar med instrumentinnflyging ogs\u00e5 b\u00f8r ha minst \u00e9in bakkebasert navigasjon, i tillegg til GNSS-prosedyrar.<\/p>\n<p>Tennes legg til at Luftfartstilsynet har l\u00f8pande dialog med Avinor og flyplassane om tematikken.<\/p>\n<p><img decoding=\"async\"   src=\"data:image\/gif;base64,R0lGODlhAQABAIAAAAAAAP\/\/\/yH5BAEAAAAALAAAAAABAAEAAAIBRAA7\" loading=\"eager\" alt=\"Senioringeni\u00f8r \u00d8ystein Bakke i Nasjonale kommunikasjonsmyndigheter ser etter GPS-forstyrrelser\" title=\"Foto: Simon Brandseth \/ NRK\"\/><\/p>\n<p class=\"\">Kvart \u00e5r gjennomf\u00f8rer Nasjonal kommunikasjonsmyndigheit (Nkom) testar for spoofing og jamming p\u00e5 And\u00f8ya i Nordland. B\u00e5de i \u00e5r og i 2024 var testen rekordstor.<\/p>\n<p>Foto: Simon Brandseth \/ NRK<\/p>\n<p>I tillegg til \u00e5 kanskje utsette planane for \u00e5 fase ut bakkebaserte navigasjonssystem, jobbar Det europeiske flysikkerheitsbyr\u00e5et ogs\u00e5 med \u00e5 utvikle system som er mindre s\u00e5rbare for satellittforstyrringar.<\/p>\n<p>\u2013 Kor lang tid vil det ta f\u00f8r noko nytt er p\u00e5 plass?<\/p>\n<p>\u2013 Nokon tiltak kan kanskje bli sat i verk innanfor ein relativt kort tidsramme som eitt til to \u00e5r, mens andre meir omfattande tiltak vil ta mykje lengre tid, seier Tennes.<\/p>\n<p>Han legg til at all ny teknologi som skal inn i luftfarten krev omfattande testing, validering og sertifisering f\u00f8r det kan takast i bruk.<\/p>\n<p>Avinor: \u2013 Har ikkje r\u00e5d<\/p>\n<p>Avinor skriv til NRK at dei baserer seg p\u00e5 at EASA f\u00f8rebels har vedtatt at satellittbasert innflyging er standard ved europeiske lufthamner.<\/p>\n<p><strong>Men det handlar ogs\u00e5 om pengar.<\/strong><\/p>\n<p>Det er i stor grad Stortinget som finansierer bygginga av flyplassen. Planane som ligg til grunn seier at flyplassen utelukkande skal basere seg p\u00e5 satellittbaserte innflygingar.<\/p>\n<p>Det verker inn p\u00e5 kor mykje pengar Avinor f\u00e5r for \u00e5 byggje flyplassen.<\/p>\n<ul class=\"dhpg__gallery__list\">\n<li class=\"dhpg__gallery__listItem\"><img alt=\"Anders Kirsebom, Konstituert direkt\u00f8r flysikring Avinor\"  width=\"2400\" height=\"2400\" loading=\"lazy\"\/>Anders Kirsebom\n<p>Konserndirekt\u00f8r for regionale lufthavner<\/p>\n<\/li>\n<\/ul>\n<p>\u2013 Om Avinor skal utvide byggeprosjektet i Mo i Rana, m\u00e5 dette oppdraget kome fr\u00e5 statlege styresmakter, seier konserndirekt\u00f8r for regionale lufthamner i Avinor, Anders Kirsebom.<\/p>\n<p>Han legg til at det ikkje er nokon tvil om at dette vil auke b\u00e5de kostnadar til investering og drift.<\/p>\n<p>I tillegg vil det f\u00f8re til terrenginngrep, og krev kontinuerleg vedlikehald og overvaking.<\/p>\n<p><img decoding=\"async\"   src=\"data:image\/gif;base64,R0lGODlhAQABAIAAAAAAAP\/\/\/yH5BAEAAAAALAAAAAABAAEAAAIBRAA7\" loading=\"eager\" alt=\"En flyplass tatt bilde fra lufta\" title=\"Foto: Avinor\"\/><\/p>\n<p class=\"\">Prosjektet med \u00e5 byggje den nye flyplassen p\u00e5 Fagerlia i Rana starta i september 2022.<\/p>\n<p>Foto: Avinor<\/p>\n<p><strong>Samstundes meiner Kirsebom at flyplassen i Rana ikkje vil vere s\u00e6rleg utsett for jamming og spoofing.<\/strong><\/p>\n<p>\u2013 Dagens utfordringar med forstyrringar av satellittsignal er hovudsakleg avgrensa til omr\u00e5de i \u00d8st-Finnmark. Redundans i tilfelle utfall av satellittkapabilitet blir ivaretatt gjennom Avinors nettverk av lufthamner. Eit st\u00f8rre tal vil ha bakkebaserte l\u00f8ysingar for \u00e5 sikre robustheit, seier han.<\/p>\n<p>\u2013 Flytryggleiken er godt ivareteken<\/p>\n<p>Statssekret\u00e6r Cecilie Knibe Kroglund i Samferdselsdepartementet skriv i ein e-post til NRK at Avinor legg opp til satellittbasert innflyging, i tr\u00e5d med dei nasjonale f\u00f8ringane som ligg i Navigasjonsstrategien til EASA fr\u00e5 2020.<\/p>\n<p><strong>\u2013 Men departementet har ikkje gitt s\u00e6rskilde f\u00f8ringar om at lufthamna skal vere utan bakkebaserte system.<\/strong><\/p>\n<p><img decoding=\"async\"   src=\"data:image\/gif;base64,R0lGODlhAQABAIAAAAAAAP\/\/\/yH5BAEAAAAALAAAAAABAAEAAAIBRAA7\" loading=\"eager\" alt=\"En bygning med en parkeringsplass foran\" title=\"Illustrasjon: Avinor\"\/><\/p>\n<p class=\"\">Statssekret\u00e6r Cecilie Knibe Kroglund fortel at luftbana blir bygd med ei v\u00earmessig tilgjenge p\u00e5 98 prosent.<\/p>\n<p>Illustrasjon: Avinor<\/p>\n<p>Ho skriv at Avinor har opplyst at dei vil vidaref\u00f8re eit tradisjonelt navigasjonspunkt i omr\u00e5det i ein overgangsperiode. Dette meiner ho gir ei meir stabil l\u00f8ysing i perioden der b\u00e5de flyplassar og flyselskap i aukande grad g\u00e5r over til bruk av satellittbaserte system.<\/p>\n<p>\u2013 Flytryggleiken er godt ivareteken uansett l\u00f8ysing, men dette kan ha tyding for regulariteten \u2013 alts\u00e5 kor ofte fly faktisk kan lande og ta av i d\u00e5rleg v\u00ear.<\/p>\n<p>Publisert<\/p>\n<p>29.11.2025, kl. 13.32<\/p>\n","protected":false},"excerpt":{"rendered":"Byggearbeidarane er i full sving med \u00e5 bygge den nye flyplassen i Rana. Men n\u00e5r flyplassen st\u00e5r ferdig,&hellip;\n","protected":false},"author":2,"featured_media":100081,"comment_status":"","ping_status":"","sticky":false,"template":"","format":"standard","meta":{"footnotes":""},"categories":[10],"tags":[20,21,24,25,15,22,23,13,30,28,29,14,16,26,27],"class_list":{"0":"post-100080","1":"post","2":"type-post","3":"status-publish","4":"format-standard","5":"has-post-thumbnail","7":"category-norge","8":"tag-breaking-news","9":"tag-breakingnews","10":"tag-featured-news","11":"tag-featurednews","12":"tag-headlines","13":"tag-latest-news","14":"tag-latestnews","15":"tag-news","16":"tag-no","17":"tag-norge","18":"tag-norway","19":"tag-nyheter","20":"tag-overskrifter","21":"tag-top-stories","22":"tag-topstories"},"share_on_mastodon":{"url":"https:\/\/pubeurope.com\/@no\/115633914191355843","error":""},"_links":{"self":[{"href":"https:\/\/www.europesays.com\/no\/wp-json\/wp\/v2\/posts\/100080","targetHints":{"allow":["GET"]}}],"collection":[{"href":"https:\/\/www.europesays.com\/no\/wp-json\/wp\/v2\/posts"}],"about":[{"href":"https:\/\/www.europesays.com\/no\/wp-json\/wp\/v2\/types\/post"}],"author":[{"embeddable":true,"href":"https:\/\/www.europesays.com\/no\/wp-json\/wp\/v2\/users\/2"}],"replies":[{"embeddable":true,"href":"https:\/\/www.europesays.com\/no\/wp-json\/wp\/v2\/comments?post=100080"}],"version-history":[{"count":0,"href":"https:\/\/www.europesays.com\/no\/wp-json\/wp\/v2\/posts\/100080\/revisions"}],"wp:featuredmedia":[{"embeddable":true,"href":"https:\/\/www.europesays.com\/no\/wp-json\/wp\/v2\/media\/100081"}],"wp:attachment":[{"href":"https:\/\/www.europesays.com\/no\/wp-json\/wp\/v2\/media?parent=100080"}],"wp:term":[{"taxonomy":"category","embeddable":true,"href":"https:\/\/www.europesays.com\/no\/wp-json\/wp\/v2\/categories?post=100080"},{"taxonomy":"post_tag","embeddable":true,"href":"https:\/\/www.europesays.com\/no\/wp-json\/wp\/v2\/tags?post=100080"}],"curies":[{"name":"wp","href":"https:\/\/api.w.org\/{rel}","templated":true}]}}