{"id":100086,"date":"2025-11-29T16:31:12","date_gmt":"2025-11-29T16:31:12","guid":{"rendered":"https:\/\/www.europesays.com\/no\/100086\/"},"modified":"2025-11-29T16:31:12","modified_gmt":"2025-11-29T16:31:12","slug":"blalys-folk-store-politistyrkar-rykte-ut-etter-truslar-har-pagripe-mann-som-ville-knivstikka-butikktilsette-dalane-tidende","status":"publish","type":"post","link":"https:\/\/www.europesays.com\/no\/100086\/","title":{"rendered":"Bl\u00e5lys, Folk | Store politistyrkar rykte ut etter truslar: Har p\u00e5gripe mann som ville knivstikka butikktilsette &#8211; Dalane Tidende"},"content":{"rendered":"<ol>\n<li><a href=\"https:\/\/news.google.com\/rss\/articles\/CBMingFBVV95cUxORUJtYkZtYmZPNG1ScERDUS0wbVAyaEYyZmdrVGl1NW55LVdHQU5ETzRXVXRtMUhGVG9xVUFQcGItUHp2b3ptT2pBbjBjVExOeEQ4eXRzd1AwdUtScVNnUlRxM1pidURnQkswWWJGR2tueU5qVXM4YWduT0oyRUhCLXhqT3ZSbU9Ja2dtM1NBa0RqdDUxb2E4cFFQV3o4Zw?oc=5\" target=\"_blank\" rel=\"nofollow noopener\">Bl\u00e5lys, Folk | Store politistyrkar rykte ut etter truslar: Har p\u00e5gripe mann som ville knivstikka butikktilsette<\/a>&nbsp;&nbsp;Dalane Tidende<\/li>\n<li><a href=\"https:\/\/news.google.com\/rss\/articles\/CBMijAFBVV95cUxPN3BrRGotTmhuT0F4SDRwMnJlMHZRV2dlREFDWjRNWVRwYXo1WFhNdFFmQ0hOSzdDM25yZWFYakUwc0ZacW1KTnZaeXRIeEhWZEZxR2Y5Z1Y3VTNhZkpHVVBJQlBZOF9yZ0ZxV042QmNIalFldmVDUWdVbUxIZWdiUGs5QU91Qjh6ZDEzag?oc=5\" target=\"_blank\" rel=\"nofollow noopener\">P\u00e5gripelse etter trusselsituasjon i Egersund<\/a>&nbsp;&nbsp;NRK<\/li>\n<li><a href=\"https:\/\/news.google.com\/rss\/articles\/CBMimgFBVV95cUxNa0VXRFhQQ0Q2T2h4OFFCMFp6NVJGQ0FLTkc4MnQ1Rjgya0N0NWpram5ZZnNPdDBkLVpRTnl4UXNiUm5kaGFTRFc5b2hfYko3WTBmNTQzWW9GMm55cnFqMHRtYlE0NU1BRUs1a3I3bEVSRXZ6S3RkdlFqc0dtNUx1eWI4aVB4Z2dwYUQ0cElNU2VVX3l4QmVjX3JB?oc=5\" target=\"_blank\" rel=\"nofollow noopener\">En person p\u00e5grepet etter trusselsituasjon i Egersund<\/a>&nbsp;&nbsp;ABC Nyheter<\/li>\n<li><a href=\"https:\/\/news.google.com\/rss\/articles\/CBMinAFBVV95cUxNU0oyLUR1TXpDM0hkUk1ZeFZaQUFBY3B3aXlLb1RRNXBhUFhycmpleVJPd19iUGRqYVhBQUJhcEpEbUlHQ3JKbkkxSk94UTJUWG9paWtxVWk3cFhxYUN4a3ZrcHkwVkJ4eWZTZ183Wmt0VE0xY2xmT1VsZzREUTFvem45LWpIaFZKMU93U0dSclRodXp0YTByYmVQYjU?oc=5\" target=\"_blank\" rel=\"nofollow noopener\">Bl\u00e5lys, Folk | Store politistyrkar har rykt ut: Trusselsituasjon i Egersund<\/a>&nbsp;&nbsp;Sandnesposten<\/li>\n<li><a href=\"https:\/\/news.google.com\/rss\/articles\/CBMiekFVX3lxTE1IWE44ZGNlcXFUWERZRlNNVWE5WHAzd0ExSTlmMjVaVkFVY3BXM19SSXN6b1hfSXpZQkVhbTVrNGpOQTNpWVliaVd3YXJ6T3plWG1DaWJvRGlQTnNMdndrLXQ4UFl4em8ycHBvNnI0cEswMExJYXgxRDVn?oc=5\" target=\"_blank\" rel=\"nofollow noopener\">Derfor var politibilene p\u00e5 \u00c5lg\u00e5rd<\/a>&nbsp;&nbsp;Gjesdalbuen<\/li>\n<\/ol>\n","protected":false},"excerpt":{"rendered":"Bl\u00e5lys, Folk | Store politistyrkar rykte ut etter truslar: Har p\u00e5gripe mann som ville knivstikka butikktilsette&nbsp;&nbsp;Dalane Tidende P\u00e5gripelse&hellip;\n","protected":false},"author":2,"featured_media":15627,"comment_status":"","ping_status":"","sticky":false,"template":"","format":"standard","meta":{"footnotes":""},"categories":[5],"tags":[20,21,24,25,15,19,22,23,17,18,13,30,28,29,14,16,26,27],"class_list":{"0":"post-100086","1":"post","2":"type-post","3":"status-publish","4":"format-standard","5":"has-post-thumbnail","7":"category-overskrifter","8":"tag-breaking-news","9":"tag-breakingnews","10":"tag-featured-news","11":"tag-featurednews","12":"tag-headlines","13":"tag-hovedoppslag","14":"tag-latest-news","15":"tag-latestnews","16":"tag-main-news","17":"tag-mainnews","18":"tag-news","19":"tag-no","20":"tag-norge","21":"tag-norway","22":"tag-nyheter","23":"tag-overskrifter","24":"tag-top-stories","25":"tag-topstories"},"share_on_mastodon":{"url":"https:\/\/pubeurope.com\/@no\/115633945481067820","error":""},"_links":{"self":[{"href":"https:\/\/www.europesays.com\/no\/wp-json\/wp\/v2\/posts\/100086","targetHints":{"allow":["GET"]}}],"collection":[{"href":"https:\/\/www.europesays.com\/no\/wp-json\/wp\/v2\/posts"}],"about":[{"href":"https:\/\/www.europesays.com\/no\/wp-json\/wp\/v2\/types\/post"}],"author":[{"embeddable":true,"href":"https:\/\/www.europesays.com\/no\/wp-json\/wp\/v2\/users\/2"}],"replies":[{"embeddable":true,"href":"https:\/\/www.europesays.com\/no\/wp-json\/wp\/v2\/comments?post=100086"}],"version-history":[{"count":0,"href":"https:\/\/www.europesays.com\/no\/wp-json\/wp\/v2\/posts\/100086\/revisions"}],"wp:featuredmedia":[{"embeddable":true,"href":"https:\/\/www.europesays.com\/no\/wp-json\/wp\/v2\/media\/15627"}],"wp:attachment":[{"href":"https:\/\/www.europesays.com\/no\/wp-json\/wp\/v2\/media?parent=100086"}],"wp:term":[{"taxonomy":"category","embeddable":true,"href":"https:\/\/www.europesays.com\/no\/wp-json\/wp\/v2\/categories?post=100086"},{"taxonomy":"post_tag","embeddable":true,"href":"https:\/\/www.europesays.com\/no\/wp-json\/wp\/v2\/tags?post=100086"}],"curies":[{"name":"wp","href":"https:\/\/api.w.org\/{rel}","templated":true}]}}