{"id":100087,"date":"2025-11-29T16:38:29","date_gmt":"2025-11-29T16:38:29","guid":{"rendered":"https:\/\/www.europesays.com\/no\/100087\/"},"modified":"2025-11-29T16:38:29","modified_gmt":"2025-11-29T16:38:29","slug":"det-er-litt-oppskrytt-e24","status":"publish","type":"post","link":"https:\/\/www.europesays.com\/no\/100087\/","title":{"rendered":"\u2013 Det er litt oppskrytt \u2013 E24"},"content":{"rendered":"<p class=\"fullWidthDesktop hyperion-css-71ztg2\" data-test-tag=\"lead-text\">F\u00e5 tilbudsjegere blant butikkundene E24 snakket med. Butikksjefene er derimot storforn\u00f8yde med nye rekorder.<\/p>\n<p><img decoding=\"async\" class=\"image-asset hyperion-css-stzvxm\" data-test-tag=\"image-asset\" src=\"https:\/\/www.europesays.com\/no\/wp-content\/uploads\/2025\/11\/3aa0c10c-2e95-454a-96cc-d81eacf0709b\"  alt=\"K\u00d8 UTEN HAST: Til tross for k\u00f8en utenfor senteret var det ingen som planla noen store Black Week kj\u00f8p. \"  loading=\"eager\" fetchpriority=\"high\" style=\"aspect-ratio:1900 \/ 1425\"\/>K\u00d8 UTEN HAST: Til tross for k\u00f8en utenfor senteret var det ingen som planla noen store Black Week kj\u00f8p. Foto: Kristoffer L\u00f8ge HedmanPublisert: Publisert: <\/p>\n<p>For mindre enn 2 timer siden<\/p>\n<ul class=\"hyperion-css-pte5x0\">\n<li aria-label=\"link\" class=\"narrow-button hyperion-css-1sz7d3n\">Kopier lenke<\/li>\n<li aria-label=\"link\" class=\"wide-button hyperion-css-1sz7d3n\">Kopier lenke<\/li>\n<li aria-label=\"facebook\" class=\"narrow-button hyperion-css-1sz7d3n\">Del p\u00e5 Facebook<\/li>\n<li aria-label=\"facebook\" class=\"wide-button hyperion-css-1sz7d3n\">Del p\u00e5 Facebook<\/li>\n<li aria-label=\"email\" class=\"narrow-button hyperion-css-1sz7d3n\">Del med e-post<\/li>\n<li aria-label=\"email\" class=\"wide-button hyperion-css-1sz7d3n\">Del med e-post<\/li>\n<\/ul>\n<p class=\"hyperion-css-1lemvax\">\u2013 Det hele er litt oppskrytt. Det var mye bedre tilbud f\u00f8r, mener Trude Hetty Askeland. <\/p>\n<p class=\"hyperion-css-1lemvax\">Askeland er p\u00e5 Oslo City. Til tross for hundrevis av tilbudsplakater p\u00e5 senteret var det ikke noe som fristet. <\/p>\n<p class=\"hyperion-css-1lemvax\">\u2013 Jeg har bare handlet litt sm\u00e5tting, sier Askeland. <\/p>\n<p><img decoding=\"async\" class=\"image-asset hyperion-css-x3q4zu\" data-test-tag=\"image-asset\" src=\"https:\/\/www.europesays.com\/no\/wp-content\/uploads\/2025\/11\/3bb26827-8244-4ce1-8574-e5120a091eb7\"  alt=\"OPPSKRYTT: Trude Hetty Askeland mener at black week ikke lenger har noen gode tilbud.\"  loading=\"eager\" fetchpriority=\"high\" style=\"aspect-ratio:1900 \/ 1425\"\/>OPPSKRYTT: Trude Hetty Askeland mener at black week ikke lenger har noen gode tilbud. Foto: Kristoffer L\u00f8ge Hedman<\/p>\n<p class=\"hyperion-css-1lemvax\">F\u00f8r black week ble b\u00e5de <a data-test-tag=\"internal-link\" href=\"https:\/\/e24.no\/norsk-oekonomi\/i\/Gyzjxm\/jeg-boikotter-hele-uken\" class=\"hyperion-css-1rezu2g\" rel=\"nofollow noopener\" target=\"\" aria-label=\"uken og tilbudene \">uken og tilbudene <\/a>m\u00f8tt med skepsis. <\/p>\n<p class=\"hyperion-css-1lemvax\">Elkj\u00f8p og Power har derimot hatt en stor \u00f8kning i omsetning og bes\u00f8kstall for kampanjeperioden, opplyser kjedene selv.  <\/p>\n<p>Tviler p\u00e5 tilbudene<\/p>\n<p class=\"hyperion-css-1lemvax\">\u2013 Det er mange luretilbud og konseptet er litt utvannet, mener Ingar Lethingangas. <\/p>\n<p><img decoding=\"async\" class=\"image-asset hyperion-css-n6kkq1\" data-test-tag=\"image-asset\" src=\"https:\/\/www.europesays.com\/no\/wp-content\/uploads\/2025\/11\/09f8f296-23d9-4cb8-85a0-90d75655d583\"  alt=\"\"  fetchpriority=\"auto\" style=\"aspect-ratio:1900 \/ 1425\"\/> Ingar Lethingangas<\/p>\n<p class=\"hyperion-css-1lemvax\">Dagens handletur er p\u00e5 vegne av jobben. Selv planlegger ikke Lethingangas \u00e5 kj\u00f8pe noe.  <\/p>\n<p>Leter ikke etter tilbud<\/p>\n<p class=\"hyperion-css-1lemvax\">Utenfor Glasmagasinet sto flere i k\u00f8 og ventet p\u00e5 at d\u00f8rene \u00e5pnet. <\/p>\n<p class=\"hyperion-css-1lemvax\">\u2013 Er du p\u00e5 utkikk etter et bra black week-tilbud?<\/p>\n<p class=\"hyperion-css-1lemvax\">\u2013 Nei, jeg er egentlig ikke det, svarer Christian Holst som kikker blant hyllene p\u00e5 Elkj\u00f8p. <\/p>\n<p><img decoding=\"async\" class=\"image-asset hyperion-css-n6kkq1\" data-test-tag=\"image-asset\" src=\"https:\/\/www.europesays.com\/no\/wp-content\/uploads\/2025\/11\/f43f14b6-f6f7-473d-ad45-323fb5014838\"  alt=\"\"  fetchpriority=\"auto\" style=\"aspect-ratio:1900 \/ 1425\"\/>Christian Holst<\/p>\n<p class=\"hyperion-css-1lemvax\">Han er p\u00e5 utkikk etter et etui til \u00f8reproppene sine, men har ellers ingen store kj\u00f8psplaner.<\/p>\n<p class=\"hyperion-css-1lemvax\">\u2013 Det kan hende jeg finner et tilbud, men jeg leter ikke, sier Holst. <\/p>\n<p>Hopper p\u00e5 tilbudene<\/p>\n<p class=\"hyperion-css-1lemvax\">P\u00e5 Power var det flere tilbudsjegere. Blant dem Hannah Holstad og Adrian Fauske. <\/p>\n<p class=\"hyperion-css-1lemvax\">\u2013 Det er greit \u00e5 ha tilbud n\u00e5r man f\u00f8rst leter etter noe man trenger, sier Fauske. <\/p>\n<p class=\"hyperion-css-1lemvax\">Ellers m\u00f8ter paret black week med lett skepsisme.<\/p>\n<p class=\"hyperion-css-1lemvax\">\u2013 Det er vanlig at bedriftene presser opp prisene f\u00f8rst, men man kan v\u00e6re heldig \u00e5 finne noe bra, mener Fauske.<\/p>\n<p><img decoding=\"async\" class=\"image-asset hyperion-css-u06ts1\" data-test-tag=\"image-asset\" src=\"https:\/\/www.europesays.com\/no\/wp-content\/uploads\/2025\/11\/e4c3404c-1cbc-48c9-8d52-dee963605693\"  alt=\"FANT ET TILBUD: Hannah Holstad og Adrian Fauske fant et tastatur p\u00e5 tilbud.\"  loading=\"eager\" fetchpriority=\"high\" style=\"aspect-ratio:1900 \/ 1425\"\/>FANT ET TILBUD: Hannah Holstad og Adrian Fauske fant et tastatur p\u00e5 tilbud. Foto: Kristoffer L\u00f8ge Hedman\u2013 Halve Norges befolkning har v\u00e6rt innom<\/p>\n<p class=\"hyperion-css-1lemvax\">\u2013 Black week i \u00e5r har v\u00e6rt kruttsterk! Det er helt r\u00e5tt!, skriver Anders Nilsen, administrerende direkt\u00f8r i Power i en mail til E24. <\/p>\n<p class=\"hyperion-css-1lemvax\">If\u00f8lge Nilsen har Power hatt flere bes\u00f8kende og h\u00f8yere omsetning, b\u00e5de i fysiske butikker og p\u00e5 nett, sammenlignet med fjor\u00e5ret. <\/p>\n<p class=\"hyperion-css-1lemvax\">\u2013 Halve Norges befolkning har v\u00e6rt innom Power under kampanjen, forteller Nilsen. <\/p>\n<p><img decoding=\"async\" class=\"image-asset hyperion-css-u06ts1\" data-test-tag=\"image-asset\" src=\"https:\/\/www.europesays.com\/no\/wp-content\/uploads\/2025\/11\/256c7ad2-1ba0-4aa7-b4ce-124ab318b343\"  alt=\"KRUTTSTERK: Power-sjef Anders Nilsen beskriver \u00e5rets black week som kruttsterk. Power har hatt en betydelig \u00f8kning i salg, if\u00f8lge Nilsen.\"  loading=\"eager\" fetchpriority=\"high\" style=\"aspect-ratio:1024 \/ 683\"\/>KRUTTSTERK: Power-sjef Anders Nilsen beskriver \u00e5rets black week som kruttsterk. Power har hatt en betydelig \u00f8kning i salg, if\u00f8lge Nilsen. Foto: Power<\/p>\n<p class=\"hyperion-css-1lemvax\">Power har hatt spesifikke black friday-tilbud p\u00e5 blant annet Playstation 5. <\/p>\n<p class=\"hyperion-css-1lemvax\">\u2013 Bare de f\u00f8rste minuttene ble det solgt over 500 konsoller, og salget har fortsatt gjennom natten og utover dagen. <\/p>\n<p class=\"hyperion-css-1lemvax\">\u2013 Vi ser at fredagen er ekstra sterk, det er helt tydelig at mange har tatt seg fri for \u00e5 handle i dag, sier Nilsen.<\/p>\n<p><img decoding=\"async\" class=\"image-asset hyperion-css-u06ts1\" data-test-tag=\"image-asset\" src=\"https:\/\/www.europesays.com\/no\/wp-content\/uploads\/2025\/11\/ada4882b-072d-467d-9328-8826ff11fc3f\"  alt=\"NETTBESTILLINGER: Power City i Oslo jobber seg gjennom en lang remse med nettbestillinger.\"  loading=\"eager\" fetchpriority=\"high\" style=\"aspect-ratio:1900 \/ 1425\"\/>NETTBESTILLINGER: Power City i Oslo jobber seg gjennom en lang remse med nettbestillinger. Foto: Silje Ensrud \/ POWERMot rekord<\/p>\n<p class=\"hyperion-css-1lemvax\">\u2013 Salget har g\u00e5tt over all forventning og vi ser det g\u00e5r mot rekord, b\u00e5de totalt sett og for de aller fleste av v\u00e5re butikker, sier Kristian Willanger, kommunikasjonssjef i Elkj\u00f8p. <\/p>\n<p class=\"hyperion-css-1lemvax\">Kun p\u00e5 black friday har Elkj\u00f8p en omsetningsvekst p\u00e5 femti prosent sammenlignet med i fjor. <\/p>\n<p class=\"hyperion-css-1lemvax\">\u2013 For hele kampanjen ser vi ogs\u00e5 en tosifret omsetningsvekst s\u00e5 langt, men vi er ikke ferdige enda. Kampanjen varer til og med mandag og butikkene bugner av varer og kunder, s\u00e5 vi tror p\u00e5 den beste black week noensinne for v\u00e5r del, sp\u00e5r Willanger. <\/p>\n<p><img decoding=\"async\" class=\"image-asset hyperion-css-n6kkq1\" data-test-tag=\"image-asset\" src=\"https:\/\/www.europesays.com\/no\/wp-content\/uploads\/2025\/11\/aa1813fd-20ee-4a46-b9ff-9609212c7933\"  alt=\"\"  fetchpriority=\"auto\" style=\"aspect-ratio:540 \/ 314\"\/>Kristian Willanger<\/p>\n<p class=\"hyperion-css-1lemvax\">Kommunikasjonssjef i Elkj\u00f8p<\/p>\n<p class=\"hyperion-css-1lemvax\">\u2013 Det har v\u00e6rt sp\u00e5dd at f\u00e6rre nordmenn handler p\u00e5 black week, har dere opplevd at det er f\u00e6rre kunder enn tidligere \u00e5r?<\/p>\n<p class=\"hyperion-css-1lemvax\">\u2013 Nei, p\u00e5 ingen m\u00e5te. Vi kjenner oss ikke igjen i bildet som tegnes av black week. Det gj\u00f8r \u00e5penbart ikke kundene v\u00e5re heller, for salget v\u00e5rt \u00f8ker for hvert \u00e5r, svarer kommunikasjonssjefen.<\/p>\n<p class=\"hyperion-css-1lemvax\">\u2013 Kampanjen som helhet er \u00e5rets st\u00f8rste og billigste. Derfor er det smart \u00e5 handle julegavene n\u00e5. Det bekrefter b\u00e5de salgstall og kundestr\u00f8mmen i v\u00e5re butikker at de fleste har skj\u00f8nt, avslutter han.<\/p>\n<p>Ingen tro p\u00e5 black week<\/p>\n<p class=\"hyperion-css-1lemvax\">Professor Tor W. Andreassen fra Norges Handelsh\u00f8yskole (NHH) hadde liten tro p\u00e5 at det ville komme noen store b\u00f8lger med kunder i butikkene for black week. <\/p>\n<p class=\"hyperion-css-1lemvax\">\u2013 Black week har utspilt sin rolle. Det har blitt helt inflatert, sa professoren til E24 tidligere i uken. <\/p>\n<p><img decoding=\"async\" class=\"image-asset hyperion-css-1r1fl4u\" data-test-tag=\"image-asset\" src=\"https:\/\/www.europesays.com\/no\/wp-content\/uploads\/2025\/11\/7d270523-5d8e-42aa-9b65-ead2421ebb48\"  alt=\"UTSPILT: Professor Tor W. Andreassen fra Norges Handelsh\u00f8yskole (NHH) mener at Black Week har utspilt sin rolle. \"  loading=\"eager\" fetchpriority=\"high\" style=\"aspect-ratio:1900 \/ 1900\"\/>UTSPILT: Professor Tor W. Andreassen fra Norges Handelsh\u00f8yskole (NHH) mener at Black Week har utspilt sin rolle. Foto: ODD MEHUS<\/p>\n<p class=\"hyperion-css-1lemvax\">N\u00e5 stiller han sp\u00f8rsm\u00e5l ved ukens gode resultater.<\/p>\n<p class=\"hyperion-css-1lemvax\">\u2013 Det har v\u00e6rt mye diskusjon rundt disse prisene. At folk likevel handler betyr at de enten har fortrengt det eller handlet i god tro om at prisene og tilbudene er gunstige, sier professoren.<\/p>\n<p class=\"hyperion-css-1lemvax\">\u2013 Selv er jeg skeptisk. <\/p>\n<p class=\"hyperion-css-1lemvax\">En annen forklaring p\u00e5 det gode resultatet er at folk har tatt julehandelen tidligere, mener professoren. I s\u00e5 fall vil resultatet for desember se d\u00e5rligere ut. <\/p>\n<p class=\"hyperion-css-1lemvax\">\u2013 Sp\u00f8rsm\u00e5let er om vi har kannibalisert desember-handelen. Det er en naturlig tanke, vi m\u00e5 se om desember blir like bra, sier Andreassen.<\/p>\n","protected":false},"excerpt":{"rendered":"F\u00e5 tilbudsjegere blant butikkundene E24 snakket med. Butikksjefene er derimot storforn\u00f8yde med nye rekorder. K\u00d8 UTEN HAST: Til&hellip;\n","protected":false},"author":2,"featured_media":100088,"comment_status":"","ping_status":"","sticky":false,"template":"","format":"standard","meta":{"footnotes":""},"categories":[5],"tags":[20,21,24,25,15,19,22,23,17,18,13,30,28,29,14,16,26,27],"class_list":{"0":"post-100087","1":"post","2":"type-post","3":"status-publish","4":"format-standard","5":"has-post-thumbnail","7":"category-overskrifter","8":"tag-breaking-news","9":"tag-breakingnews","10":"tag-featured-news","11":"tag-featurednews","12":"tag-headlines","13":"tag-hovedoppslag","14":"tag-latest-news","15":"tag-latestnews","16":"tag-main-news","17":"tag-mainnews","18":"tag-news","19":"tag-no","20":"tag-norge","21":"tag-norway","22":"tag-nyheter","23":"tag-overskrifter","24":"tag-top-stories","25":"tag-topstories"},"share_on_mastodon":{"url":"https:\/\/pubeurope.com\/@no\/115633973522332534","error":""},"_links":{"self":[{"href":"https:\/\/www.europesays.com\/no\/wp-json\/wp\/v2\/posts\/100087","targetHints":{"allow":["GET"]}}],"collection":[{"href":"https:\/\/www.europesays.com\/no\/wp-json\/wp\/v2\/posts"}],"about":[{"href":"https:\/\/www.europesays.com\/no\/wp-json\/wp\/v2\/types\/post"}],"author":[{"embeddable":true,"href":"https:\/\/www.europesays.com\/no\/wp-json\/wp\/v2\/users\/2"}],"replies":[{"embeddable":true,"href":"https:\/\/www.europesays.com\/no\/wp-json\/wp\/v2\/comments?post=100087"}],"version-history":[{"count":0,"href":"https:\/\/www.europesays.com\/no\/wp-json\/wp\/v2\/posts\/100087\/revisions"}],"wp:featuredmedia":[{"embeddable":true,"href":"https:\/\/www.europesays.com\/no\/wp-json\/wp\/v2\/media\/100088"}],"wp:attachment":[{"href":"https:\/\/www.europesays.com\/no\/wp-json\/wp\/v2\/media?parent=100087"}],"wp:term":[{"taxonomy":"category","embeddable":true,"href":"https:\/\/www.europesays.com\/no\/wp-json\/wp\/v2\/categories?post=100087"},{"taxonomy":"post_tag","embeddable":true,"href":"https:\/\/www.europesays.com\/no\/wp-json\/wp\/v2\/tags?post=100087"}],"curies":[{"name":"wp","href":"https:\/\/api.w.org\/{rel}","templated":true}]}}