{"id":100093,"date":"2025-11-29T16:46:19","date_gmt":"2025-11-29T16:46:19","guid":{"rendered":"https:\/\/www.europesays.com\/no\/100093\/"},"modified":"2025-11-29T16:46:19","modified_gmt":"2025-11-29T16:46:19","slug":"storhamar-hockey-sport-kriserammede-oilers-mangler-flere-nokkelspillere-vi-far-se","status":"publish","type":"post","link":"https:\/\/www.europesays.com\/no\/100093\/","title":{"rendered":"Storhamar hockey, Sport | Kriserammede Oilers mangler flere n\u00f8kkelspillere: \u2013 Vi f\u00e5r se"},"content":{"rendered":"<p>      Storhamar hockey, Sport | Kriserammede Oilers mangler flere n\u00f8kkelspillere: \u2013 Vi f\u00e5r se<\/p>\n<p>        <a href=\"#main-content-begin\" class=\"maelstrom-skip-link\"><br \/>\n    G\u00e5 til sidens hovedinnhold<br \/>\n<\/a><\/p>\n<p>   <img decoding=\"async\" width=\"1024\" height=\"768\" fetchpriority=\"high\"  loading=\"eager\"  src=\"https:\/\/www.europesays.com\/no\/wp-content\/uploads\/2025\/11\/gj%C3%B8se.jpg\" alt=\"\" class=\"brick-c-cFOWSL\" style=\"--brick-image-ratio: 1024 \/ 768;\"\/><\/p>\n<p>      Anders Gj\u00f8se, her avbildet etter et tap for Storhamar i sluttspillet i april, har en t\u00f8ff jobb med \u00e5 snu den nedadg\u00e5ende Oilers-pilen. I kveld kommer klubbens st\u00f8rste trenerprofil p\u00e5 bes\u00f8k til DNB for  \u00e5 fors\u00f8ke \u00e5 gj\u00f8re livet hans surt p\u00e5 trenerbenken.<br \/>\n      Foto: Bendik Havdal Eriksen\n    <\/p>\n<p data-content=\"lead-text\" class=\"lead-text story brick-c-eOZvhA\">\n<p>          DIREKTE: F\u00f8lg Stavanger Oilers \u2013 Storhamar her fra klokken 18.30!\n      <\/p>\n<p>    Plussmerking. Denne artikkelen kan bare leses av abonenter<\/p>\n<p>  For abonnenter<\/p>\n<p>          Til toppen<\/p>\n<p>    <a href=\"https:\/\/www.h-a.no\/\" class=\"logo\" rel=\"nofollow noopener\" target=\"_blank\"><br \/>\n        <img decoding=\"async\" src=\"https:\/\/assets.acdn.no\/local\/v3\/publications\/www.h-a.no\/gfx\/small.svg\" alt=\"G\u00e5 til Hamar Arbeiderblad hovedside\" height=\"66\" width=\"auto\" loading=\"lazy\"\/><br \/>\n    <\/a><\/p>\n<p>Hamar Arbeiderblad \u00a9 2025<\/p>\n<p>    <a href=\"https:\/\/www.redaktor.no\/ressurser\/temaer\/redaktoransvar\" rel=\"noopener nofollow\" target=\"_blank\"><br \/>\n        <img decoding=\"async\" alt=\"G\u00e5 til redaktor.no for \u00e5 lese om redakt\u00f8ransvar\" class=\"redaktoransvar\" src=\"https:\/\/r.acdn.no\/brandheader\/default\/redaktoransvar.svg\" height=\"85\" width=\"85\" loading=\"lazy\"\/><br \/>\n    <\/a><\/p>\n","protected":false},"excerpt":{"rendered":"Storhamar hockey, Sport | Kriserammede Oilers mangler flere n\u00f8kkelspillere: \u2013 Vi f\u00e5r se G\u00e5 til sidens hovedinnhold Anders&hellip;\n","protected":false},"author":2,"featured_media":100094,"comment_status":"","ping_status":"","sticky":false,"template":"","format":"standard","meta":{"footnotes":""},"categories":[59],"tags":[30,28,29,83,82],"class_list":{"0":"post-100093","1":"post","2":"type-post","3":"status-publish","4":"format-standard","5":"has-post-thumbnail","7":"category-sport","8":"tag-no","9":"tag-norge","10":"tag-norway","11":"tag-sport","12":"tag-sports"},"share_on_mastodon":{"url":"https:\/\/pubeurope.com\/@no\/115634004674978380","error":""},"_links":{"self":[{"href":"https:\/\/www.europesays.com\/no\/wp-json\/wp\/v2\/posts\/100093","targetHints":{"allow":["GET"]}}],"collection":[{"href":"https:\/\/www.europesays.com\/no\/wp-json\/wp\/v2\/posts"}],"about":[{"href":"https:\/\/www.europesays.com\/no\/wp-json\/wp\/v2\/types\/post"}],"author":[{"embeddable":true,"href":"https:\/\/www.europesays.com\/no\/wp-json\/wp\/v2\/users\/2"}],"replies":[{"embeddable":true,"href":"https:\/\/www.europesays.com\/no\/wp-json\/wp\/v2\/comments?post=100093"}],"version-history":[{"count":0,"href":"https:\/\/www.europesays.com\/no\/wp-json\/wp\/v2\/posts\/100093\/revisions"}],"wp:featuredmedia":[{"embeddable":true,"href":"https:\/\/www.europesays.com\/no\/wp-json\/wp\/v2\/media\/100094"}],"wp:attachment":[{"href":"https:\/\/www.europesays.com\/no\/wp-json\/wp\/v2\/media?parent=100093"}],"wp:term":[{"taxonomy":"category","embeddable":true,"href":"https:\/\/www.europesays.com\/no\/wp-json\/wp\/v2\/categories?post=100093"},{"taxonomy":"post_tag","embeddable":true,"href":"https:\/\/www.europesays.com\/no\/wp-json\/wp\/v2\/tags?post=100093"}],"curies":[{"name":"wp","href":"https:\/\/api.w.org\/{rel}","templated":true}]}}