{"id":100095,"date":"2025-11-29T16:52:09","date_gmt":"2025-11-29T16:52:09","guid":{"rendered":"https:\/\/www.europesays.com\/no\/100095\/"},"modified":"2025-11-29T16:52:09","modified_gmt":"2025-11-29T16:52:09","slug":"mareritt-for-de-norske-kvinnene-pa-stafetten-i-ostersund-nrk-sport-sportsnyheter-resultater-og-sendeplan","status":"publish","type":"post","link":"https:\/\/www.europesays.com\/no\/100095\/","title":{"rendered":"Mareritt for de norske kvinnene p\u00e5 stafetten i \u00d6stersund \u2013 NRK Sport \u2013 Sportsnyheter, resultater og sendeplan"},"content":{"rendered":"<p>Allerede p\u00e5 f\u00f8rste skyting ble det klart at noe ikke stemte for Tandrevold.<\/p>\n<p>\u2013 Hun bommer b\u00e5de h\u00f8yre og venstre i helt vindstille forhold. Det er ikke det Ingrid vanligvis leverer, sier NRKs kommentator Torgeir Bj\u00f8rn.<\/p>\n<p><img decoding=\"async\"   src=\"data:image\/gif;base64,R0lGODlhAQABAIAAAAAAAP\/\/\/yH5BAEAAAAALAAAAAABAAEAAAIBRAA7\" loading=\"eager\" alt=\"En kvinnelig skil\u00f8per hever armen i triumf, if\u00f8rt konkurransedress med nummer 1. Hun st\u00e5r sammen med andre ut\u00f8vere, som ogs\u00e5 b\u00e6rer ski og konkurransedrakter. Bakgrunnen viser sn\u00f8dekte l\u00f8yper og et publikum i avstand. V\u00e6rforholdene er solfylte med klart v\u00e6r.\" title=\"Foto: Geir Olsen \/ NTB\"\/><\/p>\n<p class=\"\">TOPPFORM: Tandrevold jubler etter seieren p\u00e5 fellesstarten under sesong\u00e5pningen p\u00e5 Geilo.<\/p>\n<p>Foto: Geir Olsen \/ NTB<\/p>\n<p>Full forvirring<\/p>\n<p>Tandrevold ble v\u00e6rende uvanlig lenge p\u00e5 matta etter liggende skyting. Det ga kommentatorene grunn til \u00e5 tro at hun hadde mistet oversikten over skuddene.<\/p>\n<p>Etter l\u00f8pet forklarer Tandrevold til NRK at hun ble liggende fordi hun trodde hun hadde brukt tre ekstraskudd, mens tavlen viste noe annet.<\/p>\n<p>\u2013 Det sto at jeg bare hadde skutt to. Jeg ble veldig usikker og m\u00e5tte sjekke hvor mange jeg faktisk hadde igjen. Det gjorde meg veldig forvirret, sier Tandrevold.<\/p>\n<p>N\u00e5del\u00f8s dom<\/p>\n<p>\u2013 En helt svart dag for Norge. Ingenting fungerte egentlig, sier NRK-kommentator Ola Lunde.<\/p>\n<p>Frankrike tok en klar seier og viste nok en gang hvorfor de regnes som verdens beste kvinnelag. Italia sikret andreplassen etter en solid avslutning, mens Tsjekkia tok den siste pallplassen med en imponerende sisteetappe.<\/p>\n<p><img decoding=\"async\"   src=\"data:image\/gif;base64,R0lGODlhAQABAIAAAAAAAP\/\/\/yH5BAEAAAAALAAAAAABAAEAAAIBRAA7\" loading=\"eager\" alt=\"Ut\u00f8vere st\u00e5r p\u00e5 pallen under BMW IBU Verdenscup i skiskyting i \u00d6stersund. De holder skiene sine og viser frem medaljer. Bakgrunn inkluderer reklame og sponsornavn. Arrangementet finner sted utend\u00f8rs, med sn\u00f8 og bl\u00e5 himmel.\" title=\"Foto: BJORN LARSSON ROSVALL \/ AFP \/ NTB\"\/><\/p>\n<p class=\"\">TOPP TRE: Frankrike, Italia og Tsjekkia p\u00e5 pallen i \u00d6stersund.<\/p>\n<p>Foto: BJORN LARSSON ROSVALL \/ AFP \/ NTB<\/p>\n<p>Norge var over fire minutter bak og endte p\u00e5 en tung 13.-plass i \u00d6stersund. Karoline Knotten \u00e5pnet riktignok solid og sendte laget ut som nummer seks, men derfra gikk det galt for Ingrid Landmark Tandrevold.<\/p>\n<p>Ragnhild Femsteinevik m\u00e5tte ogs\u00e5 i strafferunden p\u00e5 tredje etappe og vekslet med Maren Kirkeeide p\u00e5 17.-plass.<\/p>\n<p><img decoding=\"async\"   src=\"data:image\/gif;base64,R0lGODlhAQABAIAAAAAAAP\/\/\/yH5BAEAAAAALAAAAAABAAEAAAIBRAA7\" loading=\"eager\" alt=\"Tre skil\u00f8pere st\u00e5r sammen p\u00e5 en sn\u00f8fylt arena. De holder ski i h\u00e5nden og b\u00e6rer r\u00f8de og bl\u00e5 jakker med sponsorlogoer. Bakgrunnen viser et treomr\u00e5de og tilskuere som f\u00f8lger med p\u00e5 arrangementet. De har p\u00e5 seg huer og hansker, klare for konkurranse.\" title=\"Foto: Geir Olsen \/ NTB\"\/><\/p>\n<p class=\"\">STERK \u00c5PNING: Ragnhild Femsteinevik, som ogs\u00e5 bommet i stafetten, leverte sterkt i sesong\u00e5pningen p\u00e5 Geilo og ble nummer to bak Tandrevold.<\/p>\n<p>Foto: Geir Olsen \/ NTB<\/p>\n<p>Kirkeeide avsluttet sterkt, trengte bare ett ekstraskudd og hentet inn flere plasser p\u00e5 sisterunden \u2013 men det var langt fra nok til \u00e5 redde Norges dag.<\/p>\n<p><strong>\u2013 Dette er en stafett som Norge m\u00e5 glemme fortest mulig, sier NRKs kommentator Ole Kristian Stoltenberg.<\/strong><\/p>\n<p>Ble lammet av frykten<\/p>\n<p>\u2013 Jeg blir redd, rett og slett, sier Tandrevold til NRK.<\/p>\n<p>Hun forklarer at erfaringene fra fjor\u00e5rets stafetter fortsatt sitter i kroppen, og at gamle tanker dukket opp da bommene begynte \u00e5 komme.<\/p>\n<p>\u2013 N\u00e5r jeg f\u00f8rst begynner \u00e5 bomme, klarer jeg ikke \u00e5 holde det smale fokuset som jeg skal, sier hun, og legger til at hun kjente p\u00e5 en sterk frykt for \u00e5 \u00f8delegge for laget.<\/p>\n<p><img decoding=\"async\"   src=\"data:image\/gif;base64,R0lGODlhAQABAIAAAAAAAP\/\/\/yH5BAEAAAAALAAAAAABAAEAAAIBRAA7\" loading=\"eager\" alt=\"\" title=\"Foto: Bj\u00f6rn Larsson Rosvall\/TT \/ TT \/ NTB\"\/><\/p>\n<p class=\"\">FALT BAKOVER: Tandrevold startet etappen p\u00e5 sjetteplass og endte med \u00e5 veksle som nummer 17.<\/p>\n<p>Foto: Bj\u00f6rn Larsson Rosvall\/TT \/ TT \/ NTB<\/p>\n<p>Tandrevold \u00e5pnet med fire bom og \u00e9n strafferunde p\u00e5 liggende, og usikkerheten tok henne med videre til st\u00e5ende. Der endte hun med to nye strafferunder, og med det forsvant Norges sjanse i verdenscup\u00e5pningen.<\/p>\n<p>Hun sier hun har jobbet mye mentalt for \u00e5 \u00abholde fokus og ikke bli redd for \u00e5 skyte\u00bb, men at frykten likevel kom tilbake i dag.<\/p>\n<p>\u2013 Skikkelig kjipt \u00e5 \u00f8delegge<\/p>\n<p>Mot slutten fryktet ankerkvinne Kirkeeide \u00e5 bli tatt igjen med en runde.<\/p>\n<p>\u2013 Det kunne skjedd. Jeg h\u00e5pte ikke det skulle skje, sier hun til NRK.<\/p>\n<p><img decoding=\"async\"   src=\"data:image\/gif;base64,R0lGODlhAQABAIAAAAAAAP\/\/\/yH5BAEAAAAALAAAAAABAAEAAAIBRAA7\" loading=\"eager\" alt=\"En kvinnelig skiskytter i konkurranseposisjon holder en rifle. Hun har p\u00e5 seg en r\u00f8d og bl\u00e5 konkurransedrakt med nummer 34. Omgivelsene er iskalde, noe som antydes av utstyret og bekledningen. Det er en tydelig fokusert atmosf\u00e6re i bildet.\" title=\"Foto: Bj\u00f6rn Larsson Rosvall\/TT \/ TT \/ NTB\"\/><\/p>\n<p class=\"\">KLATRET: Maren Kirkeeide hentet fire plasser p\u00e5 sisterunden.<\/p>\n<p>Foto: Bj\u00f6rn Larsson Rosvall\/TT \/ TT \/ NTB<\/p>\n<p>Karoline Knotten var opptatt av \u00e5 ikke grave seg ned.<\/p>\n<p>\u2013 Vi m\u00e5 ta med oss det vi gj\u00f8r bra. Vi tar med oss det vi fikk til. Det er ikke vits \u00e5 grave videre. Vi m\u00e5 se fremover. Vi vet hva vi er gode p\u00e5, sier Knotten.<\/p>\n<p>For Ingrid Landmark Tandrevold ble det en helsvart dag.<\/p>\n<p>\u2013 Det er skikkelig kjipt \u00e5 \u00f8delegge s\u00e5nn for de andre jentene, sier Tandrevold til NRK.<\/p>\n<p>\u2013 Hvordan snur man det igjen?<\/p>\n<p>\u2013 Det blir nok ikke mange stafetter p\u00e5 meg f\u00f8r jul. Det er flere andre gode jenter som ikke gikk i dag som antakeligvis f\u00e5r muligheten n\u00e5r jeg ikke klarer \u00e5 levere p\u00e5 stafett, sier hun.<\/p>\n<p>Publisert<\/p>\n<p>29.11.2025, kl. 14.32<\/p>\n<p>Oppdatert<\/p>\n<p>29.11.2025, kl. 16.45<\/p>\n","protected":false},"excerpt":{"rendered":"Allerede p\u00e5 f\u00f8rste skyting ble det klart at noe ikke stemte for Tandrevold. \u2013 Hun bommer b\u00e5de h\u00f8yre&hellip;\n","protected":false},"author":2,"featured_media":100013,"comment_status":"","ping_status":"","sticky":false,"template":"","format":"standard","meta":{"footnotes":""},"categories":[5],"tags":[20,21,24,25,15,19,22,23,17,18,13,30,28,29,14,16,26,27],"class_list":{"0":"post-100095","1":"post","2":"type-post","3":"status-publish","4":"format-standard","5":"has-post-thumbnail","7":"category-overskrifter","8":"tag-breaking-news","9":"tag-breakingnews","10":"tag-featured-news","11":"tag-featurednews","12":"tag-headlines","13":"tag-hovedoppslag","14":"tag-latest-news","15":"tag-latestnews","16":"tag-main-news","17":"tag-mainnews","18":"tag-news","19":"tag-no","20":"tag-norge","21":"tag-norway","22":"tag-nyheter","23":"tag-overskrifter","24":"tag-top-stories","25":"tag-topstories"},"share_on_mastodon":{"url":"https:\/\/pubeurope.com\/@no\/115634028167536138","error":""},"_links":{"self":[{"href":"https:\/\/www.europesays.com\/no\/wp-json\/wp\/v2\/posts\/100095","targetHints":{"allow":["GET"]}}],"collection":[{"href":"https:\/\/www.europesays.com\/no\/wp-json\/wp\/v2\/posts"}],"about":[{"href":"https:\/\/www.europesays.com\/no\/wp-json\/wp\/v2\/types\/post"}],"author":[{"embeddable":true,"href":"https:\/\/www.europesays.com\/no\/wp-json\/wp\/v2\/users\/2"}],"replies":[{"embeddable":true,"href":"https:\/\/www.europesays.com\/no\/wp-json\/wp\/v2\/comments?post=100095"}],"version-history":[{"count":0,"href":"https:\/\/www.europesays.com\/no\/wp-json\/wp\/v2\/posts\/100095\/revisions"}],"wp:featuredmedia":[{"embeddable":true,"href":"https:\/\/www.europesays.com\/no\/wp-json\/wp\/v2\/media\/100013"}],"wp:attachment":[{"href":"https:\/\/www.europesays.com\/no\/wp-json\/wp\/v2\/media?parent=100095"}],"wp:term":[{"taxonomy":"category","embeddable":true,"href":"https:\/\/www.europesays.com\/no\/wp-json\/wp\/v2\/categories?post=100095"},{"taxonomy":"post_tag","embeddable":true,"href":"https:\/\/www.europesays.com\/no\/wp-json\/wp\/v2\/tags?post=100095"}],"curies":[{"name":"wp","href":"https:\/\/api.w.org\/{rel}","templated":true}]}}