{"id":100106,"date":"2025-11-29T17:01:20","date_gmt":"2025-11-29T17:01:20","guid":{"rendered":"https:\/\/www.europesays.com\/no\/100106\/"},"modified":"2025-11-29T17:01:20","modified_gmt":"2025-11-29T17:01:20","slug":"jan-thomas-avslorer-ukjent-rituale-i-skal-vi-danse","status":"publish","type":"post","link":"https:\/\/www.europesays.com\/no\/100106\/","title":{"rendered":"Jan Thomas avsl\u00f8rer ukjent rituale i \u00abSkal vi danse\u00bb"},"content":{"rendered":"<p> Kort tid etter klokka 14.30 l\u00f8rdag kom en dramatisk utvikling i budsjettforhandlingene.\u00a0<\/p>\n<p>MDG har brutt forhandlingene med Arbeiderpartiet, SV, Senterpartiet og R\u00f8dt.<\/p>\n<p class=\"no_italic m-no_italic\" data-lab-italic=\"\">&#8211; St\u00f8re kan kaste landet v\u00e5rt ut i en regjeringskrise, sier MDGs Arild Hermstad til pressen.<\/p>\n<p class=\"no_italic m-no_italic\" data-lab-italic=\"\"> Dermed har ikke Arbeiderpartiet og Jonas Gahr St\u00f8re, per n\u00e5, flertall for \u00e5 f\u00e5 gjennom et budsjett i Stortinget. Dermed har ikke Arbeiderpartiet og Jonas Gahr St\u00f8re, per n\u00e5, flertall for \u00e5 f\u00e5 gjennom et budsjett i Stortinget.<\/p>\n<p>    <a itemprop=\"url\" href=\"https:\/\/www.dagbladet.no\/nyheter\/pause-i-natt-timer-til-fristen\/83915231\" rel=\"nofollow noopener\" target=\"_blank\"><\/p>\n<p>      <img loading=\"lazy\" decoding=\"async\" src=\"https:\/\/www.europesays.com\/no\/wp-content\/uploads\/2025\/11\/1764435671_840_83915544.webp\" width=\"980\" height=\"441\" title=\"Pause i natt: Timer til fristen\" alt=\"\" class=\"lazyload\" style=\"--aspect-ratio-image: 2.22; \"\/><\/p>\n<p>        Pause i natt: Timer til fristen<\/p>\n<p>    <\/a><\/p>\n<p>&#8211; Blir dritbra  <\/p>\n<p class=\"no_italic m-no_italic\" data-lab-italic=\"\">Like etter 17 fortsetter forhandlingene. R\u00f8dt er p\u00e5 vei tilbake i forhandlingsrommet.<\/p>\n<p class=\"no_italic m-no_italic\" data-lab-italic=\"\">&#8211; Jeg gleder meg til \u00e5 legge fram budsjettet. Det blir dritbra, sier R\u00f8dts forhandlingsleder Mimir Kristjansson og ler.<\/p>\n<p>          <img loading=\"lazy\" decoding=\"async\" src=\"https:\/\/www.europesays.com\/no\/wp-content\/uploads\/2025\/11\/83917380.webp\" width=\"980\" height=\"559\" title=\"- GLEDER MEG: R\u00f8dts Mimir Kristjansson er optimistisk p\u00e5 vei inn i forhandlingene, etter MDG-bruddet. Foto: Thomas Fure \/ NTB\" alt=\"\" class=\"\" style=\"--aspect-ratio-image: 1.75; \"\/><\/p>\n<p>\n          &#8211; GLEDER MEG: R\u00f8dts Mimir Kristjansson er optimistisk p\u00e5 vei inn i forhandlingene, etter MDG-bruddet. Foto: Thomas Fure \/ NTB\n      <\/p>\n<p class=\"italic m-italic\" data-lab-italic=\"italic\">&#8211; Hva skal til for at dette lander n\u00e5?<\/p>\n<p class=\"no_italic m-no_italic\" data-lab-italic=\"\">&#8211; Det skal vi skaffe et flertall for i stortingssalen. Bare vent til vi legger det fram, da vil de fleste skj\u00f8nne hvor bra dette budsjettet er.<\/p>\n<p>&#8211; Hans ansvar<\/p>\n<p class=\"no_italic m-no_italic\" data-lab-italic=\"\">H\u00f8yre-leder Erna Solberg kommenterer fredag ettermiddag br\u00e5ket. Hun sier det er for tidlig \u00e5 spekulere i andre flertall.<\/p>\n<p class=\"no_italic m-no_italic\" data-lab-italic=\"\">&#8211;\u00a0 Jonas Gahr St\u00f8re gikk til valg p\u00e5 \u00e5 styre Norge sammen med disse partiene. Det er hans ansvar dersom dette ender med regjeringskrise p\u00e5 f\u00f8rste fors\u00f8k. Det er statsministerens viktigste jobb \u00e5 s\u00f8rge for at landet f\u00e5r et trygt og ansvarlig statsbudsjett, skriver Solberg i en pressemelding.<\/p>\n<p>H\u00f8yre-lederen p\u00e5peker at det finnes andre flertall i Stortinget enn partiene som n\u00e5 har forhandlet, alts\u00e5 Ap, SV, Sp, R\u00f8dt og MDG.<\/p>\n<p>&#8211; Det finnes andre flertall i Stortinget, men det er altfor tidlig \u00e5 spekulere i den slags n\u00e5.\u00a0<\/p>\n<p>&#8211; Vanskelig \u00e5 leve med<\/p>\n<p class=\"no_italic m-no_italic\" data-lab-italic=\"\">Hermstad peker p\u00e5 at Ap ikke er villige til \u00e5 gi MDG gjennomslag i milj\u00f8politikken og at det ikke kom gjennomslag for stans i nye letetillatelser og oljelisenser.<\/p>\n<p>          <img loading=\"lazy\" decoding=\"async\" src=\"https:\/\/www.europesays.com\/no\/wp-content\/uploads\/2025\/11\/1764435673_615_83917055.webp\" width=\"686\" height=\"426\" title=\"OVER OG UT: Hermstad forlater Stortinget l\u00f8rdag ettermiddag. Like f\u00f8r annonserte han at MDG bryter budsjettforhandlingene. Foto: Jonas Been Henriksen \/ NTB.\" alt=\"\" class=\"\" style=\"--aspect-ratio-image: 1.61; \"\/><\/p>\n<p>\n          OVER OG UT: Hermstad forlater Stortinget l\u00f8rdag ettermiddag. Like f\u00f8r annonserte han at MDG bryter budsjettforhandlingene. Foto: Jonas Been Henriksen \/ NTB.\n      <\/p>\n<p>&#8211; N\u00e5r ingenting av dette er p\u00e5 bordet, er det veldig vanskelig for et milj\u00f8parti \u00e5 si at det er en standard vi kan leve med, sier Hermstad.<\/p>\n<p>Hermstad \u00e5pner imidlertid for nye samtaler, dersom St\u00f8re gir mer p\u00e5 klima.<\/p>\n<p>&#8211; S\u00e5 er vi villige til \u00e5 snakke videre, sier Hermstad.<\/p>\n<p>    <a itemprop=\"url\" href=\"https:\/\/www.dagbladet.no\/nyheter\/sov-over-pa-stortinget\/83907517\" rel=\"nofollow noopener\" target=\"_blank\"><\/p>\n<p>      <img loading=\"lazy\" decoding=\"async\" src=\"https:\/\/www.europesays.com\/no\/wp-content\/uploads\/2025\/11\/1764435675_993_83907550.webp\" width=\"980\" height=\"441\" title=\"Sov over p\u00e5 Stortinget\" alt=\"\" class=\"lazyload\" style=\"--aspect-ratio-image: 2.22; \"\/><\/p>\n<p>        Sov over p\u00e5 Stortinget<\/p>\n<p>    <\/a><\/p>\n<p>For seint \u00e5 snu<\/p>\n<p>P\u00e5 Dagbladets sp\u00f8rsm\u00e5l om hvordan Hermstad skal f\u00e5 tid til dette n\u00e5r fristen er i ferd med \u00e5 g\u00e5 ut, svarer han:<\/p>\n<p>&#8211; Dette handler ikke egentlig om frister. Dette handler om vilje til endring. Og hvis den ikke er der, s\u00e5 kan vi ha s\u00e5 mange frister vi vil, sier Hermstad.<\/p>\n<p>Reglene er imidlertid klare: Budsjettet skal v\u00e6re i havn s\u00f8ndag, og dette er blitt strengere med Stortingets nye forretningsorden.\u00a0 Opposisjonen trenger 24 timer til \u00e5 legge inn merknader til budsjettet, f\u00f8r fristen s\u00f8ndag. Dermed er det allerede i ferd med \u00e5 bli for seint.\u00a0<\/p>\n<p> &#8211; Hvis de ikke vil endre noe, f\u00e5r fristene ryke. Det er deres ansvar, sier Hermstad til Dagbladet.<\/p>\n<p>Han kritiserer Arbeiderpartiet for d\u00e5rlig forhandlingsstrategi.<\/p>\n<p>&#8211; Det har v\u00e6rt veldig mye fram og tilbake og ingen tydelig plan for framdrift og frister. Det er ikke noen suksessoppskrift n\u00e5r det er fem som skal sitte i samme rom, sier han.<\/p>\n<p>    <a itemprop=\"url\" href=\"https:\/\/www.dagbladet.no\/nyheter\/her-strides-de-et-mageplask\/83745600\" rel=\"nofollow noopener\" target=\"_blank\"><\/p>\n<p>      <img loading=\"lazy\" decoding=\"async\" src=\"https:\/\/www.europesays.com\/no\/wp-content\/uploads\/2025\/11\/1764435676_278_83747649.webp\" width=\"980\" height=\"441\" title=\"Her strides de: - Et mageplask\" alt=\"\" class=\"\" style=\"--aspect-ratio-image: 2.22; \"\/><\/p>\n<p>        Her strides de: &#8211; Et mageplask<\/p>\n<p>    <\/a><\/p>\n<p>&#8211; Ikke nok p\u00e5 klima  <\/p>\n<p data-lab-italic=\"\" class=\"no_italic m-no_italic\">R\u00f8dt, SV og Senterpartiet opplyser l\u00f8rdag ettermiddag at de fortsatt er med i forhandlingene.<\/p>\n<p>          <img loading=\"lazy\" decoding=\"async\" src=\"https:\/\/www.europesays.com\/no\/wp-content\/uploads\/2025\/11\/1764435678_189_83917168.webp\" width=\"980\" height=\"559\" title=\"JOBBER P\u00c5: Kirsti Bergst\u00f8 (SV) i Stortinget l\u00f8rdag, i forbindelse med ferdigstillelse av statsbudsjettet for 2026. Foto: Jonas Been Henriksen \/ NTB\" alt=\"\" class=\"\" style=\"--aspect-ratio-image: 1.75; \"\/><\/p>\n<p>\n          JOBBER P\u00c5: Kirsti Bergst\u00f8 (SV) i Stortinget l\u00f8rdag, i forbindelse med ferdigstillelse av statsbudsjettet for 2026. Foto: Jonas Been Henriksen \/ NTB\n      <\/p>\n<p data-lab-italic=\"\" class=\"no_italic m-no_italic\"> -Jeg \u00f8nsker at vi skal lande en god avtale som st\u00e5r seg, som svarer ut de store sp\u00f8rsm\u00e5lene i landet v\u00e5rt og som bidrar til milj\u00f8 og mer solidaritet, sier SV-leder Kirsti Bergst\u00f8 til Dagbladet l\u00f8rdag ettermiddag. <\/p>\n<p data-lab-italic=\"\" class=\"no_italic m-no_italic\">R\u00f8dt-lederen sier hun fortsatt er med.<\/p>\n<p data-lab-italic=\"\" class=\"no_italic m-no_italic\">&#8211; Jeg er opptatt av \u00e5 f\u00e5 gjennomslag for v\u00e5re krav. Det handler om velferd, forskjeller, Palestina og \u00e5 ta vare p\u00e5 naturen. Jeg er fortsatt p\u00e5 jobb, sier R\u00f8dt-leder Marie Sneve Martinussen p\u00e5 vei ut av forhandlingsrommet.<\/p>\n<p>          <img loading=\"lazy\" decoding=\"async\" src=\"https:\/\/www.europesays.com\/no\/wp-content\/uploads\/2025\/11\/1764435679_511_83917153.webp\" width=\"980\" height=\"559\" title=\"I FORHANDLINGER: Tuva Moflag, forhandlingsleder i Ap. Her p\u00e5 vei inn i forhandlingsrommet l\u00f8rdag. Foto: Jonas Been Henriksen \/ NTB\" alt=\"\" class=\"\" style=\"--aspect-ratio-image: 1.75; \"\/><\/p>\n<p>\n          I FORHANDLINGER: Tuva Moflag, forhandlingsleder i Ap. Her p\u00e5 vei inn i forhandlingsrommet l\u00f8rdag. Foto: Jonas Been Henriksen \/ NTB\n      <\/p>\n<p>&#8211; Er ikke ferdig  <\/p>\n<p>Arbeiderpartiets parlamentariske leder, Tonje Brenna, var ordknapp etter MDG-bruddet:<\/p>\n<p>&#8211; N\u00e5 skal jeg g\u00e5 inn og jobbe videre, var Brennas eneste kommentar.<\/p>\n<p>Tuva Moflag, forhandlingsleder i Ap, er ogs\u00e5 ordknapp p\u00e5 vei tilbake til forhandlingsrommet.<\/p>\n<p class=\"font-weight-bold m-font-weight-bold\" data-lab-font_weight=\"font-weight-bold\">&#8211; Min jobb er ikke ferdig f\u00f8r vi har flertall for budsjettet, sier hun.<\/p>\n<p>&#8211; Vi jobber videre med sikte p\u00e5 \u00e5 f\u00e5 til en enighet, sier Senterpariets parlamentarisk nestleder Geir Pollestad p\u00e5 vei ut av forhandlingsrommet.<\/p>\n<p>    <a itemprop=\"url\" href=\"https:\/\/borsen.dagbladet.no\/nyheter\/skjebneuke-ap-skaper-trobbel\/83895498\" rel=\"nofollow noopener\" target=\"_blank\"><\/p>\n<p>      <img loading=\"lazy\" decoding=\"async\" src=\"https:\/\/www.europesays.com\/no\/wp-content\/uploads\/2025\/11\/1764435680_73_83897554.webp\" width=\"980\" height=\"441\" title=\"Skjebneuke: Ap skaper tr\u00f8bbel\" alt=\"\" class=\"lazyload\" style=\"--aspect-ratio-image: 2.22; \"\/><\/p>\n<p>        Skjebneuke: Ap skaper tr\u00f8bbel<\/p>\n<p>    <\/a><\/p>\n<p>Det har v\u00e6rt dramatiske d\u00f8gn f\u00f8r bruddet. Fredag varslet MDG og SV pause. MDG ventet angivelig p\u00e5 at Ap kommer dem i m\u00f8te med mer konkrete forslag, fikk Dagbladet opplyst.<\/p>\n<p>En rekke kilder har uttrykt tydelig misn\u00f8ye med Arbeiderpartiets forhandlingsstrategier og beskrevet dem som\u00a0<a href=\"https:\/\/borsen.dagbladet.no\/nyheter\/skjebneuke-ap-skaper-trobbel\/83895498\" rel=\"nofollow noopener\" target=\"_blank\">som urokkelige i m\u00f8te med de mindre partienes krav<\/a>.<\/p>\n","protected":false},"excerpt":{"rendered":"Kort tid etter klokka 14.30 l\u00f8rdag kom en dramatisk utvikling i budsjettforhandlingene.\u00a0 MDG har brutt forhandlingene med Arbeiderpartiet,&hellip;\n","protected":false},"author":2,"featured_media":100107,"comment_status":"","ping_status":"","sticky":false,"template":"","format":"standard","meta":{"footnotes":""},"categories":[58],"tags":[71,2286,479,30,28,29,2280,72],"class_list":{"0":"post-100106","1":"post","2":"type-post","3":"status-publish","4":"format-standard","5":"has-post-thumbnail","7":"category-underholdning","8":"tag-entertainment","9":"tag-jan-thomas","10":"tag-kjendis","11":"tag-no","12":"tag-norge","13":"tag-norway","14":"tag-skal-vi-danse","15":"tag-underholdning"},"share_on_mastodon":{"url":"https:\/\/pubeurope.com\/@no\/115634063711996145","error":""},"_links":{"self":[{"href":"https:\/\/www.europesays.com\/no\/wp-json\/wp\/v2\/posts\/100106","targetHints":{"allow":["GET"]}}],"collection":[{"href":"https:\/\/www.europesays.com\/no\/wp-json\/wp\/v2\/posts"}],"about":[{"href":"https:\/\/www.europesays.com\/no\/wp-json\/wp\/v2\/types\/post"}],"author":[{"embeddable":true,"href":"https:\/\/www.europesays.com\/no\/wp-json\/wp\/v2\/users\/2"}],"replies":[{"embeddable":true,"href":"https:\/\/www.europesays.com\/no\/wp-json\/wp\/v2\/comments?post=100106"}],"version-history":[{"count":0,"href":"https:\/\/www.europesays.com\/no\/wp-json\/wp\/v2\/posts\/100106\/revisions"}],"wp:featuredmedia":[{"embeddable":true,"href":"https:\/\/www.europesays.com\/no\/wp-json\/wp\/v2\/media\/100107"}],"wp:attachment":[{"href":"https:\/\/www.europesays.com\/no\/wp-json\/wp\/v2\/media?parent=100106"}],"wp:term":[{"taxonomy":"category","embeddable":true,"href":"https:\/\/www.europesays.com\/no\/wp-json\/wp\/v2\/categories?post=100106"},{"taxonomy":"post_tag","embeddable":true,"href":"https:\/\/www.europesays.com\/no\/wp-json\/wp\/v2\/tags?post=100106"}],"curies":[{"name":"wp","href":"https:\/\/api.w.org\/{rel}","templated":true}]}}