{"id":100108,"date":"2025-11-29T17:10:11","date_gmt":"2025-11-29T17:10:11","guid":{"rendered":"https:\/\/www.europesays.com\/no\/100108\/"},"modified":"2025-11-29T17:10:11","modified_gmt":"2025-11-29T17:10:11","slug":"snorre-stemshaug-roe-23-dode-i-togulykken-i-trondheim-minnes-av-kollega","status":"publish","type":"post","link":"https:\/\/www.europesays.com\/no\/100108\/","title":{"rendered":"Snorre Stemshaug Roe (23) d\u00f8de i togulykken i Trondheim: Minnes av kollega"},"content":{"rendered":"<p class=\"kicker \" style=\"\">Snorre (23) d\u00f8de i togulykke:<\/p>\n<p>  Det var Snorre Stemshaug Roe (23) som omkom i togulykken i Trondheim. Kollegaer og venner er i dyp sorg.<\/p>\n<p>\n    HAR TENT LYS: Snorre Stemshaug Roe (23) d\u00f8de i togulykken natt til fredag. I Trondheim har flere tent lys for \u00e5 minne ham. Foto: Privat\n  <\/p>\n<p>Det var 23 \u00e5r gamle Snorre Stemshaug Roe som <a href=\"https:\/\/www.dagbladet.no\/nyheter\/alvorlig-ulykke-ved-togspor\/83911095\" target=\"_blank\" rel=\"nofollow noopener\">d\u00f8de etter \u00e5 ha blitt p\u00e5kj\u00f8rt av toget ved Lilleby stasjon i Trondheim natt til fredag<\/a>.<\/p>\n<p>Navnet frigis l\u00f8rdag i samr\u00e5d med de p\u00e5r\u00f8rende.\u00a0<\/p>\n<p>&#8211; Det virker ut fra unders\u00f8kelsene som at dette har v\u00e6rt en kjempetragisk ulykke, med et fryktelig tragisk utfall, sa operasjonsleder Svein Wagnild til Dagbladet fredag.\u00a0<\/p>\n<p>23-\u00e5ringen var student ved Handelsh\u00f8yskolen og jobbet som servit\u00f8r p\u00e5 Radisson Blu Royal Garden Hotel i Trondheim.<\/p>\n<p>&#8211; Var alltid smilende\u00a0\t<\/p>\n<p>Kollega Torfinn Lerstad har delt et innlegg p\u00e5 Facebook hvor han minnes 23-\u00e5ringen.<\/p>\n<p> &#8211; Vi p\u00e5 Radisson Blu Royal Garden Hotel og kompisene, som flere ogs\u00e5 var kollegaer av Snorre, er i dyp sorg over \u00e5 miste en kollega og venn. Ikke minst p\u00e5virker dette oss veldig mye n\u00e5r det skjer s\u00e5 br\u00e5tt, sier Lerstad til Dagbladet. <\/p>\n<p>Lerstad, som er driftsleder p\u00e5 hotellet, har v\u00e6rt i kontakt med familien til Snorre som har gitt han tillatelse til \u00e5 dele noen ord.\u00a0<\/p>\n<p>Sammen med flere av Snorres studentvenner har han tent lys og lagt ned blomster p\u00e5 Lilleby stasjon, hvor ulykken skjedde.\u00a0<\/p>\n<p>&#8211; Snorre var alltid smilende, hyggelig, p\u00e5litelig og veldig flink i sin jobb, legger Lerstad til.<\/p>\n<p>&#8211; Dypt tragisk\u00a0\t<\/p>\n<p>Ulykken preger ogs\u00e5 lokalmilj\u00f8et.\u00a0<\/p>\n<p>&#8211; Mine tanker g\u00e5r til de p\u00e5r\u00f8rende og etterlatte. Det er dypt tragisk n\u00e5r en ung mann mister livet p\u00e5 denne m\u00e5ten, sier Trondheims ordf\u00f8rer Kent Ranum til Dagbladet l\u00f8rdag og legger til:<\/p>\n<p>&#8211; Det er derfor sv\u00e6rt viktig at familien og de etterlatte blir ivaretatt p\u00e5 best mulig vis i tida som kommer.\u00a0<\/p>\n<p>Var fra Sandefjord\t<\/p>\n<p>23-\u00e5ringen var fra Sandefjord, men jobbet og studerte i Trondheim.\u00a0<\/p>\n<p>Sandefjord-ordf\u00f8rer Bj\u00f8rn Ole Gleditsch forteller til Dagbladet at kommunen har gode rutiner for \u00e5 ivareta personer i krise. Han bekrefter at kommunens kriseteam er i kontakt med de n\u00e6rmeste p\u00e5r\u00f8rende, og vil bist\u00e5 dem i tida framover.\u00a0<\/p>\n<p>&#8211; Jeg kjenner familien, s\u00e5 det er klart dette gj\u00f8r et stort inntrykk. Man blir ber\u00f8rt og jeg tenker mye p\u00e5 hvor krevende det m\u00e5 v\u00e6re for de p\u00e5r\u00f8rende, sier Gleditsch til Dagbladet l\u00f8rdag.<\/p>\n<p>&#8211; Dette er dypt tragisk, et ungt menneske som mister livet i sin beste alder. Tankene g\u00e5r til alle de p\u00e5r\u00f8rende, venner og bekjente, fortsetter ordf\u00f8reren.<\/p>\n","protected":false},"excerpt":{"rendered":"Snorre (23) d\u00f8de i togulykke: Det var Snorre Stemshaug Roe (23) som omkom i togulykken i Trondheim. Kollegaer&hellip;\n","protected":false},"author":2,"featured_media":100109,"comment_status":"","ping_status":"","sticky":false,"template":"","format":"standard","meta":{"footnotes":""},"categories":[5],"tags":[20,21,24,25,15,19,2539,22,23,17,18,13,30,28,29,14,16,26,27,596,51],"class_list":{"0":"post-100108","1":"post","2":"type-post","3":"status-publish","4":"format-standard","5":"has-post-thumbnail","7":"category-overskrifter","8":"tag-breaking-news","9":"tag-breakingnews","10":"tag-featured-news","11":"tag-featurednews","12":"tag-headlines","13":"tag-hovedoppslag","14":"tag-innenriks","15":"tag-latest-news","16":"tag-latestnews","17":"tag-main-news","18":"tag-mainnews","19":"tag-news","20":"tag-no","21":"tag-norge","22":"tag-norway","23":"tag-nyheter","24":"tag-overskrifter","25":"tag-top-stories","26":"tag-topstories","27":"tag-trondheim","28":"tag-ulykke"},"share_on_mastodon":{"url":"https:\/\/pubeurope.com\/@no\/115634099066194378","error":""},"_links":{"self":[{"href":"https:\/\/www.europesays.com\/no\/wp-json\/wp\/v2\/posts\/100108","targetHints":{"allow":["GET"]}}],"collection":[{"href":"https:\/\/www.europesays.com\/no\/wp-json\/wp\/v2\/posts"}],"about":[{"href":"https:\/\/www.europesays.com\/no\/wp-json\/wp\/v2\/types\/post"}],"author":[{"embeddable":true,"href":"https:\/\/www.europesays.com\/no\/wp-json\/wp\/v2\/users\/2"}],"replies":[{"embeddable":true,"href":"https:\/\/www.europesays.com\/no\/wp-json\/wp\/v2\/comments?post=100108"}],"version-history":[{"count":0,"href":"https:\/\/www.europesays.com\/no\/wp-json\/wp\/v2\/posts\/100108\/revisions"}],"wp:featuredmedia":[{"embeddable":true,"href":"https:\/\/www.europesays.com\/no\/wp-json\/wp\/v2\/media\/100109"}],"wp:attachment":[{"href":"https:\/\/www.europesays.com\/no\/wp-json\/wp\/v2\/media?parent=100108"}],"wp:term":[{"taxonomy":"category","embeddable":true,"href":"https:\/\/www.europesays.com\/no\/wp-json\/wp\/v2\/categories?post=100108"},{"taxonomy":"post_tag","embeddable":true,"href":"https:\/\/www.europesays.com\/no\/wp-json\/wp\/v2\/tags?post=100108"}],"curies":[{"name":"wp","href":"https:\/\/api.w.org\/{rel}","templated":true}]}}