{"id":100112,"date":"2025-11-29T17:12:25","date_gmt":"2025-11-29T17:12:25","guid":{"rendered":"https:\/\/www.europesays.com\/no\/100112\/"},"modified":"2025-11-29T17:12:25","modified_gmt":"2025-11-29T17:12:25","slug":"89-aringen-som-fortsatt-jobber-hver-dag","status":"publish","type":"post","link":"https:\/\/www.europesays.com\/no\/100112\/","title":{"rendered":"89-\u00e5ringen som fortsatt jobber hver dag"},"content":{"rendered":"<p>    Mens andre dr\u00f8mmer om tidligpensjon, g\u00e5r Knut Martiniussen (89) fortsatt inn i verkstedhallen hver morgen. Han har gjort det siden 1952. \u2013 Hvis jeg ikke g\u00e5r p\u00e5 jobb, blir jeg liggende i senga. Og det t\u00f8r jeg ikke.<\/p>\n<p>\n        Her trives Knut Martiniussen (89). Under panseret, med verkt\u00f8y i h\u00e5nda \u2013 slik han har gjort det i over 70 \u00e5r. Og fortsatt gj\u00f8r. Hver dag.<br \/>\n        Foto: Tomm Pentz Pedersen\n    <\/p>\n<p class=\"kicker t30 tertiary color_mobile_tertiary\" style=\"\">Innenriks<\/p>\n<p>Innerst i verkstedhallen, mellom l\u00f8ftebukker, verkt\u00f8yskap og<br \/>\nlukta av olje, st\u00e5r Knut Martiniussen og skrur. Han har gjort det samme siden<br \/>\n1952. 16 \u00e5r gammel startet karrieren som bilmekaniker. N\u00e5 er han 89 \u00e5r og<br \/>\nfortsatt p\u00e5 jobb. Hver dag.<\/p>\n<p> \u2013 N\u00e5 sover jeg helt til 07.30 <\/p>\n<p>Tre generasjoner Martiniussen jobber n\u00e5 i<br \/>\nbilbergingsbedriften han startet i Spydeberg i 1976.<\/p>\n","protected":false},"excerpt":{"rendered":"Mens andre dr\u00f8mmer om tidligpensjon, g\u00e5r Knut Martiniussen (89) fortsatt inn i verkstedhallen hver morgen. Han har gjort&hellip;\n","protected":false},"author":2,"featured_media":100113,"comment_status":"","ping_status":"","sticky":false,"template":"","format":"standard","meta":{"footnotes":""},"categories":[58],"tags":[71,30,28,29,72],"class_list":{"0":"post-100112","1":"post","2":"type-post","3":"status-publish","4":"format-standard","5":"has-post-thumbnail","7":"category-underholdning","8":"tag-entertainment","9":"tag-no","10":"tag-norge","11":"tag-norway","12":"tag-underholdning"},"share_on_mastodon":{"url":"https:\/\/pubeurope.com\/@no\/115634106775404833","error":""},"_links":{"self":[{"href":"https:\/\/www.europesays.com\/no\/wp-json\/wp\/v2\/posts\/100112","targetHints":{"allow":["GET"]}}],"collection":[{"href":"https:\/\/www.europesays.com\/no\/wp-json\/wp\/v2\/posts"}],"about":[{"href":"https:\/\/www.europesays.com\/no\/wp-json\/wp\/v2\/types\/post"}],"author":[{"embeddable":true,"href":"https:\/\/www.europesays.com\/no\/wp-json\/wp\/v2\/users\/2"}],"replies":[{"embeddable":true,"href":"https:\/\/www.europesays.com\/no\/wp-json\/wp\/v2\/comments?post=100112"}],"version-history":[{"count":0,"href":"https:\/\/www.europesays.com\/no\/wp-json\/wp\/v2\/posts\/100112\/revisions"}],"wp:featuredmedia":[{"embeddable":true,"href":"https:\/\/www.europesays.com\/no\/wp-json\/wp\/v2\/media\/100113"}],"wp:attachment":[{"href":"https:\/\/www.europesays.com\/no\/wp-json\/wp\/v2\/media?parent=100112"}],"wp:term":[{"taxonomy":"category","embeddable":true,"href":"https:\/\/www.europesays.com\/no\/wp-json\/wp\/v2\/categories?post=100112"},{"taxonomy":"post_tag","embeddable":true,"href":"https:\/\/www.europesays.com\/no\/wp-json\/wp\/v2\/tags?post=100112"}],"curies":[{"name":"wp","href":"https:\/\/api.w.org\/{rel}","templated":true}]}}