{"id":100114,"date":"2025-11-29T17:17:09","date_gmt":"2025-11-29T17:17:09","guid":{"rendered":"https:\/\/www.europesays.com\/no\/100114\/"},"modified":"2025-11-29T17:17:09","modified_gmt":"2025-11-29T17:17:09","slug":"mdg-truer-med-regjeringskrise-nekter-videre-budsjettforhandlinger-for-store-snur","status":"publish","type":"post","link":"https:\/\/www.europesays.com\/no\/100114\/","title":{"rendered":"MDG truer med regjeringskrise \u2013 nekter videre budsjettforhandlinger f\u00f8r St\u00f8re snur"},"content":{"rendered":"<p>\u2013 Vi har forlatt forhandlingene. Det betyr at St\u00f8re n\u00e5 kan kaste landet v\u00e5rt ut i en regjeringskrise fordi han ikke benyttet muligheten til \u00e5 lage et budsjett som kan ta vare p\u00e5 kloden, sa MDG-leder Arild Hermstad p\u00e5 en pressekonferanse l\u00f8rdag ettermiddag.<\/p>\n<p>Snaue to timer tidligere, forlot han forhandlingene p\u00e5 Stortinget der MDG sammen med Ap, SV, Sp og R\u00f8dt har pr\u00f8vd \u00e5 bli enige om neste \u00e5rs statsbudsjett.<\/p>\n<p>Hermstad hevder at Arbeiderpartiet og Jonas Gahr St\u00f8re ikke er villig til \u00e5 snakke om \u00aboljen\u00e6ringen sin totale dominans i Norge\u00bb.<\/p>\n<p>\u2013 Hvis ikke St\u00f8re er villig til \u00e5 strekke seg lenger for \u00e5 ta vare p\u00e5 kloden og for \u00e5 ta vare p\u00e5 solidariteten og fremtiden v\u00e5r, s\u00e5 m\u00e5 han g\u00e5 til H\u00f8yre for \u00e5 gj\u00f8re opp statsbudsjettet, sier MDG-lederen og understreker at det er St\u00f8re sitt ansvar \u00e5 skaffe flertall for dette budsjettet.<\/p>\n<p>\u2013 St\u00f8re har telefonnummeret mitt, sa han.<\/p>\n<p>Hermstad understreker at de har moderert sine forventninger og krav underveis i forhandlingene.<\/p>\n<p>\u2013 Vi har g\u00e5tt med p\u00e5 ganske mye i det rommet. S\u00e5 g\u00e5r det en grense for hva vi kan v\u00e6re med p\u00e5. Og den grensen n\u00e5dde vi. Og det ble enda mer tydelig i dag, sier han.<\/p>\n<p>Jobber videre<\/p>\n<p>Det r\u00f8dgr\u00f8nne flertallet har fors\u00f8kt \u00e5 komme til enighet i budsjettforhandlingene i to uker.<\/p>\n<p>Siste frist for \u00e5 levere et felles budsjett er s\u00f8ndag.<\/p>\n<p>Fredag tok b\u00e5de SV og MDG en pause i forhandlingene, men l\u00f8rdag formiddag dukket begge partilederne opp p\u00e5 Stortinget for \u00e5 fortsette samtalene.<\/p>\n<p>Det er n\u00e5 uklart hva som vil skje videre.<\/p>\n<p> Arbeiderpartiets parlamentariske leder, Tonje Brenna, var ordknapp etter MDG-bruddet, if\u00f8lge <a href=\"https:\/\/www.dagbladet.no\/nyheter\/bekrefter-vi-er-ute\/83915503\" rel=\"noopener nofollow\" target=\"_blank\">Dagbladet<\/a> :<\/p>\n<p>\u2013 N\u00e5 skal jeg g\u00e5 inn og jobbe videre, var hennes eneste kommentar overfor avisen.<\/p>\n<p>SV: \u2013 \u00d8nsker avtale som st\u00e5r seg<\/p>\n<p> SV-leder Kirsti Bergst\u00f8 sier til <a href=\"https:\/\/www.aftenposten.no\/norge\/i\/zO5JJv\/mdg-bryter-forhandlingene-sv-fortsetter\" rel=\"noopener nofollow\" target=\"_blank\">Aftenposten <\/a> at de er innstilt p\u00e5 \u00e5 jobbe videre med budsjettet.<\/p>\n<p>\u2013 Jeg \u00f8nsker at vi skal lande en god avtale som st\u00e5r seg. Og som svarer ut de viktigste store sp\u00f8rsm\u00e5lene vi har i landet v\u00e5rt, sier hun.<\/p>\n<p> R\u00f8dt-leder Marie Sneve Martinussen kommenterer det knallharde kj\u00f8ret til MDG knyttet til krav om redusert oljeleting overfor <a href=\"https:\/\/www.vg.no\/nyheter\/i\/9pl4Qw\/statsbudsjettet-forhandlingene-tas-opp-loerdag-morgen\" rel=\"noopener nofollow\" target=\"_blank\">VG<\/a> :<\/p>\n<p>\u2013 Alle partier gj\u00f8r sine vurderinger av hvordan en best tror en kommer i m\u00e5l p\u00e5 vegne av velgerne sine. R\u00f8dt har valgt \u00e5 v\u00e6re konstruktive og lete etter muligheter for \u00e5 f\u00e5 til resultater. Jeg tror folk der hjemme er mest opptatt av at vi politikere g\u00e5r p\u00e5 jobb for \u00e5 f\u00e5 til noe. Og det kan jeg love har v\u00e6rt R\u00f8dts holdning gjennom netter og uker her p\u00e5 Stortinget, sier hun.<\/p>\n<p>Vil ikke frede St\u00f8re<\/p>\n<p> P\u00e5 sp\u00f8rsm\u00e5l fra <a href=\"https:\/\/www.aftenposten.no\/norge\/i\/zO5JJv\/mdg-bryter-forhandlingene\" rel=\"noopener nofollow\" target=\"_blank\">Aftenposten <\/a> om hvordan MDG vil stille seg til et eventuelt kabinettssp\u00f8rsm\u00e5l fra statsministeren p\u00e5 budsjettet, svarer Hermstad:<\/p>\n<p>\u2013 Det f\u00e5r vi se hvis det blir aktuelt.<\/p>\n<p>MDG-lederen sier likevel at l\u00f8ftet fra valgkampen om at de aldri vil gi makt til Frp, st\u00e5r ved lag.<\/p>\n<p>\u2013 Hvis Listhaug skal bli statsminister med v\u00e5r st\u00f8tte, s\u00e5 m\u00e5 vi stemme for det, og det kommer vi ikke til \u00e5 gj\u00f8re, sier Hermstad til avisen.<\/p>\n<p>Men samtidig er alts\u00e5 St\u00f8re ikke fredet.<\/p>\n<p>\u2013 Vi har aldri utstedt noen garanti p\u00e5 at vi skal frede St\u00f8re uansett hvilken politikk han f\u00f8rer.<\/p>\n","protected":false},"excerpt":{"rendered":"\u2013 Vi har forlatt forhandlingene. Det betyr at St\u00f8re n\u00e5 kan kaste landet v\u00e5rt ut i en regjeringskrise&hellip;\n","protected":false},"author":2,"featured_media":100115,"comment_status":"","ping_status":"","sticky":false,"template":"","format":"standard","meta":{"footnotes":""},"categories":[5],"tags":[20,21,24,25,15,19,22,23,17,18,13,30,28,29,14,16,26,27],"class_list":{"0":"post-100114","1":"post","2":"type-post","3":"status-publish","4":"format-standard","5":"has-post-thumbnail","7":"category-overskrifter","8":"tag-breaking-news","9":"tag-breakingnews","10":"tag-featured-news","11":"tag-featurednews","12":"tag-headlines","13":"tag-hovedoppslag","14":"tag-latest-news","15":"tag-latestnews","16":"tag-main-news","17":"tag-mainnews","18":"tag-news","19":"tag-no","20":"tag-norge","21":"tag-norway","22":"tag-nyheter","23":"tag-overskrifter","24":"tag-top-stories","25":"tag-topstories"},"share_on_mastodon":{"url":"https:\/\/pubeurope.com\/@no\/115634126568357709","error":""},"_links":{"self":[{"href":"https:\/\/www.europesays.com\/no\/wp-json\/wp\/v2\/posts\/100114","targetHints":{"allow":["GET"]}}],"collection":[{"href":"https:\/\/www.europesays.com\/no\/wp-json\/wp\/v2\/posts"}],"about":[{"href":"https:\/\/www.europesays.com\/no\/wp-json\/wp\/v2\/types\/post"}],"author":[{"embeddable":true,"href":"https:\/\/www.europesays.com\/no\/wp-json\/wp\/v2\/users\/2"}],"replies":[{"embeddable":true,"href":"https:\/\/www.europesays.com\/no\/wp-json\/wp\/v2\/comments?post=100114"}],"version-history":[{"count":0,"href":"https:\/\/www.europesays.com\/no\/wp-json\/wp\/v2\/posts\/100114\/revisions"}],"wp:featuredmedia":[{"embeddable":true,"href":"https:\/\/www.europesays.com\/no\/wp-json\/wp\/v2\/media\/100115"}],"wp:attachment":[{"href":"https:\/\/www.europesays.com\/no\/wp-json\/wp\/v2\/media?parent=100114"}],"wp:term":[{"taxonomy":"category","embeddable":true,"href":"https:\/\/www.europesays.com\/no\/wp-json\/wp\/v2\/categories?post=100114"},{"taxonomy":"post_tag","embeddable":true,"href":"https:\/\/www.europesays.com\/no\/wp-json\/wp\/v2\/tags?post=100114"}],"curies":[{"name":"wp","href":"https:\/\/api.w.org\/{rel}","templated":true}]}}