{"id":100118,"date":"2025-11-29T17:24:25","date_gmt":"2025-11-29T17:24:25","guid":{"rendered":"https:\/\/www.europesays.com\/no\/100118\/"},"modified":"2025-11-29T17:24:25","modified_gmt":"2025-11-29T17:24:25","slug":"fire-personer-siktet-for-drapsforbund-2","status":"publish","type":"post","link":"https:\/\/www.europesays.com\/no\/100118\/","title":{"rendered":"Fire personer siktet for drapsforbund"},"content":{"rendered":"<p>  De fire mennene som torsdag ble p\u00e5grepet og siktet for \u00e5 ha inng\u00e5tt avtale om \u00e5 utf\u00f8re drap, er varetektsfengslet i fire uker.<\/p>\n<p>\n    I RETTEN: Advokat Harald Grape og politiadvokat Jon Inge Engesmo p\u00e5 fengslingsm\u00f8te i Oslo tingrett der fire personer er fremstilles for varetektsfengsling siktet for drapsforbund. Foto: Javad Parsa \/ NTB\n  <\/p>\n<p>De fire mennene i 30- og 40-\u00e5ra ble p\u00e5grepet torsdag og er hjemmeh\u00f8rende i \u00f8stlandsomr\u00e5det, opplyser Oslo politidistrikt i en\u00a0<a href=\"https:\/\/www.politiet.no\/nyheter-og-presse\/oslo\/nyhet\/2025-11-28\/fire-personer-pagrepet-for-drapsforbund?nyhetsmelding=0\" target=\"_blank\" rel=\"nofollow noopener\">pressemelding<\/a>.<\/p>\n<p>De er siktet for s\u00e5kalt drapsforbund, alts\u00e5 \u00e5 inng\u00e5 avtale om et drap eller \u00e5 volde betydelig skade p\u00e5 kropp og helse.<\/p>\n<p>En av de siktede, Ahmed Shahbaz Dad (44), er tidligere d\u00f8mt for bestillingsdrap.<\/p>\n<p>        HARDT UT: Donald Trump langet ut mot en reporter i Det hvite hus, like etter at han bekreftet at den 20 \u00e5r gamle nasjonalgarde-soldaten Sarah Beckstrom d\u00f8de av skadene hun fikk etter skytingen i n\u00e6rheten av Det hvite hus onsdag. Reporter: Jostein Sletten \/ Dagbladet<\/p>\n<p> Varetektsfengsles\t<\/p>\n<p>Alle fire ble varetektsfengslet i fire uker av Oslo tingrett fredag ettermiddag.<\/p>\n<p>De ilegges brev- og bes\u00f8ksforbud for hele perioden, kommer det fram i kjennelsene fra tingretten. De fire skal ogs\u00e5 holdes i isolasjon i to uker.<\/p>\n<p>Oslo tingrett har forbudt offentlig gjengivelse av kjennelsen, men disse begrensningene gjelder ikke slutningene.<\/p>\n<p> Advokatene John Christian Elden og Farid Bouras forsvarer den ene siktede.<\/p>\n<p>&#8211; V\u00e5r klient stiller seg uforst\u00e5ende til siktelsen, og erkjenner ikke straffeskyld, sier de i en uttalelse til Dagbladet.<\/p>\n<p>Per Johan Sjong Larsen, som er forsvareren til Ahmed Shahbaz Dad, opplyser til NTB at hans klient anker fengslingen.<\/p>\n<p>\u2013 Den er anket, utover det ingen kommentar, skriver han i en SMS.<\/p>\n<p>Tilknyttet B-gjengen\t<\/p>\n<p>Dommen omfatter et bestillingsdrap p\u00e5 Young Guns-leder Mohammed \u00abJeddi\u00bb Javed i Oslo i 2009. Det var Stig Millehaugen som utf\u00f8rte drapet. Han sitter for tiden i varetekt, siktet for drapet p\u00e5 Nokas-raner Metkel Betew.<\/p>\n<p>Dad ble d\u00f8mt til 20 \u00e5rs fengsel. Han har i mange \u00e5r v\u00e6rt tilknyttet den kriminelle B-gjengen.<\/p>\n<p>    <a itemprop=\"url\" href=\"https:\/\/www.dagbladet.no\/nyheter\/har-innledet-ny-militaeroperasjon\/83908479\" rel=\"nofollow noopener\" target=\"_blank\"><\/p>\n<p>      <img loading=\"lazy\" decoding=\"async\" src=\"https:\/\/www.europesays.com\/no\/wp-content\/uploads\/2025\/11\/83910530.webp\" width=\"980\" height=\"441\" title=\"Har innledet ny milit\u00e6roperasjon\" alt=\"\" class=\"lazyload\" style=\"--aspect-ratio-image: 2.22; \"\/><\/p>\n<p>        Har innledet ny milit\u00e6roperasjon <\/p>\n<p>    <\/a><\/p>\n<p>Det er ikke kjent hvordan han stiller seg til fredagens siktelse.<\/p>\n<p>De fire siktede vil bli fremstilt for varetektsfengsling i Oslo tingrett fredag. De er knyttet til et kriminelt milj\u00f8, if\u00f8lge VG.<\/p>\n<p>&#8211; Bakgrunnen for p\u00e5gripelsene er knyttet til en p\u00e5g\u00e5ende etterforskning av en hendelse fra 14. november i Oslo. Politiet knytter saken til en konflikt i et kriminelt milj\u00f8, skriver politiet.<\/p>\n<p>&#8211; Sv\u00e6rt alvorlig\t<\/p>\n<p>&#8211; Politiet ser sv\u00e6rt alvorlig p\u00e5 saken. Den etterforskes derfor for fullt og med h\u00f8y prioritet. V\u00e5rt fokus videre er \u00e5 danne oss et klarere bilde av motiv og hendelsesforl\u00f8p, sier politiadvokat Jon Inge Engesmo.<\/p>\n<p>    <a itemprop=\"url\" href=\"https:\/\/www.dagbladet.no\/nyheter\/det-russiske-samfunnet-er-utmattet\/83897406\" rel=\"nofollow noopener\" target=\"_blank\"><\/p>\n<p>      <img loading=\"lazy\" decoding=\"async\" src=\"https:\/\/www.europesays.com\/no\/wp-content\/uploads\/2025\/11\/83904969.webp\" width=\"980\" height=\"441\" title=\"- Det russiske samfunnet er utmattet\" alt=\"\" class=\"lazyload\" style=\"--aspect-ratio-image: 2.22; \"\/><\/p>\n<p>        &#8211; Det russiske samfunnet er utmattet<\/p>\n<p>    <\/a><\/p>\n<p>Politiet er fremdeles tidlig i etterforskningen og kan derfor ikke g\u00e5 ytterligere i detaljer.<\/p>\n<p>Marius Dietrichson er oppnevnt som forsvarer for en av de siktede. Dietrichson opplyser til NRK at klienten nekter straffskyld.<\/p>\n<p>Forsvarerne til de andre siktede har ikke kommentert saken.<\/p>\n","protected":false},"excerpt":{"rendered":"De fire mennene som torsdag ble p\u00e5grepet og siktet for \u00e5 ha inng\u00e5tt avtale om \u00e5 utf\u00f8re drap,&hellip;\n","protected":false},"author":2,"featured_media":100119,"comment_status":"","ping_status":"","sticky":false,"template":"","format":"standard","meta":{"footnotes":""},"categories":[5],"tags":[20,21,24,25,15,19,2539,22,23,17,18,13,30,28,29,14,16,26,27],"class_list":{"0":"post-100118","1":"post","2":"type-post","3":"status-publish","4":"format-standard","5":"has-post-thumbnail","7":"category-overskrifter","8":"tag-breaking-news","9":"tag-breakingnews","10":"tag-featured-news","11":"tag-featurednews","12":"tag-headlines","13":"tag-hovedoppslag","14":"tag-innenriks","15":"tag-latest-news","16":"tag-latestnews","17":"tag-main-news","18":"tag-mainnews","19":"tag-news","20":"tag-no","21":"tag-norge","22":"tag-norway","23":"tag-nyheter","24":"tag-overskrifter","25":"tag-top-stories","26":"tag-topstories"},"share_on_mastodon":{"url":"https:\/\/pubeurope.com\/@no\/115634154285088535","error":""},"_links":{"self":[{"href":"https:\/\/www.europesays.com\/no\/wp-json\/wp\/v2\/posts\/100118","targetHints":{"allow":["GET"]}}],"collection":[{"href":"https:\/\/www.europesays.com\/no\/wp-json\/wp\/v2\/posts"}],"about":[{"href":"https:\/\/www.europesays.com\/no\/wp-json\/wp\/v2\/types\/post"}],"author":[{"embeddable":true,"href":"https:\/\/www.europesays.com\/no\/wp-json\/wp\/v2\/users\/2"}],"replies":[{"embeddable":true,"href":"https:\/\/www.europesays.com\/no\/wp-json\/wp\/v2\/comments?post=100118"}],"version-history":[{"count":0,"href":"https:\/\/www.europesays.com\/no\/wp-json\/wp\/v2\/posts\/100118\/revisions"}],"wp:featuredmedia":[{"embeddable":true,"href":"https:\/\/www.europesays.com\/no\/wp-json\/wp\/v2\/media\/100119"}],"wp:attachment":[{"href":"https:\/\/www.europesays.com\/no\/wp-json\/wp\/v2\/media?parent=100118"}],"wp:term":[{"taxonomy":"category","embeddable":true,"href":"https:\/\/www.europesays.com\/no\/wp-json\/wp\/v2\/categories?post=100118"},{"taxonomy":"post_tag","embeddable":true,"href":"https:\/\/www.europesays.com\/no\/wp-json\/wp\/v2\/tags?post=100118"}],"curies":[{"name":"wp","href":"https:\/\/api.w.org\/{rel}","templated":true}]}}