{"id":100122,"date":"2025-11-29T17:31:10","date_gmt":"2025-11-29T17:31:10","guid":{"rendered":"https:\/\/www.europesays.com\/no\/100122\/"},"modified":"2025-11-29T17:31:10","modified_gmt":"2025-11-29T17:31:10","slug":"trafikk-vei-og-vaer-sender-ut-farevarsel-ventes-kraftig-snofokk-ifinnmark","status":"publish","type":"post","link":"https:\/\/www.europesays.com\/no\/100122\/","title":{"rendered":"Trafikk, Vei og v\u00e6r | Sender ut farevarsel: Ventes kraftig sn\u00f8fokk &#8211; iFinnmark"},"content":{"rendered":"<ol>\n<li><a href=\"https:\/\/news.google.com\/rss\/articles\/CBMiiwFBVV95cUxPSUJnRkJicjhUUjFad2dHcTVUQjFERmlpRE82QkpSZjBkZEhQenNuam5kOC1OLWVINjY4OTV5X0lYTUdKRXNrZFJGczQ4V0I3ZFpsUWRRbTRKUFFhMnlOemxmSExTVDJ0THVYemRRRlV5T2FUMkdCbmxaalgyQUdxZDRaT3hvYXN1OWNJ?oc=5\" target=\"_blank\" rel=\"nofollow noopener\">Trafikk, Vei og v\u00e6r | Sender ut farevarsel: Ventes kraftig sn\u00f8fokk<\/a>&nbsp;&nbsp;iFinnmark<\/li>\n<li><a href=\"https:\/\/news.google.com\/rss\/articles\/CBMieEFVX3lxTE9CZ2dTaEhqTjhhT1hCMzNOLXBBUUUyVWhKSXNHbG5yUlk4ckNVSmltUmFITGUzRDktLWVWeWhBamttVktWS1ZOSW56V1J0NEdGMXpfWWt3X0l6cndvY1J6MmpYcHhEUlhtZ0loZEVCYTVqTnlKNmNvNQ?oc=5\" target=\"_blank\" rel=\"nofollow noopener\">n\u00e5: Farevarsel om sn\u00f8 og kraftig vind<\/a>&nbsp;&nbsp;VG<\/li>\n<li><a href=\"https:\/\/news.google.com\/rss\/articles\/CBMifkFVX3lxTE1hVWtWT3RPVTJOdy05RHlna3RzXzA3aFRUOW1obDJwTjhKams2SzJzMnFvekJ5UEhoNmhNZTJPdWxLbF9xX3k4LVJYQ2NUM1VpSnRQUGdIeWRzWWgyM3ZndHhYcGNSNFhvWmFZN2dUVEVVU0V3LVJENkFIZ01Wdw?oc=5\" target=\"_blank\" rel=\"nofollow noopener\">Nyhet, V\u00e6r | Sender ut gult farevarsel for sn\u00f8<\/a>&nbsp;&nbsp;Gl\u00e5mdalen<\/li>\n<li><a href=\"https:\/\/news.google.com\/rss\/articles\/CBMikAFBVV95cUxOQUdzT2pvRmw0UDR4c2FFSlp4NjB5ZE9uUmFUb1F4V05JR3p3UjZOMFhuS2JsTG5UNWlLTWpmUWRJeF9NWUVXTTVXa3dSalB0cDlGOEUtb1VZQ1lXUzhTM3lCZXhLU3IteHUzbWJMM1ZGZUg0anJ5aWJlOWswaEVYU1ZhM01NSnJOZGl4eXMwV0E?oc=5\" target=\"_blank\" rel=\"nofollow noopener\">Varsler opp mot 20 centimeter sn\u00f8<\/a>&nbsp;&nbsp;agderposten.no<\/li>\n<li><a href=\"https:\/\/news.google.com\/rss\/articles\/CBMidEFVX3lxTFB1YWhzNm1ZRmNBMTAwOTZXVl96TFlaZDNNUlVJLXhWRjNEeC1yYUFnTUNTWkNpdnE4eWF0X213QWs3ckt1Y2l3Yk0yQmktR2QtV0l1bTNzWDhGdktNX3FwbURBeFJkUVdjcHhpZHJ5S2xTYmF0?oc=5\" target=\"_blank\" rel=\"nofollow noopener\">V\u00e6r, Trafikk | I morgen m\u00e5 du fram med paraplyen<\/a>&nbsp;&nbsp;\u00d8stlands-Posten<\/li>\n<\/ol>\n","protected":false},"excerpt":{"rendered":"Trafikk, Vei og v\u00e6r | Sender ut farevarsel: Ventes kraftig sn\u00f8fokk&nbsp;&nbsp;iFinnmark n\u00e5: Farevarsel om sn\u00f8 og kraftig vind&nbsp;&nbsp;VG&hellip;\n","protected":false},"author":2,"featured_media":100123,"comment_status":"","ping_status":"","sticky":false,"template":"","format":"standard","meta":{"footnotes":""},"categories":[5],"tags":[20,21,24,25,15,19,22,23,17,18,13,30,28,29,14,16,26,27],"class_list":{"0":"post-100122","1":"post","2":"type-post","3":"status-publish","4":"format-standard","5":"has-post-thumbnail","7":"category-overskrifter","8":"tag-breaking-news","9":"tag-breakingnews","10":"tag-featured-news","11":"tag-featurednews","12":"tag-headlines","13":"tag-hovedoppslag","14":"tag-latest-news","15":"tag-latestnews","16":"tag-main-news","17":"tag-mainnews","18":"tag-news","19":"tag-no","20":"tag-norge","21":"tag-norway","22":"tag-nyheter","23":"tag-overskrifter","24":"tag-top-stories","25":"tag-topstories"},"share_on_mastodon":{"url":"https:\/\/pubeurope.com\/@no\/115634181520722152","error":""},"_links":{"self":[{"href":"https:\/\/www.europesays.com\/no\/wp-json\/wp\/v2\/posts\/100122","targetHints":{"allow":["GET"]}}],"collection":[{"href":"https:\/\/www.europesays.com\/no\/wp-json\/wp\/v2\/posts"}],"about":[{"href":"https:\/\/www.europesays.com\/no\/wp-json\/wp\/v2\/types\/post"}],"author":[{"embeddable":true,"href":"https:\/\/www.europesays.com\/no\/wp-json\/wp\/v2\/users\/2"}],"replies":[{"embeddable":true,"href":"https:\/\/www.europesays.com\/no\/wp-json\/wp\/v2\/comments?post=100122"}],"version-history":[{"count":0,"href":"https:\/\/www.europesays.com\/no\/wp-json\/wp\/v2\/posts\/100122\/revisions"}],"wp:featuredmedia":[{"embeddable":true,"href":"https:\/\/www.europesays.com\/no\/wp-json\/wp\/v2\/media\/100123"}],"wp:attachment":[{"href":"https:\/\/www.europesays.com\/no\/wp-json\/wp\/v2\/media?parent=100122"}],"wp:term":[{"taxonomy":"category","embeddable":true,"href":"https:\/\/www.europesays.com\/no\/wp-json\/wp\/v2\/categories?post=100122"},{"taxonomy":"post_tag","embeddable":true,"href":"https:\/\/www.europesays.com\/no\/wp-json\/wp\/v2\/tags?post=100122"}],"curies":[{"name":"wp","href":"https:\/\/api.w.org\/{rel}","templated":true}]}}