{"id":100126,"date":"2025-11-29T17:38:24","date_gmt":"2025-11-29T17:38:24","guid":{"rendered":"https:\/\/www.europesays.com\/no\/100126\/"},"modified":"2025-11-29T17:38:24","modified_gmt":"2025-11-29T17:38:24","slug":"boliginnbrudd-fana-innbruddstyvene-har-forsokt-seg-pa-nytt","status":"publish","type":"post","link":"https:\/\/www.europesays.com\/no\/100126\/","title":{"rendered":"Boliginnbrudd, Fana | \u2013 Innbruddstyvene har fors\u00f8kt seg p\u00e5 nytt"},"content":{"rendered":"<p>      En av personene som politiet mistenker for \u00e5 st\u00e5 bak boliginnbruddene den siste tiden ble filmet p\u00e5 video av et overv\u00e5kingskamera p\u00e5 Skjold. Torsdag kveld ble det oppdaget et nytt innbruddsfors\u00f8k, ogs\u00e5 p\u00e5 Skjold. \u2013 Vi ser disse sakene i sammenheng, sier stasjonssjef Ronny Andr\u00e9 \u00d8vrebotten (innfelt) ved Bergen s\u00f8r politistasjon.<br \/>\n      Foto: Skjermdump fra Facebook\/ Skjalg Ekeland, BA\n    <\/p>\n","protected":false},"excerpt":{"rendered":"En av personene som politiet mistenker for \u00e5 st\u00e5 bak boliginnbruddene den siste tiden ble filmet p\u00e5 video&hellip;\n","protected":false},"author":2,"featured_media":100127,"comment_status":"","ping_status":"","sticky":false,"template":"","format":"standard","meta":{"footnotes":""},"categories":[5],"tags":[20,21,24,25,15,19,22,23,17,18,13,30,28,29,14,16,26,27],"class_list":{"0":"post-100126","1":"post","2":"type-post","3":"status-publish","4":"format-standard","5":"has-post-thumbnail","7":"category-overskrifter","8":"tag-breaking-news","9":"tag-breakingnews","10":"tag-featured-news","11":"tag-featurednews","12":"tag-headlines","13":"tag-hovedoppslag","14":"tag-latest-news","15":"tag-latestnews","16":"tag-main-news","17":"tag-mainnews","18":"tag-news","19":"tag-no","20":"tag-norge","21":"tag-norway","22":"tag-nyheter","23":"tag-overskrifter","24":"tag-top-stories","25":"tag-topstories"},"share_on_mastodon":{"url":"https:\/\/pubeurope.com\/@no\/115634209022849986","error":""},"_links":{"self":[{"href":"https:\/\/www.europesays.com\/no\/wp-json\/wp\/v2\/posts\/100126","targetHints":{"allow":["GET"]}}],"collection":[{"href":"https:\/\/www.europesays.com\/no\/wp-json\/wp\/v2\/posts"}],"about":[{"href":"https:\/\/www.europesays.com\/no\/wp-json\/wp\/v2\/types\/post"}],"author":[{"embeddable":true,"href":"https:\/\/www.europesays.com\/no\/wp-json\/wp\/v2\/users\/2"}],"replies":[{"embeddable":true,"href":"https:\/\/www.europesays.com\/no\/wp-json\/wp\/v2\/comments?post=100126"}],"version-history":[{"count":0,"href":"https:\/\/www.europesays.com\/no\/wp-json\/wp\/v2\/posts\/100126\/revisions"}],"wp:featuredmedia":[{"embeddable":true,"href":"https:\/\/www.europesays.com\/no\/wp-json\/wp\/v2\/media\/100127"}],"wp:attachment":[{"href":"https:\/\/www.europesays.com\/no\/wp-json\/wp\/v2\/media?parent=100126"}],"wp:term":[{"taxonomy":"category","embeddable":true,"href":"https:\/\/www.europesays.com\/no\/wp-json\/wp\/v2\/categories?post=100126"},{"taxonomy":"post_tag","embeddable":true,"href":"https:\/\/www.europesays.com\/no\/wp-json\/wp\/v2\/tags?post=100126"}],"curies":[{"name":"wp","href":"https:\/\/api.w.org\/{rel}","templated":true}]}}