{"id":100132,"date":"2025-11-29T17:45:27","date_gmt":"2025-11-29T17:45:27","guid":{"rendered":"https:\/\/www.europesays.com\/no\/100132\/"},"modified":"2025-11-29T17:45:27","modified_gmt":"2025-11-29T17:45:27","slug":"apner-grytidlig-og-tredobler-salget-veldig-stor-pagang-mn24-no","status":"publish","type":"post","link":"https:\/\/www.europesays.com\/no\/100132\/","title":{"rendered":"\u00c5pner grytidlig og tredobler salget: \u2013 Veldig stor p\u00e5gang &#8211; mn24.no"},"content":{"rendered":"<ol>\n<li><a href=\"https:\/\/news.google.com\/rss\/articles\/CBMipwFBVV95cUxNNnpDaGRoc0lkRW00dFFmNldUY3VFRFg2RXBiVWZlSjBubllNQThobnBEbGxobHlhZm5JMnZMNFhsVUIxdmxtNEM5cmJIcnh0RjdhTlgwTVE0NnhpblJyZmpSRTFRQndCQ2ZxRENXRkdfb3BjWjFMTDREX3ktaGtIelhkMDdxTnBZQzlYajVoUjdrczRtWkk4SGN0bGcweGZ2Uk4zU0JxOA?oc=5\" target=\"_blank\" rel=\"nofollow noopener\">\u00c5pner grytidlig og tredobler salget: \u2013 Veldig stor p\u00e5gang<\/a>&nbsp;&nbsp;mn24.no<\/li>\n<li><a href=\"https:\/\/news.google.com\/rss\/articles\/CBMihAFBVV95cUxOdG0yaEE4XzJPeWdjNGg1SnNrZ2djeTV2b1hncDlFdGRPT1hnTXY3TURBLVlpUHJadTVIeUp0QVZkeXJJSW1LZ3pGYmEzdmFtWkRIOTk5Zk1qN1NDQms5cVl1cVRWbzQ3WGFxbUVTaHlRenlmMHQzemRfNjh6Ui1NVjhrR2U?oc=5\" target=\"_blank\" rel=\"nofollow noopener\">Black Friday: Ingen slipper unna kj\u00f8pepresset<\/a>&nbsp;&nbsp;VG<\/li>\n<li><a href=\"https:\/\/news.google.com\/rss\/articles\/CBMiwAFBVV95cUxQSXZWV2dPRExNX2pST0ptWUdqaEthQ3F2bFFzajh3T1ZHamh0bVJPcnNpR3RwU2VmYmd5YXFfOEZ3Vm9mcjczcG4xZ1RYeXRwQUJYT1Z1dUFocnp2WDJKZWRPQWt4X09RemdmRzM2LVNKSzV0M2RsQjZrbTA3Yi1nS2w0NVpjd2hhN0hFc3BQZ19xT2VoTEJTWnBOMDg3Um8zVjJfNWV2Z1QzcG9rczVCQ1JieUdQQmpaTWgzcHE5TUM?oc=5\" target=\"_blank\" rel=\"nofollow noopener\">Ny rekord av forbruksgjeld i Norge. Hege Gr\u00f8nkilen fra L\u00f8ten hadde gjeld p\u00e5 900.000<\/a>&nbsp;&nbsp;NRK<\/li>\n<li><a href=\"https:\/\/news.google.com\/rss\/articles\/CBMiekFVX3lxTFBzdkI4cnNUaktVM1dBa3VVZnRGTlI4LUw5MV9UakpqSEVMQ2lVSFBmLS1uZGZnTFFRdDZkSGVoSXVZVmlYX3lLZ3VmN2FHQ2F1bnhlLVhPMUtIUGZMa1REM0pJQUlkSVZaQllBdFh5Nm12cldxeGQ0VXR3?oc=5\" target=\"_blank\" rel=\"nofollow noopener\">Black Friday, Lagunen | Bemannet opp til tilbudsfest: \u00abIngen\u00bb kom<\/a>&nbsp;&nbsp;Bergensavisen<\/li>\n<li><a href=\"https:\/\/news.google.com\/rss\/articles\/CBMia0FVX3lxTE9YQ0k0NGk1YmJ6TWpaN3lpLVByakd3a1BlWE5qY2RkTURaNkFEeS15LVY3OHE5N2hFM2RVa0I4Y3lUNHAxVFZka3RCYlRSdjV0clI5ME1pSjY3d1RnbkFLU0lzZkI1M3lKcGl3?oc=5\" target=\"_blank\" rel=\"nofollow noopener\">(+) Har solgt mest i landet<\/a>&nbsp;&nbsp;smp.no<\/li>\n<\/ol>\n","protected":false},"excerpt":{"rendered":"\u00c5pner grytidlig og tredobler salget: \u2013 Veldig stor p\u00e5gang&nbsp;&nbsp;mn24.no Black Friday: Ingen slipper unna kj\u00f8pepresset&nbsp;&nbsp;VG Ny rekord av&hellip;\n","protected":false},"author":2,"featured_media":100133,"comment_status":"","ping_status":"","sticky":false,"template":"","format":"standard","meta":{"footnotes":""},"categories":[5],"tags":[10785,20,21,24,25,15,19,22,23,17,18,13,30,28,29,14,16,756,2661,26,27],"class_list":{"0":"post-100132","1":"post","2":"type-post","3":"status-publish","4":"format-standard","5":"has-post-thumbnail","7":"category-overskrifter","8":"tag-black-friday","9":"tag-breaking-news","10":"tag-breakingnews","11":"tag-featured-news","12":"tag-featurednews","13":"tag-headlines","14":"tag-hovedoppslag","15":"tag-latest-news","16":"tag-latestnews","17":"tag-main-news","18":"tag-mainnews","19":"tag-news","20":"tag-no","21":"tag-norge","22":"tag-norway","23":"tag-nyheter","24":"tag-overskrifter","25":"tag-stjordal","26":"tag-tilbud","27":"tag-top-stories","28":"tag-topstories"},"share_on_mastodon":{"url":"https:\/\/pubeurope.com\/@no\/115634236672260138","error":""},"_links":{"self":[{"href":"https:\/\/www.europesays.com\/no\/wp-json\/wp\/v2\/posts\/100132","targetHints":{"allow":["GET"]}}],"collection":[{"href":"https:\/\/www.europesays.com\/no\/wp-json\/wp\/v2\/posts"}],"about":[{"href":"https:\/\/www.europesays.com\/no\/wp-json\/wp\/v2\/types\/post"}],"author":[{"embeddable":true,"href":"https:\/\/www.europesays.com\/no\/wp-json\/wp\/v2\/users\/2"}],"replies":[{"embeddable":true,"href":"https:\/\/www.europesays.com\/no\/wp-json\/wp\/v2\/comments?post=100132"}],"version-history":[{"count":0,"href":"https:\/\/www.europesays.com\/no\/wp-json\/wp\/v2\/posts\/100132\/revisions"}],"wp:featuredmedia":[{"embeddable":true,"href":"https:\/\/www.europesays.com\/no\/wp-json\/wp\/v2\/media\/100133"}],"wp:attachment":[{"href":"https:\/\/www.europesays.com\/no\/wp-json\/wp\/v2\/media?parent=100132"}],"wp:term":[{"taxonomy":"category","embeddable":true,"href":"https:\/\/www.europesays.com\/no\/wp-json\/wp\/v2\/categories?post=100132"},{"taxonomy":"post_tag","embeddable":true,"href":"https:\/\/www.europesays.com\/no\/wp-json\/wp\/v2\/tags?post=100132"}],"curies":[{"name":"wp","href":"https:\/\/api.w.org\/{rel}","templated":true}]}}