{"id":100138,"date":"2025-11-29T18:03:07","date_gmt":"2025-11-29T18:03:07","guid":{"rendered":"https:\/\/www.europesays.com\/no\/100138\/"},"modified":"2025-11-29T18:03:07","modified_gmt":"2025-11-29T18:03:07","slug":"maskorama-2025-episode-4-anmeldelser-og-anbefalinger","status":"publish","type":"post","link":"https:\/\/www.europesays.com\/no\/100138\/","title":{"rendered":"Maskorama 2025 \u2013 episode 4 \u2013 Anmeldelser og anbefalinger"},"content":{"rendered":"<p>Forrige ukes \u00abMaskorama\u00bb var <a href=\"https:\/\/www.nrk.no\/anmeldelser\/anmeldelse_-maskorama-2025-_-episode-3-1.17660798\" ec-id=\"pp:article:1.17660798\" ec-name=\"drama fra start til slutt\" rel=\"nofollow noopener\" target=\"_blank\">drama fra start til slutt<\/a>.<\/p>\n<p>Om du ikke fikk med deg hva som skjedde, s\u00e5 kan jeg kort oppsummere det med at Orken m\u00e5tte kaste inn h\u00e5ndkleet p\u00e5 grunn av bronkitt.<\/p>\n<p>Og hvem gjemte seg under maska? Jo, Sophie Elise. Ikke akkurat overraskende for denne nettdetektiven (litt selvskryt m\u00e5 v\u00e6re lov).<\/p>\n<p><strong>Og n\u00e5 sp\u00f8ker det for mer drama i kveldens sending! <\/strong><\/p>\n<p>Brokkolien har nemlig f\u00e5tt tr\u00f8bbel med ryggen, melder NRKs presseansvarlige.<\/p>\n<p>Blir det nok en sykdomsrelatert exit fra programmet i kveld? Bak scenen krysser de visstnok fingrene for at han skal klare \u00e5 opptre likevel.<\/p>\n<p>Vi f\u00e5r bare vente og se!<\/p>\n<p><img decoding=\"async\"   src=\"data:image\/gif;base64,R0lGODlhAQABAIAAAAAAAP\/\/\/yH5BAEAAAAALAAAAAABAAEAAAIBRAA7\" loading=\"eager\" alt=\"En person ligger avslappet p\u00e5 en sofa, if\u00f8rt svarte kl\u00e6r og med en oransje pute.\" title=\"Foto: NRK\"\/><\/p>\n<p class=\"\">RYGGPLAGER: Brokkolien f\u00f8ler seg visst ikke helt bra!<\/p>\n<p>Foto: NRK<\/p>\n<p>Badeanda ute<\/p>\n<p>Forrige uke ble Badeanda ble stemt med hue og nebb ut.<\/p>\n<p>Halve Norge (og jeg\u2026) var temmelig sikre p\u00e5 at dette var Petter Northug.<\/p>\n<p>Eller Isak Dreyer. Eller i hvert fall en person som har en litt bad-boy image ut ifra alle hintene.<\/p>\n<p><strong>Men 8 prosent av de som gjettet visste at det var selveste Kapteinen fra Kompani Lauritzen som var inni Badeanda!<\/strong><\/p>\n<p>S\u00e5 ingen bad-boy-badeand, bare en kaptein som var langt utenfor sin komfortsone. (Og ja, jeg har litt d\u00e5rlig samvittighet for at jeg var s\u00e5 streng mot ham, men spist er spist, jeg f\u00e5r ringe og sp\u00f8rre om det g\u00e5r bra med han.)<\/p>\n<p>Men la oss ikke dvele ved fortida, for i kveldens sending er det fire masker som skal konkurrere \u2013 og hvem tror vi gjemmer seg inni dem?<\/p>\n<p>Jeg tar de jeg er temmelig sikre p\u00e5 f\u00f8rst: Brokkolien tenker jeg er <a href=\"https:\/\/www.nrk.no\/vestfoldogtelemark\/den-ukjente-klikkmaskinen-1.11858669\" ec-id=\"pp:article:1.11858669\" ec-name=\"Youtuberen Pelle K\" rel=\"nofollow noopener\" target=\"_blank\">Youtuberen Pelle K<\/a>.<\/p>\n<p><strong>Skrotnissen mener jeg muligens er Vidar Magnussen.<\/strong><\/p>\n<p>Jeg har ikke klart \u00e5 bla meg gjennom TikTok denne uka, for jeg har rett og slett ikke orket \u00e5 utsette hjernen min for det.<\/p>\n<p><img decoding=\"async\"   src=\"data:image\/gif;base64,R0lGODlhAQABAIAAAAAAAP\/\/\/yH5BAEAAAAALAAAAAABAAEAAAIBRAA7\" loading=\"eager\" alt=\"En dirigent st\u00e5r p\u00e5 en scene, og bruker hendene til \u00e5 lede orkesteret. Han holder en dirigentstav i den ene h\u00e5nden. Scenen er svakt opplyst med bl\u00e5tt lys, som skaper en dramatisk atmosf\u00e6re. Publikum kan skimte i bakgrunnen som uskarpe figurer.\" title=\"Foto: Geir Egil Skog\"\/><\/p>\n<p class=\"\">SKROTNISSEN?: Vidar Magnussen avbildet i NRK-programmet Maestro.<\/p>\n<p>Foto: Geir Egil Skog<\/p>\n<p><strong>Men Kvinneguiden derimot, de leverer! (hvorfor f\u00e5r egentlig Kvinneguiden s\u00e5 mye hat? Hver gang jeg lurer p\u00e5 noe, finner jeg ofte et svar der)<\/strong><\/p>\n<p>Der er det en helt fantastisk tr\u00e5d hvor folk gjetter i vei p\u00e5 mesterlig vis.<\/p>\n<p>La meg fortsette.<\/p>\n<p>Jeg har trodd at Hundevalpen er Tiril Sj\u00e5stad Christiansen, men n\u00e5 begynner jeg \u00e5 tvile.<\/p>\n<p>Ei p\u00e5 snap sendte meg melding og sa det kunne kanskje v\u00e6re Siri Avlesen-\u00d8stli. Jeg vet at hun kan synge veldig fint, s\u00e5 kanskje det er en mulighet for at det er henne?\n<\/p>\n<p><img decoding=\"async\"   src=\"data:image\/gif;base64,R0lGODlhAQABAIAAAAAAAP\/\/\/yH5BAEAAAAALAAAAAABAAEAAAIBRAA7\" loading=\"eager\" alt=\"Eyvind Hellstr\u00f8m og Siri Avlesen-\u00d8stli er gjester i P3morgen\" title=\"Foto: NRK P3\/Herman Henriksen\"\/><\/p>\n<p class=\"\">HUNDEVALPEN?: En Snapchat-tipser mener Hundevalpen kan v\u00e6re Siri Avlesen-\u00d8stli!<\/p>\n<p>Foto: NRK P3\/Herman Henriksen<\/p>\n<p>Men Kvinneguiden mener n\u00e5 at det er Christine Dancke!<\/p>\n<p>Marionetten er fortsatt et \u00e5pent mysterium.<\/p>\n<p>Ryktene er mange og delte og er her noen navn fra Kvinneguiden (nok en gang): Amanda Delara, Agnete Saba, Emma Talulah, Mona Berntsen, Ina Wroldsen, Emma Gunnarsen, Sval, Alessandra Mele, osv osv osv&#8230;<\/p>\n<p>Kunne like gjerne bare skrevet opp <a href=\"https:\/\/p3.no\/p3-gull-2025-gul-loper\/\" ec-id=\"https:\/\/p3.no\/p3-gull-2025-gul-loper\/\" ec-name=\"alle som var p\u00e5 P3Gull i g\u00e5r\" rel=\"nofollow noopener\" target=\"_blank\">alle som var p\u00e5 P3Gull i g\u00e5r<\/a>.<\/p>\n<p><img decoding=\"async\"   src=\"data:image\/gif;base64,R0lGODlhAQABAIAAAAAAAP\/\/\/yH5BAEAAAAALAAAAAABAAEAAAIBRAA7\" loading=\"eager\" alt=\"Tonje Gilje og Knut Peder Grans\u00e6ther gj\u00f8r seg klare til \u00e5 reagere p\u00e5 \u00abMaskorama\u00bb-maskene 2025\" title=\"Foto: Hans Petter Skolsegg\"\/><\/p>\n<p class=\"\">\u00abHEMMELIG\u00bb SENDING!: Hver l\u00f8rdag kl. 19 g\u00e5r \u00abMaskejakten\u00bb med FlippKlipp-profilene Tonje Gilje og Knut Peder Grans\u00e6ther i NRK TV, f\u00f8r \u00abMaskorama\u00bb braker l\u00f8s. Men OBS!: Sendingen er bare tilgjengelig for brukere med barneprofil i NRK TV.<\/p>\n<p>Foto: Hans Petter Skolsegg<\/p>\n<p>Nei, her er det faktisk enklere \u00e5 gjette p\u00e5 hvem det ikke er: meg, og mest sannsynlig deg.<\/p>\n<p><strong>Vi kan spekulere til vi blir bl\u00e5 i trynet, og det er bare \u00e5 glede seg, for i kveld er det klart for duetter!<\/strong><\/p>\n<p>Spennende!<\/p>\n<ul data-scroll-container=\"\" role=\"list\">\n<li><img alt=\"En beig hund med en brun flekk rundt det ene \u00f8yet og tunga ut. Hen har p\u00e5 seg snekkerbukser.\"  width=\"3840\" height=\"2151\" loading=\"lazy\"\/>\n<p>\n        Fredrik Arff \/ Monster\/NRK\n      <\/p>\n<p>Hundevalpen<\/p>\n<p>Hundevalpen g\u00e5r seg vill i regnv\u00e6r. <\/p>\n<p>Hun graver ned et DNB-kort og et spillkort, og hun sier at hun er roligst hjemme, der ingen finner henne<\/p>\n<p>Se hintvideoen til Hundevalpen i <a href=\"https:\/\/tv.nrk.no\/serie\/maskorama-hintvideoer\/sesong\/1\/episode\/KMTE62008825\" rel=\"nofollow noopener\" target=\"_blank\">NRK TV<\/a>.<\/p>\n<\/li>\n<li><img alt=\"En gr\u00f8nn figur med brokkoli-h\u00e5r. Hen har ringer i \u00f8rene, en vest med hjerter og shorts med blomster.\"  width=\"3840\" height=\"2160\" loading=\"lazy\"\/>\n<p>\n        Fredrik Arff \/ Monster\/NRK\n      <\/p>\n<p>Brokkolien<\/p>\n<p>Brokkoliens tredje hintvideo er filmet i et filmstudio. <\/p>\n<p>Vi f\u00e5r se et manushefte, t\u00f8fler i ulike farger (en hvit og en bl\u00e5 t\u00f8ffel). <\/p>\n<p>Samtidig skryter brokkolien av at han er kjemperask. <\/p>\n<p>Se hintvideoen til Brokkolien i <a href=\"https:\/\/tv.nrk.no\/serie\/maskorama-hintvideoer\/sesong\/1\/episode\/KMTE62008525\" rel=\"nofollow noopener\" target=\"_blank\">NRK TV<\/a>.<\/p>\n<\/li>\n<li><img alt=\"En lilla og rosa dukke som henger i tr\u00e5der. Hen har en slags krone hvor tr\u00e5dene henger fra. Skj\u00f8rter er lilla og gult og toppen ser dekket ut av edelstener.\"  width=\"3840\" height=\"2160\" loading=\"lazy\"\/>\n<p>\n        Fredrik Arff \/ Monster\/NRK\n      <\/p>\n<p>Marionetten<\/p>\n<p>Marionetten har en stor gulvklokke i sin hintvideo. <\/p>\n<p>Forrige uke snakket hun om skjebnen, det gj\u00f8r hun denne uken ogs\u00e5. <\/p>\n<p>Hun sitter foran et speil, og sier \u00abtiden er kommet for \u00e5 lage min egen skjebne\u00bb. <\/p>\n<p>Se hintvideoen til Marionetten i <a href=\"https:\/\/tv.nrk.no\/serie\/maskorama-hintvideoer\/sesong\/1\/episode\/KMTE62008725\" rel=\"nofollow noopener\" target=\"_blank\">NRK TV<\/a>.<\/p>\n<\/li>\n<li><img alt=\"En figur satt sammen av ulike deler som glinser.\"  width=\"3840\" height=\"2160\" loading=\"lazy\"\/>\n<p>\n        Fredrik Arff \/ Monster\/NRK\n      <\/p>\n<p>Skrotnissen<\/p>\n<p>Hintvideoen er nesten litt psykedelisk, og Skrotnissen ser ut som han er inne i et verksted. <\/p>\n<p>Han forteller at han noen ganger skriver ned andres tanker. <\/p>\n<p>Se hintvideoen til Skrotnissen i <a href=\"https:\/\/tv.nrk.no\/serie\/maskorama-hintvideoer\/sesong\/1\/episode\/KMTE62008925\" rel=\"nofollow noopener\" target=\"_blank\">NRK TV<\/a>.<\/p>\n<\/li>\n<\/ul>\n<p>    Hei der!<\/p>\n<p>Har du sett et hint du vil dele med meg? Eller er du sikker p\u00e5 hvem som skjuler seg bak en av maskene? Send meg en e-post da vel!<\/p>\n<p>Opptredener i rekkef\u00f8lge:<br \/>\nDuett med Skrotnissen og Marionetten<\/p>\n<p>    <img alt=\"En figur satt sammen av ulike deler som glinser.\"  loading=\"lazy\"\/><img alt=\"En lilla og rosa dukke som henger i tr\u00e5der. Hen har en slags krone hvor tr\u00e5dene henger fra. Skj\u00f8rter er lilla og gult og toppen ser dekket ut av edelstener.\"  loading=\"lazy\"\/>Foto: Fredrik Arff \/ Monster\/NRK<\/p>\n<p>Duett med Hundevalpen og Brokkolien<\/p>\n<p>    <img alt=\"En beig hund med en brun flekk rundt det ene \u00f8yet og tunga ut. Hen har p\u00e5 seg snekkerbukser.\"  loading=\"lazy\"\/><img alt=\"En gr\u00f8nn figur med brokkoli-h\u00e5r. Hen har ringer i \u00f8rene, en vest med hjerter og shorts med blomster.\"  loading=\"lazy\"\/>Foto: Fredrik Arff \/ Monster\/ NRK<\/p>\n<p>Skrotnissen<\/p>\n<p><img decoding=\"async\"   src=\"data:image\/gif;base64,R0lGODlhAQABAIAAAAAAAP\/\/\/yH5BAEAAAAALAAAAAABAAEAAAIBRAA7\" loading=\"eager\" alt=\"En figur satt sammen av ulike deler som glinser.\" title=\"Foto: Monster\/NRK\"\/><\/p>\n<p>Foto: Monster\/NRK<\/p>\n<p>Marionetten<\/p>\n<p><img decoding=\"async\"   src=\"data:image\/gif;base64,R0lGODlhAQABAIAAAAAAAP\/\/\/yH5BAEAAAAALAAAAAABAAEAAAIBRAA7\" loading=\"eager\" alt=\"En lilla og rosa dukke som henger i tr\u00e5der. Hen har en slags krone hvor tr\u00e5dene henger fra. Skj\u00f8rter er lilla og gult og toppen ser dekket ut av edelstener.\" title=\"Foto: Fredrik Arff \/ Monster\/NRK\"\/><\/p>\n<p>Foto: Fredrik Arff \/ Monster\/NRK<\/p>\n<p>Hundevalpen<\/p>\n<p><img decoding=\"async\"   src=\"data:image\/gif;base64,R0lGODlhAQABAIAAAAAAAP\/\/\/yH5BAEAAAAALAAAAAABAAEAAAIBRAA7\" loading=\"eager\" alt=\"En beig hund med en brun flekk rundt det ene \u00f8yet og tunga ut. Hen har p\u00e5 seg snekkerbukser.\" title=\"Foto: Fredrik Arff \/ Monster\/NRK\"\/><\/p>\n<p>Foto: Fredrik Arff \/ Monster\/NRK<\/p>\n<p>Brokkolien<\/p>\n<p><img decoding=\"async\"   src=\"data:image\/gif;base64,R0lGODlhAQABAIAAAAAAAP\/\/\/yH5BAEAAAAALAAAAAABAAEAAAIBRAA7\" loading=\"eager\" alt=\"En gr\u00f8nn figur med brokkoli-h\u00e5r. Hen har ringer i \u00f8rene, en vest med hjerter og shorts med blomster.\" title=\"Foto: Fredrik Arff \/ Monster\/NRK\"\/><\/p>\n<p>Foto: Fredrik Arff \/ Monster\/NRK<\/p>\n<p>Publisert<\/p>\n<p>29.11.2025, kl. 16.38<\/p>\n<p>Oppdatert<\/p>\n<p>29.11.2025, kl. 18.50<\/p>\n","protected":false},"excerpt":{"rendered":"Forrige ukes \u00abMaskorama\u00bb var drama fra start til slutt. Om du ikke fikk med deg hva som skjedde,&hellip;\n","protected":false},"author":2,"featured_media":100139,"comment_status":"","ping_status":"","sticky":false,"template":"","format":"standard","meta":{"footnotes":""},"categories":[5],"tags":[20,21,24,25,15,19,22,23,17,18,13,30,28,29,14,16,26,27],"class_list":{"0":"post-100138","1":"post","2":"type-post","3":"status-publish","4":"format-standard","5":"has-post-thumbnail","7":"category-overskrifter","8":"tag-breaking-news","9":"tag-breakingnews","10":"tag-featured-news","11":"tag-featurednews","12":"tag-headlines","13":"tag-hovedoppslag","14":"tag-latest-news","15":"tag-latestnews","16":"tag-main-news","17":"tag-mainnews","18":"tag-news","19":"tag-no","20":"tag-norge","21":"tag-norway","22":"tag-nyheter","23":"tag-overskrifter","24":"tag-top-stories","25":"tag-topstories"},"share_on_mastodon":{"url":"https:\/\/pubeurope.com\/@no\/115634307276075764","error":""},"_links":{"self":[{"href":"https:\/\/www.europesays.com\/no\/wp-json\/wp\/v2\/posts\/100138","targetHints":{"allow":["GET"]}}],"collection":[{"href":"https:\/\/www.europesays.com\/no\/wp-json\/wp\/v2\/posts"}],"about":[{"href":"https:\/\/www.europesays.com\/no\/wp-json\/wp\/v2\/types\/post"}],"author":[{"embeddable":true,"href":"https:\/\/www.europesays.com\/no\/wp-json\/wp\/v2\/users\/2"}],"replies":[{"embeddable":true,"href":"https:\/\/www.europesays.com\/no\/wp-json\/wp\/v2\/comments?post=100138"}],"version-history":[{"count":0,"href":"https:\/\/www.europesays.com\/no\/wp-json\/wp\/v2\/posts\/100138\/revisions"}],"wp:featuredmedia":[{"embeddable":true,"href":"https:\/\/www.europesays.com\/no\/wp-json\/wp\/v2\/media\/100139"}],"wp:attachment":[{"href":"https:\/\/www.europesays.com\/no\/wp-json\/wp\/v2\/media?parent=100138"}],"wp:term":[{"taxonomy":"category","embeddable":true,"href":"https:\/\/www.europesays.com\/no\/wp-json\/wp\/v2\/categories?post=100138"},{"taxonomy":"post_tag","embeddable":true,"href":"https:\/\/www.europesays.com\/no\/wp-json\/wp\/v2\/tags?post=100138"}],"curies":[{"name":"wp","href":"https:\/\/api.w.org\/{rel}","templated":true}]}}