{"id":100176,"date":"2025-11-29T19:27:12","date_gmt":"2025-11-29T19:27:12","guid":{"rendered":"https:\/\/www.europesays.com\/no\/100176\/"},"modified":"2025-11-29T19:27:12","modified_gmt":"2025-11-29T19:27:12","slug":"lastebilsjaforer-refser-darlige-vinterveier-dette-er-ikke-godt-nok-rbnett-no","status":"publish","type":"post","link":"https:\/\/www.europesays.com\/no\/100176\/","title":{"rendered":"Lastebilsj\u00e5f\u00f8rer refser d\u00e5rlige vinterveier: \u2013 Dette er ikke godt nok &#8211; rbnett.no"},"content":{"rendered":"<ol>\n<li><a href=\"https:\/\/news.google.com\/rss\/articles\/CBMivwFBVV95cUxPUTNpMFoyeUdwR3J3TnFPTmVJdkFsMXdpdlNuNHZNYVFYb0U0Z0NhcG5odDVFU0ZralJ3LWtCdzl3aFBnTDZVcFRfZlhVSXdjX21zUTQ0X2ozYVBSb1JvR3dNcG9VN253dTVJY1ZveGxTb2htaTRxaGR1NE1wQmdXZjlFdVV0T19KeDNuYWlEYnJzUUUyTm8xRHNCRkRyYl9xZko3TEo3dW1GSDJYa2NsNjlpanY4MEJLUzYxLVNDSQ?oc=5\" target=\"_blank\" rel=\"nofollow noopener\">Lastebilsj\u00e5f\u00f8rer refser d\u00e5rlige vinterveier: \u2013 Dette er ikke godt nok<\/a>&nbsp;&nbsp;rbnett.no<\/li>\n<li><a href=\"https:\/\/news.google.com\/rss\/articles\/CBMijgFBVV95cUxPSVhjN1E1cVVPQktNUk9CWW5MQmtXcDhaQ18zaXlSOGxXVXhBWGdIZGNZUlc4NjdKZVN5ZXVpUU5qaXEtb2hsTmh6M2Zma3VJenhhRFhYblY1NlgtTHZOQ2wyYl81WUZwYWFCMXJJbEJTUnZ4Yno5bVNTb0ZnVVFnMlluTUpSdk42SF9ZV3dR?oc=5\" target=\"_blank\" rel=\"nofollow noopener\">Trafikk, Nyheter | Flere bekymringsmeldinger: \u2013 Sj\u00e5f\u00f8rer vurderer \u00e5 slutte<\/a>&nbsp;&nbsp;Gudbrandsd\u00f8len Dagningen<\/li>\n<li><a href=\"https:\/\/news.google.com\/rss\/articles\/CBMiqgFBVV95cUxNUm5lYlVGUENuRmRNQWQzMXNVWk15c0h3TFphLVAzWVV4d3ZmZDJGeXpKTjM1cDVhT21nR0NnMXJtVlRuR3M1Nm9KWlE4TTdUa3AxLUhILTBMY3hPYjNMdEIwX1JBdWtSTWdsRkFsQ1VyakdOajVyTVAwck0wcXNPNW9KeFZ2SFBCZUF1UldWeGF1ejY1VTlpdXdla1JSZlZMSmlPaEpuMlNlUQ?oc=5\" target=\"_blank\" rel=\"nofollow noopener\">Samferdsel, Trafikk | \u2013 Sj\u00e5f\u00f8rene skal ikke m\u00e5tte risikere liv og lemmer for \u00e5 gj\u00f8re jobben sin<\/a>&nbsp;&nbsp;Hamar Arbeiderblad<\/li>\n<li><a href=\"https:\/\/news.google.com\/rss\/articles\/CBMiigFBVV95cUxPTEk3dTBwLUoyWU5GSnp0NnRBTHZCQzVUcFFVR3FQQWpySHNFUURNWTZVS09adko5ZlhMX2p6MDI0TUJhQlhFLW5zbnEtWm1xYXpHZlE4b2FucTFKX0lLWWN1UVJGQWJXdzZkZ0FWQWJYRlVERVV2bHZIbm5ZQ1ZFdFFyRVV1cV9zc3c?oc=5\" target=\"_blank\" rel=\"nofollow noopener\">Nyheter, Hurdal | Lastebilsj\u00e5f\u00f8rer sl\u00e5r alarm om norske vinterveier<\/a>&nbsp;&nbsp;Romerikes Blad<\/li>\n<li><a href=\"https:\/\/news.google.com\/rss\/articles\/CBMisAFBVV95cUxONWk3ODFiNEdpZTNzbl9aZnJYUW9jblhOdmFDaDN5Y1RESzZlTmE4Wjg0d1lyQzFPdGFOMkN1S043aFhqZE9Bc09RNHlUSFZmTWg2ZVBnTF9MSm5OUl9tQjFUaWswNmQtbGxJWURaRmo5VDYzeFd6ZFI1YlhkV0JOZ1R2aFBmdWRqaUhCMWR4T2FSaEFsTDBtUkRrbUpIM3JIRkw2SkR1QmwtWWl6TlZYLQ?oc=5\" target=\"_blank\" rel=\"nofollow noopener\">Riksvei 94, Vei | Stengte veier til frustrasjon: \u2013 Blir bare dyrere jo lenger vi venter<\/a>&nbsp;&nbsp;Hammerfestingen<\/li>\n<\/ol>\n","protected":false},"excerpt":{"rendered":"Lastebilsj\u00e5f\u00f8rer refser d\u00e5rlige vinterveier: \u2013 Dette er ikke godt nok&nbsp;&nbsp;rbnett.no Trafikk, Nyheter | Flere bekymringsmeldinger: \u2013 Sj\u00e5f\u00f8rer vurderer&hellip;\n","protected":false},"author":2,"featured_media":100177,"comment_status":"","ping_status":"","sticky":false,"template":"","format":"standard","meta":{"footnotes":""},"categories":[10],"tags":[20,21,24,25,15,22,23,13,30,28,29,14,16,26,27],"class_list":{"0":"post-100176","1":"post","2":"type-post","3":"status-publish","4":"format-standard","5":"has-post-thumbnail","7":"category-norge","8":"tag-breaking-news","9":"tag-breakingnews","10":"tag-featured-news","11":"tag-featurednews","12":"tag-headlines","13":"tag-latest-news","14":"tag-latestnews","15":"tag-news","16":"tag-no","17":"tag-norge","18":"tag-norway","19":"tag-nyheter","20":"tag-overskrifter","21":"tag-top-stories","22":"tag-topstories"},"share_on_mastodon":{"url":"https:\/\/pubeurope.com\/@no\/115634637600019592","error":""},"_links":{"self":[{"href":"https:\/\/www.europesays.com\/no\/wp-json\/wp\/v2\/posts\/100176","targetHints":{"allow":["GET"]}}],"collection":[{"href":"https:\/\/www.europesays.com\/no\/wp-json\/wp\/v2\/posts"}],"about":[{"href":"https:\/\/www.europesays.com\/no\/wp-json\/wp\/v2\/types\/post"}],"author":[{"embeddable":true,"href":"https:\/\/www.europesays.com\/no\/wp-json\/wp\/v2\/users\/2"}],"replies":[{"embeddable":true,"href":"https:\/\/www.europesays.com\/no\/wp-json\/wp\/v2\/comments?post=100176"}],"version-history":[{"count":0,"href":"https:\/\/www.europesays.com\/no\/wp-json\/wp\/v2\/posts\/100176\/revisions"}],"wp:featuredmedia":[{"embeddable":true,"href":"https:\/\/www.europesays.com\/no\/wp-json\/wp\/v2\/media\/100177"}],"wp:attachment":[{"href":"https:\/\/www.europesays.com\/no\/wp-json\/wp\/v2\/media?parent=100176"}],"wp:term":[{"taxonomy":"category","embeddable":true,"href":"https:\/\/www.europesays.com\/no\/wp-json\/wp\/v2\/categories?post=100176"},{"taxonomy":"post_tag","embeddable":true,"href":"https:\/\/www.europesays.com\/no\/wp-json\/wp\/v2\/tags?post=100176"}],"curies":[{"name":"wp","href":"https:\/\/api.w.org\/{rel}","templated":true}]}}