{"id":100182,"date":"2025-11-29T19:34:08","date_gmt":"2025-11-29T19:34:08","guid":{"rendered":"https:\/\/www.europesays.com\/no\/100182\/"},"modified":"2025-11-29T19:34:08","modified_gmt":"2025-11-29T19:34:08","slug":"satt-seg-til-verdensrekord-i-badekar-pa-gaustatoppen-nrk-vestfold-og-telemark-lokale-nyheter-tv-og-radio","status":"publish","type":"post","link":"https:\/\/www.europesays.com\/no\/100182\/","title":{"rendered":"Satt seg til verdensrekord i badekar p\u00e5 Gaustatoppen \u2013 NRK Vestfold og Telemark \u2013 Lokale nyheter, TV og radio"},"content":{"rendered":"<p>Prestasjonen til 60-\u00e5ringen fra Polen kan ta pusten fra de fleste.<\/p>\n<p><strong>Selv holdt Stanislaw Odbiezalek pusten i 3 minutter og 11 sekunder, i iskaldt vann &#8211; 1 883 meter over havet og skriver seg med det inn i Guinness rekordbok.<\/strong><\/p>\n<p>Ingen har f\u00f8r gjort det samme. Odbiezalek tok selv kontakt med Guinness og foreslo fors\u00f8ket.<\/p>\n<p>\u2013 For \u00e5 f\u00e5 en godkjent verdensrekord av Guinness rekordbok skal det v\u00e6re litt spesielt, krevende og skummelt sier Arve Gravningen.<\/p>\n<p>Han har hatt rollen som organisator for det noe spesielle rekordfors\u00f8ket som l\u00f8rdag ble fullbyrdet p\u00e5 et av landets h\u00f8yeste fjell.<\/p>\n<p>\u2013 Det var gufne forhold p\u00e5 Gaustatoppen i dag, men Stanislaw klarte det han, sier en forn\u00f8yd Arve Gravningen. <\/p>\n<p>\u2013 Ekstremt<\/p>\n<p><strong>\u2013 Det er klart det st\u00e5r stor respekt av noe slikt som dette. Kombinasjonen av h\u00f8yde og temperatur gj\u00f8r at dette er ekstremt, sier Gravningen.<\/strong><\/p>\n<p><img decoding=\"async\"   src=\"data:image\/gif;base64,R0lGODlhAQABAIAAAAAAAP\/\/\/yH5BAEAAAAALAAAAAABAAEAAAIBRAA7\" loading=\"eager\" alt=\"En person i et badekar \" title=\"Foto: Privat\"\/><\/p>\n<p class=\"\">Stanislaw Odbiezalek brukte et blybelte for ikke \u00e5 flyte opp til vannoverflaten. <\/p>\n<p>Foto: Privat<\/p>\n<p>Han forteller at Odbiezalek, som kun snakker polsk, var str\u00e5lende forn\u00f8yd da rekorden var et faktum.<\/p>\n<p>\u2013 Det er klart han synes dette er moro, men det var krevende forhold. Da vi tappet vann i badekaret holdt det en temperatur p\u00e5 fire grader, men innen Stanislaw hadde kommet seg i vannet, var temperaturen sunket til under to grader.<\/p>\n<p>Gikk 110 meter under vann<\/p>\n<p>Det er slett ikke f\u00f8rste gang polakken som har v\u00e6rt bosatt i Norge i 10 \u00e5r tar seg vann over hodet.<\/p>\n<p><strong>\u2013 Han har imponert tidligere ogs\u00e5. I sommer gikk han 110 meter under vann i et basseng med blybelter p\u00e5 kroppen.<\/strong><\/p>\n<p>Og det blir det mer av, skal vi tro organisatoren.<\/p>\n<p>\u2013 Ja, det var det f\u00f8rste han sa etter \u00e5 ha gjennomf\u00f8rt p\u00e5 Gaustatoppen i dag. N\u00e5 skal han legge seg i hardtrening for \u00e5 kunne g\u00e5 enda lenger i et 50-metersbasseng, sier Gravningen.<\/p>\n<p>\u2013 Stressreaksjon<\/p>\n<p>Ole Magnus Filseth er klinikkoverlege ved prehospital klinikk p\u00e5 Universitetssykehuset Nord-Norge (UNN).<\/p>\n<p>Han anbefaler ingen uten trening \u00e5 fors\u00f8ke seg p\u00e5 det samme som Odbiezalek.<\/p>\n<p><strong>\u2013 Ved \u00e5 utsette seg for dette opplever de fleste at kroppen f\u00e5r en veldig stressreaksjon.<\/strong><\/p>\n<p>\u2013 Mulig \u00e5 trene seg opp<\/p>\n<p>Filseth mener det er vanskelig \u00e5 si noe generelt om hvordan et menneske reagerer p\u00e5 slike p\u00e5kjenninger.<\/p>\n<p><strong>\u2013 Det er individuelt. Det er store forskjeller p\u00e5 hvordan individer vil t\u00e5le \u00e5 b\u00e5de utsettes for s\u00e5 kaldt vann, og \u00e5 skulle holde pusten samtidig.<\/strong><\/p>\n<p><img decoding=\"async\"   src=\"data:image\/gif;base64,R0lGODlhAQABAIAAAAAAAP\/\/\/yH5BAEAAAAALAAAAAABAAEAAAIBRAA7\" loading=\"eager\" alt=\"Ole Magnus Filseth ved redningshelikopter Longyearbyen\" title=\"Foto: Maria Philippa Rossi\"\/><\/p>\n<p class=\"\">Klinikkoverlege Ole Magnus Filseth ved UNN. <\/p>\n<p>Foto: Maria Philippa Rossi<\/p>\n<p>Klinikkoverlegen bekrefter likevel at det er mulig \u00e5 trene opp kroppen til \u00e5 t\u00e5le slik p\u00e5virkning.<\/p>\n<p>\u2013 Et vanlig menneske vil umiddelbart f\u00e5 hjertebank og h\u00f8yere blodtrykk, men jeg vil tro at denne polakken har trent p\u00e5 dette. Da kan han faktisk oppleve \u00e5 f\u00e5 lavere hjertefrekvens.<\/p>\n<p>Positivt med tykt fettlag<\/p>\n<p>Filseth mener det ogs\u00e5 kan v\u00e6re greit med litt ekstra polstring rundt knoklene.<\/p>\n<p><strong>\u2013 I tillegg til \u00e5 v\u00e6re godt trent, er det positivt med et godt fettlag under huden. Jeg tviler p\u00e5 at denne polakken er radmager.<\/strong><\/p>\n<p>NRK var i kontakt med Filseth fredag ettermiddag. Da var det fortsatt usikkert om Stanislaw ville sette rekord, men overlegen hadde trua.<\/p>\n<p><strong>\u2013 Jeg blir ikke overrasket om han klarer rekordfors\u00f8ket. Jeg vil heller si at jeg blir imponert.<\/strong><\/p>\n<p>Publisert<\/p>\n<p>29.11.2025, kl. 15.40<\/p>\n<p>Oppdatert<\/p>\n<p>29.11.2025, kl. 18.41<\/p>\n","protected":false},"excerpt":{"rendered":"Prestasjonen til 60-\u00e5ringen fra Polen kan ta pusten fra de fleste. Selv holdt Stanislaw Odbiezalek pusten i 3&hellip;\n","protected":false},"author":2,"featured_media":100183,"comment_status":"","ping_status":"","sticky":false,"template":"","format":"standard","meta":{"footnotes":""},"categories":[10],"tags":[20,21,24,25,15,22,23,13,30,28,29,14,16,26,27],"class_list":{"0":"post-100182","1":"post","2":"type-post","3":"status-publish","4":"format-standard","5":"has-post-thumbnail","7":"category-norge","8":"tag-breaking-news","9":"tag-breakingnews","10":"tag-featured-news","11":"tag-featurednews","12":"tag-headlines","13":"tag-latest-news","14":"tag-latestnews","15":"tag-news","16":"tag-no","17":"tag-norge","18":"tag-norway","19":"tag-nyheter","20":"tag-overskrifter","21":"tag-top-stories","22":"tag-topstories"},"share_on_mastodon":{"url":"https:\/\/pubeurope.com\/@no\/115634665520961906","error":""},"_links":{"self":[{"href":"https:\/\/www.europesays.com\/no\/wp-json\/wp\/v2\/posts\/100182","targetHints":{"allow":["GET"]}}],"collection":[{"href":"https:\/\/www.europesays.com\/no\/wp-json\/wp\/v2\/posts"}],"about":[{"href":"https:\/\/www.europesays.com\/no\/wp-json\/wp\/v2\/types\/post"}],"author":[{"embeddable":true,"href":"https:\/\/www.europesays.com\/no\/wp-json\/wp\/v2\/users\/2"}],"replies":[{"embeddable":true,"href":"https:\/\/www.europesays.com\/no\/wp-json\/wp\/v2\/comments?post=100182"}],"version-history":[{"count":0,"href":"https:\/\/www.europesays.com\/no\/wp-json\/wp\/v2\/posts\/100182\/revisions"}],"wp:featuredmedia":[{"embeddable":true,"href":"https:\/\/www.europesays.com\/no\/wp-json\/wp\/v2\/media\/100183"}],"wp:attachment":[{"href":"https:\/\/www.europesays.com\/no\/wp-json\/wp\/v2\/media?parent=100182"}],"wp:term":[{"taxonomy":"category","embeddable":true,"href":"https:\/\/www.europesays.com\/no\/wp-json\/wp\/v2\/categories?post=100182"},{"taxonomy":"post_tag","embeddable":true,"href":"https:\/\/www.europesays.com\/no\/wp-json\/wp\/v2\/tags?post=100182"}],"curies":[{"name":"wp","href":"https:\/\/api.w.org\/{rel}","templated":true}]}}