{"id":100184,"date":"2025-11-29T19:35:08","date_gmt":"2025-11-29T19:35:08","guid":{"rendered":"https:\/\/www.europesays.com\/no\/100184\/"},"modified":"2025-11-29T19:35:08","modified_gmt":"2025-11-29T19:35:08","slug":"ap-sp-og-rodt-enige-om-statsbudsjett-for-2026-siste-nytt-nrk","status":"publish","type":"post","link":"https:\/\/www.europesays.com\/no\/100184\/","title":{"rendered":"Ap, SP og R\u00f8dt enige om statsbudsjett for 2026 \u2013 Siste nytt \u2013\u00a0NRK"},"content":{"rendered":"<p>Arbeiderpartiet, Sp og R\u00f8dt enige om statsbudsjettet for 2026. Det skriver Arbeiderpartiet i en pressemelding.<\/p>\n<p>\u2013 Partiene er enige om \u00e5 gi mer penger til kommunene og fylkeskommunene, \u00f8ke bemanningen i barnehagene og en hjelpepakke til Palestina, heter det i pressemeldinga.<\/p>\n<p>Tuva Moflag, finanspolitisk talsperson for Arbeiderpartiet, har ledet forhandlingene..<\/p>\n<p>\u2013 Dette er en god budsjettavtale som gir oss trygghet for \u00f8konomien, trygghet for fellesskapet og trygghet for landet. Mer penger til kommunene og barnehage har v\u00e6rt s\u00e6rlig viktig for oss, samtidig som at alle endringer i budsjettet skjer innenfor ansvarlige \u00f8konomiske rammer, uttaler hun if\u00f8lge pressemeldinga.<\/p>\n","protected":false},"excerpt":{"rendered":"Arbeiderpartiet, Sp og R\u00f8dt enige om statsbudsjettet for 2026. Det skriver Arbeiderpartiet i en pressemelding. \u2013 Partiene er&hellip;\n","protected":false},"author":2,"featured_media":100185,"comment_status":"","ping_status":"","sticky":false,"template":"","format":"standard","meta":{"footnotes":""},"categories":[5],"tags":[20,21,24,25,15,19,22,23,17,18,13,30,28,29,14,16,26,27],"class_list":{"0":"post-100184","1":"post","2":"type-post","3":"status-publish","4":"format-standard","5":"has-post-thumbnail","7":"category-overskrifter","8":"tag-breaking-news","9":"tag-breakingnews","10":"tag-featured-news","11":"tag-featurednews","12":"tag-headlines","13":"tag-hovedoppslag","14":"tag-latest-news","15":"tag-latestnews","16":"tag-main-news","17":"tag-mainnews","18":"tag-news","19":"tag-no","20":"tag-norge","21":"tag-norway","22":"tag-nyheter","23":"tag-overskrifter","24":"tag-top-stories","25":"tag-topstories"},"share_on_mastodon":{"url":"https:\/\/pubeurope.com\/@no\/115634669064174055","error":""},"_links":{"self":[{"href":"https:\/\/www.europesays.com\/no\/wp-json\/wp\/v2\/posts\/100184","targetHints":{"allow":["GET"]}}],"collection":[{"href":"https:\/\/www.europesays.com\/no\/wp-json\/wp\/v2\/posts"}],"about":[{"href":"https:\/\/www.europesays.com\/no\/wp-json\/wp\/v2\/types\/post"}],"author":[{"embeddable":true,"href":"https:\/\/www.europesays.com\/no\/wp-json\/wp\/v2\/users\/2"}],"replies":[{"embeddable":true,"href":"https:\/\/www.europesays.com\/no\/wp-json\/wp\/v2\/comments?post=100184"}],"version-history":[{"count":0,"href":"https:\/\/www.europesays.com\/no\/wp-json\/wp\/v2\/posts\/100184\/revisions"}],"wp:featuredmedia":[{"embeddable":true,"href":"https:\/\/www.europesays.com\/no\/wp-json\/wp\/v2\/media\/100185"}],"wp:attachment":[{"href":"https:\/\/www.europesays.com\/no\/wp-json\/wp\/v2\/media?parent=100184"}],"wp:term":[{"taxonomy":"category","embeddable":true,"href":"https:\/\/www.europesays.com\/no\/wp-json\/wp\/v2\/categories?post=100184"},{"taxonomy":"post_tag","embeddable":true,"href":"https:\/\/www.europesays.com\/no\/wp-json\/wp\/v2\/tags?post=100184"}],"curies":[{"name":"wp","href":"https:\/\/api.w.org\/{rel}","templated":true}]}}