{"id":100189,"date":"2025-11-29T19:43:12","date_gmt":"2025-11-29T19:43:12","guid":{"rendered":"https:\/\/www.europesays.com\/no\/100189\/"},"modified":"2025-11-29T19:43:12","modified_gmt":"2025-11-29T19:43:12","slug":"skal-vi-danse-forste-gang-2","status":"publish","type":"post","link":"https:\/\/www.europesays.com\/no\/100189\/","title":{"rendered":"\u00abSkal vi danse\u00bb: F\u00f8rste gang"},"content":{"rendered":"<p class=\"kicker \" style=\"\">\u00abSkal vi danse\u00bb:\u00a0<\/p>\n<p>  L\u00f8rdag debuterer suksessprogrammet med sin f\u00f8rste julesending, og blant de som skal v\u00e6re med \u00e5 sette julestemningen er artist Maria Mena.\u00a0<\/p>\n<p>\n    SVINGER SEG: Kveldens \u00abSkal vi danse\u00bb-sending byr p\u00e5 julestemning. Foto: Jesper Malthus-Andersen \/ TV 2\n  <\/p>\n<p>L\u00f8rdag er det jul inne p\u00e5 Gateway Studios, n\u00e5r TV 2 inviterer p\u00e5 julespesial p\u00e5 <a href=\"https:\/\/www.seher.no\/kjendis\/fikk-kjeft-av-produksjonen\/83904249\" rel=\"nofollow noopener\" target=\"_blank\">\u00abSkal vi danse\u00bb<\/a>.\u00a0<\/p>\n<p>    <a itemprop=\"url\" href=\"https:\/\/www.seher.no\/kjendis\/fikk-kjeft-av-produksjonen\/83904249\" rel=\"nofollow noopener\" target=\"_blank\"><\/p>\n<p>      <img loading=\"lazy\" decoding=\"async\" src=\"https:\/\/www.europesays.com\/no\/wp-content\/uploads\/2025\/11\/1764445391_383_83903899.webp\" width=\"147\" height=\"98\" title=\"- Fikk kjeft etter tabbe\" alt=\"\" class=\"lazyload\" style=\"--aspect-ratio-image: 1.50; \"\/><\/p>\n<p>        &#8211; Fikk kjeft etter tabbe<\/p>\n<p>    <\/a><\/p>\n<p>I tillegg til at danseparene skal danse tre juleinspirerte danser &#8211; et individuelt nummer, Jive-a-thon og gruppedanser &#8211; blir det ogs\u00e5 et musikalsk innslag.\u00a0<\/p>\n<p class=\"font-weight-bold m-font-weight-bold\" data-lab-font_weight=\"font-weight-bold\">Artist Maria Mena (39) opptrer under sendingen, og skal dermed s\u00f8rge for at seerne kommer i julestemning med l\u00e5ten \u00abHome for Christmas\u00bb. <\/p>\n<p>        \u00abSKAL VI DANSE\u00bb: Tale Torjussen har spart p\u00e5 detaljene om privatlivet. Video: Tiktok\/@tale.torjussen, R\u00f8d L\u00f8per\/Nora Skavhaug\/Thea Hope<\/p>\n<p class=\"font-weight-normal m-font-weight-normal\" data-lab-font_weight=\"font-weight-normal\">Til Se og H\u00f8r forteller\u00a0kommunikasjonsansvarlig for \u00abSkal vi danse\u00bb, Sebastian Tallaksen Flaten, at dette er f\u00f8rste gang det er julesending p\u00e5 \u00abSkal vi danse\u00bb.\u00a0\u00a0<\/p>\n<p>          <img loading=\"lazy\" decoding=\"async\" src=\"https:\/\/www.europesays.com\/no\/wp-content\/uploads\/2025\/11\/83917090.webp\" width=\"686\" height=\"474\" title=\"DUKKER OPP: Maria Mena skal opptre under kveldens sending. Foto: Andreas Fadum \/ Se og H\u00f8r\" alt=\"\" class=\"\" style=\"--aspect-ratio-image: 1.45; \"\/><\/p>\n<p>\n          DUKKER OPP: Maria Mena skal opptre under kveldens sending. Foto: Andreas Fadum \/ Se og H\u00f8r\n      <\/p>\n<p class=\"font-weight-bold m-font-weight-bold\" data-lab-font_weight=\"font-weight-bold\">&#8211; Det er ikke f\u00f8rste gang vi har artister som opptrer i \u00abSkal vi danse\u00bb, men det er imidlertid v\u00e5r aller f\u00f8rste sending med juletema, sier Tallaksen Flaten.\u00a0<\/p>\n<p class=\"font-weight-normal m-font-weight-normal\" data-lab-font_weight=\"font-weight-normal\"> Programmet har blitt sendt p\u00e5 TV 2 siden 2006, og er n\u00e5 inne i sin 20. sesong. <\/p>\n<p>          <img loading=\"lazy\" decoding=\"async\" src=\"https:\/\/www.europesays.com\/no\/wp-content\/uploads\/2025\/11\/83916981.webp\" width=\"686\" height=\"995\" title=\"R\u00d8PER DETALJER: Artist Maria Mena tar en trall under \u00abSkal vi danse\u00bb-sendingen l\u00f8rdag. Foto: Skjermdump Instagram @mariamena_official\" alt=\"\" class=\"\" style=\"--aspect-ratio-image: 0.69; \"\/><\/p>\n<p>\n          R\u00d8PER DETALJER: Artist Maria Mena tar en trall under \u00abSkal vi danse\u00bb-sendingen l\u00f8rdag. Foto: Skjermdump Instagram @mariamena_official\n      <\/p>\n<p class=\"font-weight-normal m-font-weight-normal\" data-lab-font_weight=\"font-weight-normal\">Han legger til:\u00a0<\/p>\n<p class=\"font-weight-bold m-font-weight-bold\" data-lab-font_weight=\"font-weight-bold\">&#8211; S\u00e5 da passer det jo perfekt med en opptreden av Maria Mena for \u00e5 sette den perfekte julestemningen.\u00a0<\/p>\n","protected":false},"excerpt":{"rendered":"\u00abSkal vi danse\u00bb:\u00a0 L\u00f8rdag debuterer suksessprogrammet med sin f\u00f8rste julesending, og blant de som skal v\u00e6re med \u00e5&hellip;\n","protected":false},"author":2,"featured_media":100190,"comment_status":"","ping_status":"","sticky":false,"template":"","format":"standard","meta":{"footnotes":""},"categories":[5],"tags":[20,21,24,25,15,19,479,2543,22,23,17,18,1117,13,30,28,29,14,16,2280,26,27,1130],"class_list":{"0":"post-100189","1":"post","2":"type-post","3":"status-publish","4":"format-standard","5":"has-post-thumbnail","7":"category-overskrifter","8":"tag-breaking-news","9":"tag-breakingnews","10":"tag-featured-news","11":"tag-featurednews","12":"tag-headlines","13":"tag-hovedoppslag","14":"tag-kjendis","15":"tag-kjendisdesken","16":"tag-latest-news","17":"tag-latestnews","18":"tag-main-news","19":"tag-mainnews","20":"tag-maria-mena","21":"tag-news","22":"tag-no","23":"tag-norge","24":"tag-norway","25":"tag-nyheter","26":"tag-overskrifter","27":"tag-skal-vi-danse","28":"tag-top-stories","29":"tag-topstories","30":"tag-tv2"},"share_on_mastodon":{"url":"https:\/\/pubeurope.com\/@no\/115634701065203793","error":""},"_links":{"self":[{"href":"https:\/\/www.europesays.com\/no\/wp-json\/wp\/v2\/posts\/100189","targetHints":{"allow":["GET"]}}],"collection":[{"href":"https:\/\/www.europesays.com\/no\/wp-json\/wp\/v2\/posts"}],"about":[{"href":"https:\/\/www.europesays.com\/no\/wp-json\/wp\/v2\/types\/post"}],"author":[{"embeddable":true,"href":"https:\/\/www.europesays.com\/no\/wp-json\/wp\/v2\/users\/2"}],"replies":[{"embeddable":true,"href":"https:\/\/www.europesays.com\/no\/wp-json\/wp\/v2\/comments?post=100189"}],"version-history":[{"count":0,"href":"https:\/\/www.europesays.com\/no\/wp-json\/wp\/v2\/posts\/100189\/revisions"}],"wp:featuredmedia":[{"embeddable":true,"href":"https:\/\/www.europesays.com\/no\/wp-json\/wp\/v2\/media\/100190"}],"wp:attachment":[{"href":"https:\/\/www.europesays.com\/no\/wp-json\/wp\/v2\/media?parent=100189"}],"wp:term":[{"taxonomy":"category","embeddable":true,"href":"https:\/\/www.europesays.com\/no\/wp-json\/wp\/v2\/categories?post=100189"},{"taxonomy":"post_tag","embeddable":true,"href":"https:\/\/www.europesays.com\/no\/wp-json\/wp\/v2\/tags?post=100189"}],"curies":[{"name":"wp","href":"https:\/\/api.w.org\/{rel}","templated":true}]}}