{"id":100193,"date":"2025-11-29T19:49:29","date_gmt":"2025-11-29T19:49:29","guid":{"rendered":"https:\/\/www.europesays.com\/no\/100193\/"},"modified":"2025-11-29T19:49:29","modified_gmt":"2025-11-29T19:49:29","slug":"vaer-underkjolt-regn-forst-obs-varsel-sa-ma-du-ha-riktige-klaer-og-rett-fart","status":"publish","type":"post","link":"https:\/\/www.europesays.com\/no\/100193\/","title":{"rendered":"V\u00e6r, Underkj\u00f8lt regn | F\u00f8rst obs-varsel, s\u00e5 m\u00e5 du ha riktige kl\u00e6r \u2013 og rett fart"},"content":{"rendered":"\n<p>Det ligger i utgangspunktet an til en flott ettermiddag i Larvik-distriktet, med mye sol.<\/p>\n<p><b>Det er imidlertid bare \u00e5 nyte, for vinden er s\u00e5pass kraftig at den f\u00f8lte temperaturen bare er om lag det halve av gradestokken viser. Og ut over etter ettermiddagen og kvelden blir det bare verre.<\/b><\/p>\n<p>Derfor har Meteorologisk institutt sendt ut et kulingvarsel, og minner om at det ikke er \u00e5 anbefale \u00e5 ta seg ut i sm\u00e5b\u00e5t.<\/p>\n<p>Varselet gjelder fra svenskegrensa, forbi Vestfold og helt til \u00c5na-Sira ved Flekkefjord.<\/p>\n<p><b>Kraftigst vind vil det v\u00e6re rett over midnatt natt til l\u00f8rdag, med opp mot 23 m\/s i kastene.<\/b><\/p>\n<p>Tidlig l\u00f8rdag morgen vil det roe seg gradvis fra klokka sju.<\/p>\n<p>Pass p\u00e5 for underkj\u00f8lt regn<\/p>\n<p><b>De neste dagene er det ventet 6\u20137 plussgrader p\u00e5 dagtid ved sj\u00f8en, mens det blir litt kaldere i indre str\u00f8k av kommunen, med minusgrader p\u00e5 kvelds- og nattetid.<\/b><\/p>\n<p>Det kan gi store utfordringer for deg som skal ut i trafikken. Mens det for det meste skal regne i lavlandet, og i ganske store mengder s\u00f8ndag og tirsdag, kan det komme som sludd og sn\u00f8 i h\u00f8yden.<\/p>\n<p>Regnet kan ogs\u00e5 v\u00e6re minst like farlig, om ikke verre:<\/p>\n<p><b>\u2013 Vi er inne i den tiden av \u00e5ret der v\u00e6ret varierer fra v\u00e5tt og mildt til kaldt vinterv\u00e6r. Det kan gi u<\/b><b>nderkj\u00f8lt regn p\u00e5 kald bakke. Med det v\u00e6ret som er meldt enkelte steder gjelder det \u00e5 ta det med ro om du skal ut p\u00e5 veien og ikke minst m\u00e5 du ha vinterdekk p\u00e5 bilen, <\/b><b>sier Nils S\u00f8dal, senior kommunikasjonsr\u00e5dgiver i NAF<\/b><b>. <\/b><\/p>\n<p>N\u00e5r bakken er iskald og det begynner \u00e5 regne, fryser regnet til is og veien blir som en sk\u00f8ytebane. Det er vanskelig \u00e5 oppdage underkj\u00f8lt regn fordi det ser ut som veien er v\u00e5t n\u00e5r den egentlig er dekt av et tynt islag. <\/p>\n<p>\u2013 Underkj\u00f8lt regn er det verste f\u00f8ret \u00e5 kj\u00f8re bil p\u00e5. Selv med gode vinterdekk p\u00e5 bilen, er det fort gjort \u00e5 miste kontrollen. Er det meldt underkj\u00f8lt regn er det beste \u00e5 la bilen st\u00e5 den dagen om det er mulig, fortsetter S\u00f8dal.<\/p>\n","protected":false},"excerpt":{"rendered":"Det ligger i utgangspunktet an til en flott ettermiddag i Larvik-distriktet, med mye sol. Det er imidlertid bare&hellip;\n","protected":false},"author":2,"featured_media":17804,"comment_status":"","ping_status":"","sticky":false,"template":"","format":"standard","meta":{"footnotes":""},"categories":[10],"tags":[36,20,21,24,25,15,12765,3200,113,22,23,13,30,28,29,14,16,1810,1510,26,27,12764,553,12766],"class_list":{"0":"post-100193","1":"post","2":"type-post","3":"status-publish","4":"format-standard","5":"has-post-thumbnail","7":"category-norge","8":"tag-art","9":"tag-breaking-news","10":"tag-breakingnews","11":"tag-featured-news","12":"tag-featurednews","13":"tag-headlines","14":"tag-kulingvarsel","15":"tag-lagendalen","16":"tag-larvik","17":"tag-latest-news","18":"tag-latestnews","19":"tag-news","20":"tag-no","21":"tag-norge","22":"tag-norway","23":"tag-nyheter","24":"tag-overskrifter","25":"tag-regn","26":"tag-story","27":"tag-top-stories","28":"tag-topstories","29":"tag-underkjolt-regn","30":"tag-vaer","31":"tag-vaeromslag"},"share_on_mastodon":{"url":"https:\/\/pubeurope.com\/@no\/115634724073934857","error":""},"_links":{"self":[{"href":"https:\/\/www.europesays.com\/no\/wp-json\/wp\/v2\/posts\/100193","targetHints":{"allow":["GET"]}}],"collection":[{"href":"https:\/\/www.europesays.com\/no\/wp-json\/wp\/v2\/posts"}],"about":[{"href":"https:\/\/www.europesays.com\/no\/wp-json\/wp\/v2\/types\/post"}],"author":[{"embeddable":true,"href":"https:\/\/www.europesays.com\/no\/wp-json\/wp\/v2\/users\/2"}],"replies":[{"embeddable":true,"href":"https:\/\/www.europesays.com\/no\/wp-json\/wp\/v2\/comments?post=100193"}],"version-history":[{"count":0,"href":"https:\/\/www.europesays.com\/no\/wp-json\/wp\/v2\/posts\/100193\/revisions"}],"wp:featuredmedia":[{"embeddable":true,"href":"https:\/\/www.europesays.com\/no\/wp-json\/wp\/v2\/media\/17804"}],"wp:attachment":[{"href":"https:\/\/www.europesays.com\/no\/wp-json\/wp\/v2\/media?parent=100193"}],"wp:term":[{"taxonomy":"category","embeddable":true,"href":"https:\/\/www.europesays.com\/no\/wp-json\/wp\/v2\/categories?post=100193"},{"taxonomy":"post_tag","embeddable":true,"href":"https:\/\/www.europesays.com\/no\/wp-json\/wp\/v2\/tags?post=100193"}],"curies":[{"name":"wp","href":"https:\/\/api.w.org\/{rel}","templated":true}]}}