{"id":100194,"date":"2025-11-29T19:59:18","date_gmt":"2025-11-29T19:59:18","guid":{"rendered":"https:\/\/www.europesays.com\/no\/100194\/"},"modified":"2025-11-29T19:59:18","modified_gmt":"2025-11-29T19:59:18","slug":"kevin-vagenes-om-komiker-kollegaen-det-gjorde-meg-trygg","status":"publish","type":"post","link":"https:\/\/www.europesays.com\/no\/100194\/","title":{"rendered":"Kevin V\u00e5genes om komiker-kollegaen: &#8211; Det gjorde meg trygg"},"content":{"rendered":"<p>Snart ruller en ny adventskalender over TV-skjermer i de tusen hjem.\u00a0<\/p>\n<p><a href=\"https:\/\/www.tv2.no\/underholdning\/klare-for-ny-julekalender\/18235453\/\" rel=\"nofollow noopener\" target=\"_blank\">1. desember har \u00abNissene i skjul\u00bb<\/a> premiere p\u00e5 NRK \u2013 med komikerne Kevin V\u00e5genes (39), Herman Flesvig (33) og Mikkel Niva (37) i f\u00f8rersetet.<\/p>\n<p>Serien\u00a0henter inspirasjon fra \u00abNissene p\u00e5 l\u00e5ven\u00bb, og popul\u00e6re realityserier som \u00abForr\u00e6der\u00bb og \u00abSpillet\u00bb, og byr p\u00e5 en solid dose parodi, varme og julekaos.<\/p>\n<p>Men bak humoren og julestemningen har innspillingen ogs\u00e5 skapt noe annet \u2013 et helt nytt vennskap.\u00a0<\/p>\n<p>Store nerver\u00a0<\/p>\n<p>\u00abNissene i skjul\u00bb markerer f\u00f8rste gang trioen arbeider sammen. Da prosjektet ble offentlig kjent, beskrev V\u00e5genes samarbeidet med Flesvig som en lenge etterlengtet dr\u00f8m.\u00a0<\/p>\n<p>        <img class=\"image__img lazyload\" itemprop=\"image\" title=\"Foto: Eira Kr\u00e5b\u00f8l \/ TV 2\" alt=\"VENNER: TV 2 m\u00f8ter trioen p\u00e5 pressetreff for \u00abNissene i skjul\u00bb. Foto: Eira Kr\u00e5b\u00f8l \/ TV 2\" width=\"978\" height=\"551\" bad-src=\"https:\/\/www.europesays.com\/no\/wp-content\/uploads\/2025\/11\/18330166.webp\" fetchpriority=\"auto\" \/><\/p>\n<p>      VENNER: TV 2 m\u00f8ter trioen p\u00e5 pressetreff for \u00abNissene i skjul\u00bb.<br \/>\n         Foto: Eira Kr\u00e5b\u00f8l \/ TV 2<\/p>\n<p>Likevel var det ikke helt uten nerver da trioen m\u00f8ttes for sitt aller f\u00f8rste felles prosjekt.\u00a0<\/p>\n<p>\u2013 Vi hadde jo bare m\u00f8ttes p\u00e5 et \u00abhei\u00bb tidligere, s\u00e5 man blir naturligvis spent. Spent p\u00e5 om vi faktisk har humorkjemi sammen, sier V\u00e5genes til TV 2.<\/p>\n<p>F\u00f8r de gikk i gang, samlet han gjengen rundt middagsbordet hjemme hos seg \u2013 en kveld som raskt l\u00f8snet nervene:\u00a0<\/p>\n<p>\u2013 Den kjemien fant vi veldig fort, forteller V\u00e5genes.<\/p>\n<p>\u2013 Ja, den middagen&#8230; Det er veldig hyggelig med Kevin privat, og det er f\u00e5 jeg kjenner som er s\u00e5 gode p\u00e5 historiefortelling, skyter Flesvig inn og fortsetter:\u00a0<\/p>\n<p>        <img class=\"image__img lazyload\" itemprop=\"image\" title=\"Foto: Isac Skjevik Kvello \/ TV 2\" alt=\"SOLOSHOW: Kevin V\u00e5genes under soloshowet \u00abSingel i parterapi\u00bb p\u00e5 Ole Bull scene i Bergen. Foto: Isac Skjevik Kvello \/ TV 2\" width=\"978\" height=\"551\" bad-src=\"https:\/\/www.europesays.com\/no\/wp-content\/uploads\/2025\/11\/18330171.webp\" fetchpriority=\"auto\" \/><\/p>\n<p>      SOLOSHOW: Kevin V\u00e5genes under soloshowet \u00abSingel i parterapi\u00bb p\u00e5 Ole Bull scene i Bergen.<br \/>\n         Foto: Isac Skjevik Kvello \/ TV 2<\/p>\n<p>\u2013 Gud hjelpes n\u00e5r Kevin begynner \u00e5 spille ut en historie. Det er s\u00e5 synd det ikke kan filmes, for det kan jo ikke p\u00e5 noen som helst m\u00e5te vises.\u00a0<\/p>\n<p>Niva gir et kryptisk nikk, og legger til:\u00a0<\/p>\n<p>\u00a0\u2013 For det finnes virkelig historier \u2013 alt fra Bergen til Las Vegas!<\/p>\n<p class=\"italic m-italic\" data-lab-italic=\"italic\">Under middagen ble Flesvig og Niva utsatt for et hemmelige ritual. Se hva V\u00e5genes ritual g\u00e5r ut p\u00e5 her:\u00a0<\/p>\n<p>\u2013 Ville hjelpe meg\u00a0<\/p>\n<p>Historiefortelling skulle det bli mer av. Mange timer i sminken p\u00e5 settet til \u00abNissene i skjul\u00bb ble fortsettelsen p\u00e5 et vennskap som snart skulle ta form.<\/p>\n<p>\u2013 De hyggeligste \u00f8yeblikkene var p\u00e5 morgenen i sminke. Vi snakket om absolutt alt, sier Flesvig.\u00a0<\/p>\n<p>\u2013 Ja, herlighet s\u00e5 godt kjent vi ble p\u00e5 de morgenene der, legger V\u00e5genes til.\u00a0<\/p>\n<p>Trioen forteller om samtaler som spenner fra artisten C\u00e9line Dion (57) og stortingsvalg, til det m\u00f8rkeste m\u00f8rke.\u00a0Men f\u00f8rst og fremst snakker de varmt om hverandre:\u00a0<\/p>\n<p>        <img class=\"image__img lazyload\" itemprop=\"image\" title=\"Foto: Seefood TV \/ NRK\" alt=\"KARAKTER: En av Flesvigs fire karakterer i \u00abNissene i skjul\u00bb-universet. Foto: Seefood TV \/ NRK\" width=\"978\" height=\"551\" bad-src=\"https:\/\/www.europesays.com\/no\/wp-content\/uploads\/2025\/11\/18330154.webp\" fetchpriority=\"auto\" \/><\/p>\n<p>      KARAKTER: En av Flesvigs fire karakterer i \u00abNissene i skjul\u00bb-universet.<br \/>\n         Foto: Seefood TV \/ NRK<\/p>\n<p>\u2013 Det som gjorde meg trygg, var hvor raus Herman var. Hvis han hadde en id\u00e9 som han mente passet til min karakter, s\u00e5 ga han den til meg, sier V\u00e5genes.<\/p>\n<p>\u2013 Han kunne valgt \u00e5 spare den og beholde den til en av sine karakterer, men han ga den til meg. Det f\u00f8ltes som et oppriktig \u00f8nske om at han ville hjelpe meg, fortsetter han.\u00a0<\/p>\n<p>Komikeren, kjent fra <a href=\"https:\/\/www.tv2.no\/underholdning\/gir-seg-med-parterapi-vemodig\/11655997\/\" rel=\"nofollow noopener\" target=\"_blank\">\u00abParterapi\u00bb<\/a>, forteller om \u00f8yeblikk hvor de var helt p\u00e5 gr\u00e5ten, og hvor rausheten fra kollegaen var en stor tr\u00f8st:\u00a0<\/p>\n<p>\u2013 Vi ble veldig glad i hverandre fort.\u00a0<\/p>\n<p>\u2013 Har ikke den selvtilliten privat\u00a0<\/p>\n<p>Flesvig stiller seg bak beskrivelsen.<\/p>\n<p>\u2013 Den rausheten f\u00f8lte jeg oppriktig vi hadde hele tiden. Det er fort som to komikere i samme bransje at man ser p\u00e5 hverandre som konkurrenter, men det var ikke noe s\u00e5nt, sier han og legger til:\u00a0<\/p>\n<p>\u2013 Det var lagsport hele veien. Vi \u00f8nsket oppriktig det skulle bli s\u00e5 bra som mulig sammen \u2013 det gjelder alle som jobbet p\u00e5 sett.\u00a0<\/p>\n<p>        <img class=\"image__img lazyload\" itemprop=\"image\" title=\"Foto: Seefood TV \/ NRK\" alt=\"FLERE ROLLER: Et knippe av noen av rollene Flesvig og V\u00e5genes spiller i \u00abNissene i skjul\u00bb. Foto: Seefood TV \/ NRK\" width=\"978\" height=\"551\" bad-src=\"https:\/\/www.europesays.com\/no\/wp-content\/uploads\/2025\/11\/18330155.webp\" fetchpriority=\"auto\" \/><\/p>\n<p>      FLERE ROLLER: Et knippe av noen av rollene Flesvig og V\u00e5genes spiller i \u00abNissene i skjul\u00bb.<br \/>\n         Foto: Seefood TV \/ NRK<\/p>\n<p>Han snakker videre i store bokstaver om V\u00e5genes\u2019 talent som karakterskuespiller:<\/p>\n<p>\u2013 Kevin er jo en helt sinnssykt god karakterskuespiller. Den ryggraden han har i de rollene han gj\u00f8r, blir jeg veldig fascinert av.<\/p>\n<p>Flesvig trekker frem kontrasten mellom V\u00e5genes privat og n\u00e5r han g\u00e5r i karakter:<\/p>\n<p>\u2013 Jeg har blitt kjent med Kevin privat ogs\u00e5. Han har ikke den selvtilliten privat, men i karakter tar han rommet fullstendig.<\/p>\n<p>\u2013 Det funker ikke hver gang da, skyter V\u00e5genes inn.\u00a0<\/p>\n<p>        <img class=\"image__img lazyload\" itemprop=\"image\" title=\"Foto: Seefood TV \/ NRK\" alt=\"PROGRAMLEDER: Niva fungerer som programleder i \u00abNissene i skjul\u00bb Foto: Seefood TV \/ NRK\" width=\"978\" height=\"551\" bad-src=\"https:\/\/www.europesays.com\/no\/wp-content\/uploads\/2025\/11\/18330153.webp\" fetchpriority=\"auto\" \/><\/p>\n<p>      PROGRAMLEDER: Niva fungerer som programleder i \u00abNissene i skjul\u00bb<br \/>\n         Foto: Seefood TV \/ NRK<\/p>\n<p>\u2013 Men det er det som er kult: At du tar en r\u00e5sjanse noen ganger og ikke vet om det kommer til \u00e5 funke, men du gj\u00f8r det likevel, legger Niva til.<\/p>\n<p>\u2013 En utrolig god venn\u00a0<\/p>\n<p>Niva og Flesvig har en lang rekke med prosjekter bak seg, inkludert podkasten Friminutt.\u00a0<\/p>\n<p>De legger ikke skjul p\u00e5 at de h\u00e5per p\u00e5 mer tid med V\u00e5genes fremover.\u00a0<\/p>\n<p>\u2013 Jeg har blitt en slags hyggelig onkel for Herman, sp\u00f8ker Niva, og legger til:\u00a0<\/p>\n<p>        <img class=\"image__img lazyload\" itemprop=\"image\" title=\"Foto: Terje Pedersen \/ NTB\" alt=\"GODE VENNER: Herman Flesvig og Mikkel Niva har jobbet sammen under flere prosjekter. Foto: Terje Pedersen \/ NTB\" width=\"675\" height=\"426\" bad-src=\"https:\/\/www.europesays.com\/no\/wp-content\/uploads\/2025\/11\/18330164.webp\" fetchpriority=\"auto\" \/><\/p>\n<p>      GODE VENNER: Herman Flesvig og Mikkel Niva har jobbet sammen under flere prosjekter.<br \/>\n         Foto: Terje Pedersen \/ NTB<\/p>\n<p>\u2013 Jeg passer gjerne Kevin \u00f3g \u2013 hver dag i uka hvis han vil det.\u00a0<\/p>\n<p>V\u00e5genes stiller seg ikke fremmed til det:\u00a0<\/p>\n<p>\u2013 Jeg skj\u00f8nner godt hvorfor Herman vil ha Mikkel i livet sitt. For Mikkel er en utrolig god venn \u00e5 ha, svarer V\u00e5genes.\u00a0<\/p>\n","protected":false},"excerpt":{"rendered":"Snart ruller en ny adventskalender over TV-skjermer i de tusen hjem.\u00a0 1. desember har \u00abNissene i skjul\u00bb premiere&hellip;\n","protected":false},"author":2,"featured_media":100195,"comment_status":"","ping_status":"","sticky":false,"template":"","format":"standard","meta":{"footnotes":""},"categories":[58],"tags":[71,30,28,29,72],"class_list":{"0":"post-100194","1":"post","2":"type-post","3":"status-publish","4":"format-standard","5":"has-post-thumbnail","7":"category-underholdning","8":"tag-entertainment","9":"tag-no","10":"tag-norge","11":"tag-norway","12":"tag-underholdning"},"share_on_mastodon":{"url":"https:\/\/pubeurope.com\/@no\/115634763420282046","error":""},"_links":{"self":[{"href":"https:\/\/www.europesays.com\/no\/wp-json\/wp\/v2\/posts\/100194","targetHints":{"allow":["GET"]}}],"collection":[{"href":"https:\/\/www.europesays.com\/no\/wp-json\/wp\/v2\/posts"}],"about":[{"href":"https:\/\/www.europesays.com\/no\/wp-json\/wp\/v2\/types\/post"}],"author":[{"embeddable":true,"href":"https:\/\/www.europesays.com\/no\/wp-json\/wp\/v2\/users\/2"}],"replies":[{"embeddable":true,"href":"https:\/\/www.europesays.com\/no\/wp-json\/wp\/v2\/comments?post=100194"}],"version-history":[{"count":0,"href":"https:\/\/www.europesays.com\/no\/wp-json\/wp\/v2\/posts\/100194\/revisions"}],"wp:featuredmedia":[{"embeddable":true,"href":"https:\/\/www.europesays.com\/no\/wp-json\/wp\/v2\/media\/100195"}],"wp:attachment":[{"href":"https:\/\/www.europesays.com\/no\/wp-json\/wp\/v2\/media?parent=100194"}],"wp:term":[{"taxonomy":"category","embeddable":true,"href":"https:\/\/www.europesays.com\/no\/wp-json\/wp\/v2\/categories?post=100194"},{"taxonomy":"post_tag","embeddable":true,"href":"https:\/\/www.europesays.com\/no\/wp-json\/wp\/v2\/tags?post=100194"}],"curies":[{"name":"wp","href":"https:\/\/api.w.org\/{rel}","templated":true}]}}