{"id":100212,"date":"2025-11-29T20:21:17","date_gmt":"2025-11-29T20:21:17","guid":{"rendered":"https:\/\/www.europesays.com\/no\/100212\/"},"modified":"2025-11-29T20:21:17","modified_gmt":"2025-11-29T20:21:17","slug":"skal-vi-danse-jul-jul-i-skal-vi-danse-nettavisen-triller-terning","status":"publish","type":"post","link":"https:\/\/www.europesays.com\/no\/100212\/","title":{"rendered":"Skal vi danse, Jul | Jul i \u00abSkal vi danse\u00bb: Nettavisen triller terning"},"content":{"rendered":"\n<p>I kveld er det jul som er temaet under kveldens \u00abSkal vi danse\u00bb-sending og personlig er det lenge siden jeg har gledet meg s\u00e5 mye til noe.<\/p>\n<p>Programmet pleier \u00e5 starte tidligere og dermed ha finalen sin i november, men i \u00e5r valgte TV 2 \u00e5 starte ballet senere. Det var irriterende i august, men n\u00e5 blir vi premiert: I kveld skal vi (forh\u00e5pentligvis) f\u00e5 julestemning intraven\u00f8st.<\/p>\n<p>Jeg sitter klar med b\u00e5de nisselue og terning: F\u00f8lg med p\u00e5 mine terningkast underveis i kveld og fortell meg gjerne hva du mener.<\/p>\n<p><b>Under her kan du gi terningkast p\u00e5 alle deltakerne:<\/b><\/p>\n<p>Viggo og Rikke<\/p>\n<p>\u00c5 danse slowfox til \u00abJingle Bell Rock\u00bb kjenner jeg at jeg er ordentlig spent p\u00e5. Bl\u00e5s meg av banen, Viggo!<\/p>\n<p><b>Terningkast: 4<\/b><\/p>\n<p>Etter den introen der, kunne Viggo egentlig ha rullet rundt p\u00e5 parketten og likevel kommet videre. Det er null sannsynlighet for at klovnen ryker i kveld. Jeg synes dansen startet elegant, jeg fikk \u00abDownton Abbey\u00bb-stemning og det er meget positivt. Det er stort sett veldig lekkert, men innimellom f\u00f8ler jeg det blir litt mye armer og bein \u2013 og at han et par ganger ramler litt ut av det. N\u00e5 som vi har kommet s\u00e5 langt, er jeg streng og forventer enda mer, men Viggo kan ta det med ro. Stemmene kommer til \u00e5 koke \u2013 hans vei.<\/p>\n<p>   <img decoding=\"async\" width=\"2248\" height=\"282\" fetchpriority=\"low\"  loading=\"lazy\"  src=\"https:\/\/www.europesays.com\/no\/wp-content\/uploads\/2025\/11\/1764447673_45_H%C3%B8yreR%C3%B8d4.png\" alt=\"\" class=\"brick-c-cFOWSL\" style=\"--brick-image-ratio: 2248 \/ 282;\"\/><\/p>\n<p>    Vil du se neste video?<\/p>\n<p>    <a href=\"https:\/\/www.nettavisen.no\/fredrik-solvang\/jonas-gahr-store\/debatten\/fredrik-solvang-himler-av-jonas-gahr-store-men-i-alle\/v\/5-95-2751917\" class=\"recommend-poster\" data-adp-clicklabel=\"video-recommend\" data-adp-clickvalue=\"poster\" rel=\"nofollow noopener\" target=\"_blank\"><br \/>\n      <img decoding=\"async\" width=\"200\" height=\"200\" loading=\"lazy\" src=\"https:\/\/www.europesays.com\/no\/wp-content\/uploads\/2025\/11\/Solvang+bredde.jpg\" alt=\"\" class=\"brick-c-cFOWSL\" style=\"--brick-image-ratio: 200 \/ 200;\"\/><\/p>\n<p>Himler av St\u00f8re: \u2013 Men i alle\u20261:06<\/p>\n<p>    <\/a><\/p>\n<p>        Viggo Venn \u00e5pner opp om kj\u00e6rlighetslivet&#8230;.<br \/>\n        Danby og Norunn<\/p>\n<p>Danby skuffet meg forrige l\u00f8rdag, og havnet ogs\u00e5 i danseduell. N\u00e5 skal han fors\u00f8ke \u00e5 imponere med moderne.<\/p>\n<p><b>Terningkast: 4<\/b><\/p>\n<p>Det er fint at Danby viser mer av seg selv og det er klart man kjenner den slutten \u2013 n\u00e5r man ser hvor mye det betyr for han. Dessverre synes jeg det ble litt mye \u00abhopp og sprett\u00bb og uten at han virkelig f\u00f8lte bevegelsene. Jeg savnet \u00e5 se at han gjorde hver bevegelse med alle de f\u00f8lelsene han viser mot slutten. En bra dans, men jeg hadde st\u00f8rre forh\u00e5peninger.<\/p>\n<p>   <img decoding=\"async\" width=\"2248\" height=\"282\" fetchpriority=\"low\"  loading=\"lazy\"  src=\"https:\/\/www.europesays.com\/no\/wp-content\/uploads\/2025\/11\/1764447673_45_H%C3%B8yreR%C3%B8d4.png\" alt=\"\" class=\"brick-c-cFOWSL\" style=\"--brick-image-ratio: 2248 \/ 282;\"\/><\/p>\n<p>  Tiril og Santino<\/p>\n<p>Tiril og Santino skal i kveld danse jive til \u00abUnderneath the tree\u00bb av Kelly Clarkson.<\/p>\n<p><b>Terningkast: 2<\/b><\/p>\n<p>Huff og uff \u2013 dette var jo egentlig en helt fantastisk koreografi, men Tiril ramlet skikkelig ut av det og kom seg egentlig aldri helt tilbake. H\u00f8ydepunktene var l\u00f8ftene\/stuntene, her var hun helt fantastisk \u2013 Danby b\u00f8r i grunn sp\u00f8rre om r\u00e5d her, for l\u00f8ft har han s\u00e5 langt aldri f\u00e5tt til. Tiril derimot: En dronning. Jeg h\u00e5per virkelig at Tiril g\u00e5r videre i kveld, men jeg m\u00e5 dessverre gi et d\u00e5rlig terningkast.<\/p>\n<p>   <img decoding=\"async\" width=\"2248\" height=\"283\" fetchpriority=\"low\"  loading=\"lazy\"  src=\"https:\/\/www.europesays.com\/no\/wp-content\/uploads\/2025\/11\/1764447675_419_H%C3%B8yreR%C3%B8d2.png\" alt=\"\" class=\"brick-c-cFOWSL\" style=\"--brick-image-ratio: 2248 \/ 283;\"\/><\/p>\n<p>  Tale og Antonio<\/p>\n<p>Mulig jeg har nevnt det f\u00f8r, men: Jeg elsker rumba. Dermed er jeg veldig spent p\u00e5 hvordan Tale danser den dansen.<\/p>\n<p><b>Terningkast: 5<\/b><\/p>\n<p>Julen har vel aldri v\u00e6rt mer sexy!? Dette var virkelig bra. Akkurat slik en rumba skal v\u00e6re, pluss for lekker kjole, pluss for formidlingsevnen og tilstedev\u00e6relsen. Kveldens f\u00f8rste som faktisk klarer \u00e5 fortelle en historie. Tale overrasker meg stadig stort \u2013 jeg har begynt \u00e5 lure p\u00e5 om hun kan vinne.<\/p>\n<p>   <img decoding=\"async\" width=\"2248\" height=\"282\" fetchpriority=\"low\"  loading=\"lazy\"  src=\"https:\/\/www.europesays.com\/no\/wp-content\/uploads\/2025\/11\/1764447677_68_H%C3%B8yreR%C3%B8d5.png\" alt=\"\" class=\"brick-c-cFOWSL\" style=\"--brick-image-ratio: 2248 \/ 282;\"\/><\/p>\n<p>  Carina og Ole Thomas<\/p>\n<p>N\u00e5 blir en wienervals til \u00abSnowman\u00bb av Sia.<\/p>\n<p><b>Terningkast: 5<\/b><\/p>\n<p>Dette var veldig, veldig, veldig vakkert. Carina og Ole er et fantastisk par, man ser p\u00e5 hvordan de danser at de har dannet en veldig fin relasjon. Carina Dahl har ogs\u00e5 at en veldig fin utvikling og det er merkbart at hun jobber hardt. Jeg synes dette s\u00e5 ut som en vanskelig koreografi, som Carina h\u00e5ndterte godt. Savnet litt \u00abkrydder\u00bb: Noe overraskende, litt ekstra julestemning eller bare et eller annet som l\u00f8ftet det helt til topps. Uansett: Carina er virkelig god.<\/p>\n<p>   <img decoding=\"async\" width=\"2248\" height=\"282\" fetchpriority=\"low\"  loading=\"lazy\"  src=\"https:\/\/www.europesays.com\/no\/wp-content\/uploads\/2025\/11\/1764447677_68_H%C3%B8yreR%C3%B8d5.png\" alt=\"\" class=\"brick-c-cFOWSL\" style=\"--brick-image-ratio: 2248 \/ 282;\"\/><\/p>\n","protected":false},"excerpt":{"rendered":"I kveld er det jul som er temaet under kveldens \u00abSkal vi danse\u00bb-sending og personlig er det lenge&hellip;\n","protected":false},"author":2,"featured_media":100213,"comment_status":"","ping_status":"","sticky":false,"template":"","format":"standard","meta":{"footnotes":""},"categories":[58],"tags":[71,30,28,29,72],"class_list":{"0":"post-100212","1":"post","2":"type-post","3":"status-publish","4":"format-standard","5":"has-post-thumbnail","7":"category-underholdning","8":"tag-entertainment","9":"tag-no","10":"tag-norge","11":"tag-norway","12":"tag-underholdning"},"share_on_mastodon":{"url":"https:\/\/pubeurope.com\/@no\/115634850220110908","error":""},"_links":{"self":[{"href":"https:\/\/www.europesays.com\/no\/wp-json\/wp\/v2\/posts\/100212","targetHints":{"allow":["GET"]}}],"collection":[{"href":"https:\/\/www.europesays.com\/no\/wp-json\/wp\/v2\/posts"}],"about":[{"href":"https:\/\/www.europesays.com\/no\/wp-json\/wp\/v2\/types\/post"}],"author":[{"embeddable":true,"href":"https:\/\/www.europesays.com\/no\/wp-json\/wp\/v2\/users\/2"}],"replies":[{"embeddable":true,"href":"https:\/\/www.europesays.com\/no\/wp-json\/wp\/v2\/comments?post=100212"}],"version-history":[{"count":0,"href":"https:\/\/www.europesays.com\/no\/wp-json\/wp\/v2\/posts\/100212\/revisions"}],"wp:featuredmedia":[{"embeddable":true,"href":"https:\/\/www.europesays.com\/no\/wp-json\/wp\/v2\/media\/100213"}],"wp:attachment":[{"href":"https:\/\/www.europesays.com\/no\/wp-json\/wp\/v2\/media?parent=100212"}],"wp:term":[{"taxonomy":"category","embeddable":true,"href":"https:\/\/www.europesays.com\/no\/wp-json\/wp\/v2\/categories?post=100212"},{"taxonomy":"post_tag","embeddable":true,"href":"https:\/\/www.europesays.com\/no\/wp-json\/wp\/v2\/tags?post=100212"}],"curies":[{"name":"wp","href":"https:\/\/api.w.org\/{rel}","templated":true}]}}