{"id":100251,"date":"2025-11-29T21:29:11","date_gmt":"2025-11-29T21:29:11","guid":{"rendered":"https:\/\/www.europesays.com\/no\/100251\/"},"modified":"2025-11-29T21:29:11","modified_gmt":"2025-11-29T21:29:11","slug":"stjernen-ishockey-rotet-det-til-for-seg-selv-uakseptabelt","status":"publish","type":"post","link":"https:\/\/www.europesays.com\/no\/100251\/","title":{"rendered":"Stjernen, Ishockey | Rotet det til for seg selv: \u2013 Uakseptabelt"},"content":{"rendered":"<p>      Stjernen, Ishockey | Rotet det til for seg selv: \u2013 Uakseptabelt<\/p>\n<p>        <a href=\"#main-content-begin\" class=\"maelstrom-skip-link\"><br \/>\n    G\u00e5 til sidens hovedinnhold<br \/>\n<\/a><\/p>\n<p>   <img decoding=\"async\" width=\"2766\" height=\"2350\" fetchpriority=\"high\"  loading=\"eager\"  src=\"https:\/\/www.europesays.com\/no\/wp-content\/uploads\/2025\/11\/FRISK.JPG\" alt=\"\" class=\"brick-c-cFOWSL\" style=\"--brick-image-ratio: 2766 \/ 2350;\"\/><\/p>\n<p>      Stjernen fikk lite \u00e5 feire i Varner Arena og tapte til slutt 4-2 mot Frisk Asker.<br \/>\n      Foto: Kjetil Olsen Vethe\n    <\/p>\n<p data-content=\"lead-text\" class=\"lead-text story brick-c-eOZvhA\">\n<p>          (Frisk Asker 4-2 Stjernen) Stjernen klarte ikke \u00e5 ryste den suverene serielederen. Et mareritt av et overtallsspill ble til slutt avgj\u00f8rende.\n      <\/p>\n<p>    Plussmerking. Denne artikkelen kan bare leses av abonenter<\/p>\n<p>  For abonnenter<\/p>\n<p>          Til toppen<\/p>\n<p>    <a href=\"https:\/\/www.f-b.no\/\" class=\"logo\" rel=\"nofollow noopener\" target=\"_blank\"><br \/>\n        <img decoding=\"async\" src=\"https:\/\/assets.acdn.no\/local\/v3\/publications\/www.f-b.no\/gfx\/small.svg\" alt=\"G\u00e5 til Fredriksstad Blad hovedside\" height=\"66\" width=\"auto\" loading=\"lazy\"\/><br \/>\n    <\/a><\/p>\n<p>Fredriksstad Blad \u00a9 2025<\/p>\n<p>    <a href=\"https:\/\/www.redaktor.no\/ressurser\/temaer\/redaktoransvar\" rel=\"noopener nofollow\" target=\"_blank\"><br \/>\n        <img decoding=\"async\" alt=\"G\u00e5 til redaktor.no for \u00e5 lese om redakt\u00f8ransvar\" class=\"redaktoransvar\" src=\"https:\/\/r.acdn.no\/brandheader\/default\/redaktoransvar.svg\" height=\"85\" width=\"85\" loading=\"lazy\"\/><br \/>\n    <\/a><\/p>\n","protected":false},"excerpt":{"rendered":"Stjernen, Ishockey | Rotet det til for seg selv: \u2013 Uakseptabelt G\u00e5 til sidens hovedinnhold Stjernen fikk lite&hellip;\n","protected":false},"author":2,"featured_media":100252,"comment_status":"","ping_status":"","sticky":false,"template":"","format":"standard","meta":{"footnotes":""},"categories":[59],"tags":[30,28,29,83,82],"class_list":{"0":"post-100251","1":"post","2":"type-post","3":"status-publish","4":"format-standard","5":"has-post-thumbnail","7":"category-sport","8":"tag-no","9":"tag-norge","10":"tag-norway","11":"tag-sport","12":"tag-sports"},"share_on_mastodon":{"url":"https:\/\/pubeurope.com\/@no\/115635117621990038","error":""},"_links":{"self":[{"href":"https:\/\/www.europesays.com\/no\/wp-json\/wp\/v2\/posts\/100251","targetHints":{"allow":["GET"]}}],"collection":[{"href":"https:\/\/www.europesays.com\/no\/wp-json\/wp\/v2\/posts"}],"about":[{"href":"https:\/\/www.europesays.com\/no\/wp-json\/wp\/v2\/types\/post"}],"author":[{"embeddable":true,"href":"https:\/\/www.europesays.com\/no\/wp-json\/wp\/v2\/users\/2"}],"replies":[{"embeddable":true,"href":"https:\/\/www.europesays.com\/no\/wp-json\/wp\/v2\/comments?post=100251"}],"version-history":[{"count":0,"href":"https:\/\/www.europesays.com\/no\/wp-json\/wp\/v2\/posts\/100251\/revisions"}],"wp:featuredmedia":[{"embeddable":true,"href":"https:\/\/www.europesays.com\/no\/wp-json\/wp\/v2\/media\/100252"}],"wp:attachment":[{"href":"https:\/\/www.europesays.com\/no\/wp-json\/wp\/v2\/media?parent=100251"}],"wp:term":[{"taxonomy":"category","embeddable":true,"href":"https:\/\/www.europesays.com\/no\/wp-json\/wp\/v2\/categories?post=100251"},{"taxonomy":"post_tag","embeddable":true,"href":"https:\/\/www.europesays.com\/no\/wp-json\/wp\/v2\/tags?post=100251"}],"curies":[{"name":"wp","href":"https:\/\/api.w.org\/{rel}","templated":true}]}}