{"id":100257,"date":"2025-11-29T21:38:10","date_gmt":"2025-11-29T21:38:10","guid":{"rendered":"https:\/\/www.europesays.com\/no\/100257\/"},"modified":"2025-11-29T21:38:10","modified_gmt":"2025-11-29T21:38:10","slug":"trygve-bennetsen-skal-vi-danse","status":"publish","type":"post","link":"https:\/\/www.europesays.com\/no\/100257\/","title":{"rendered":"Trygve bennetsen, Skal vi danse"},"content":{"rendered":"\n<p>L\u00f8rdag er det duket for julesending i \u00abSkal vi danse\u00bb.<a rel=\"Follow nofollow noopener\" href=\"https:\/\/www.nettavisen.no\/kjendis\/stemme-finte-i-skal-vi-danse-brukes-en-del-spenn\/s\/5-95-2746981\" target=\"_blank\"> Influenser Trygve Bennetsen (23)<\/a> havnet blant de usikre deltakerne for noen uker siden, men forrige helg klatret han betraktelig p\u00e5 poenglisten og unngikk \u00e5 havne i danseduell.<\/p>\n<p>Likevel ligger Bennetsen nederst p\u00e5 listen over favorittene til Nettavisens lesere. Han h\u00e5per likevel at han kommer s\u00e5 langt i konkurransen som bare mulig.<\/p>\n<p>\u2013 Det har v\u00e6rt en tung uke. Det er en boble jeg aldri har kjent p\u00e5 f\u00f8r. Men n\u00e5 er det fire uker igjen, og n\u00e5 kan vi faktisk g\u00e5 hele veien. S\u00e5 det er en motivasjon, selv om det er slitsomt, sier 23-\u00e5ringen til Nettavisen.<\/p>\n<p>    Vil du se neste video?<\/p>\n<p>    <a href=\"https:\/\/www.nettavisen.no\/fredrik-solvang\/jonas-gahr-store\/debatten\/fredrik-solvang-himler-av-jonas-gahr-store-men-i-alle\/v\/5-95-2751917\" class=\"recommend-poster\" data-adp-clicklabel=\"video-recommend\" data-adp-clickvalue=\"poster\" rel=\"nofollow noopener\" target=\"_blank\"><br \/>\n      <img decoding=\"async\" width=\"200\" height=\"200\" loading=\"lazy\" src=\"https:\/\/www.europesays.com\/no\/wp-content\/uploads\/2025\/11\/Solvang+bredde.jpg\" alt=\"\" class=\"brick-c-cFOWSL\" style=\"--brick-image-ratio: 200 \/ 200;\"\/><\/p>\n<p>Himler av St\u00f8re: \u2013 Men i alle\u20261:06<\/p>\n<p>    <\/a><\/p>\n<p>R\u00f8mmer landet hvis han ryker<\/p>\n<p>Men dersom Trygve Bennetsen ryker snart, har han planene klare for hva han skal gj\u00f8re.<\/p>\n<p>\u2013 Hele desember kan vi jo tilbringe p\u00e5 dansesenteret hvis vi kommer langt. Hvis vi ikke g\u00e5r s\u00e5 langt, vurderer jeg \u00e5 ta en tur til S\u00f8r-Afrika og bes\u00f8ke Halvor Bakke. Han har jo hus der. Men det blir kanskje etter jul, for n\u00e5 er det ikke mange uker igjen.<\/p>\n<p><b>Les ogs\u00e5: <a rel=\"Follow nofollow noopener\" href=\"https:\/\/www.nettavisen.no\/kjendis\/carina-dahl-med-alkohol-krav-til-dansepartneren-i-skal-vi-danse-dumt-a-ha-vart-pa-fylla\/s\/5-95-2748310\" target=\"_blank\">Carina Dahls krav til partneren: \u2013 Dumt \u00e5 ha v\u00e6rt p\u00e5 fylla<\/a><\/b><\/p>\n<p>Bennetsen har uansett planer om \u00e5 bes\u00f8ke Halvor Bakke, enten det blir f\u00f8r eller etter jul. Interi\u00f8reksperten ble andremann ut i \u00abSkal vi danse\u00bb i h\u00f8st, etter at han <a href=\"https:\/\/www.nettavisen.no\/kjendis\/se-og-hor-halvor-bakke-trekker-seg-fra-skal-vi-danse\/s\/5-95-2673914\" rel=\"Follow nofollow noopener\" target=\"_blank\">trakk seg som f\u00f8lge av en langvarig betennelse i foten<\/a>.<\/p>\n<p>Det var i 2022 <a href=\"https:\/\/www.nettavisen.no\/kjendis\/halvor-bakke-motte-veggen-alt-ble-svart-og-morkt\/s\/5-95-1339053\" rel=\"Follow nofollow noopener\" target=\"_blank\">Bakke kj\u00f8pte en tomt i S\u00f8r-Afrika<\/a> sammen med forretningspartneren Julian Bj\u00f8rnerem, der de n\u00e5 har reist en stor ferievilla.<\/p>\n<p>    Vil du se neste video?<\/p>\n<p>    <a href=\"https:\/\/www.nettavisen.no\/fredrik-solvang\/jonas-gahr-store\/debatten\/fredrik-solvang-himler-av-jonas-gahr-store-men-i-alle\/v\/5-95-2751917\" class=\"recommend-poster\" data-adp-clicklabel=\"video-recommend\" data-adp-clickvalue=\"poster\" rel=\"nofollow noopener\" target=\"_blank\"><br \/>\n      <img decoding=\"async\" width=\"200\" height=\"200\" loading=\"lazy\" src=\"https:\/\/www.europesays.com\/no\/wp-content\/uploads\/2025\/11\/Solvang+bredde.jpg\" alt=\"\" class=\"brick-c-cFOWSL\" style=\"--brick-image-ratio: 200 \/ 200;\"\/><\/p>\n<p>Himler av St\u00f8re: \u2013 Men i alle\u20261:06<\/p>\n<p>    <\/a><\/p>\n<p>\u2013 Han har et hus med ti sengeplasser. Og man kan bes\u00f8ke ving\u00e5rder, sier en reiselysten Trygve Bennetsen til Nettavisen.<\/p>\n<p>Ogs\u00e5 Bennetsens dansepartner Ida Amy Sund (27) kunne tenke seg et bes\u00f8k til S\u00f8r-Afrika. Hun forteller at \u00e5rets \u00abSkal vi danse\u00bb-gjeng har en felles chattegruppe der Bakke ofte sender fristende bilder fra Afrika.<\/p>\n<p>\u2013 Han sender bilder av at han ligger p\u00e5 en solseng, mens vi andre deler bilder av at vi er slitne eller at vi sitter p\u00e5 bussen om morgenen. S\u00e5 han nyter livet, sier Sund til Nettavisen.<\/p>\n<p>\u2013 Vi m\u00e5 bare klare oss gjennom det<\/p>\n<p>Denne l\u00f8rdagen skal deltakerne danse hele tre danser, og temaet er jul. Trygve Bennetsen lover en l\u00f8rdagskveld med h\u00f8yt tempo.<\/p>\n<p><b>Les ogs\u00e5: <a href=\"https:\/\/www.nettavisen.no\/kjendis\/stemme-finte-i-skal-vi-danse-brukes-en-del-spenn\/s\/5-95-2746981\" rel=\"Follow nofollow noopener\" target=\"_blank\">Stemme-finte i \u00abSkal vi danse\u00bb: Ga drikkebonger i retur<\/a><\/b><\/p>\n<p>\u2013 Det skal hoppes som bare det. Det er en litt morsom dans ogs\u00e5. Vi skal v\u00e6re lekne barn, det er planen v\u00e5r, sier han kryptisk.<\/p>\n<p>N\u00e5 har de ligget i hardtrening siden forrige sending, og er klare for en ny kveld p\u00e5 parketten.<\/p>\n<p>\u2013 Det g\u00e5r veldig raskt. To av dansene har mye kondisjon. Men vi m\u00e5 bare klare oss gjennom det, avslutter Ida Amy Sund.<\/p>\n<p><b>F\u00f8lger du med p\u00e5 \u00abSkal vi danse\u00bb? <a href=\"https:\/\/nettavisen.campaign-list.com\/subscribe\/skal-vi-danse\/40cc0749-39c1-49d5-aeab-f2f58503ce4b\" rel=\"nofollow noopener\" target=\"_blank\">Meld deg p\u00e5 nyhetsbrevet v\u00e5rt her<\/a>, slik at du kan f\u00f8lge med p\u00e5 alt vi skriver om denne sesongen! Vi har ogs\u00e5 en egen \u00abSkal vi danse\u00bb-gruppe p\u00e5 Facebook, <a rel=\"Follow nofollow noopener\" href=\"https:\/\/www.facebook.com\/groups\/2646925665650568\" target=\"_blank\">bli gjerne medlem her<\/a>.<\/b><\/p>\n","protected":false},"excerpt":{"rendered":"L\u00f8rdag er det duket for julesending i \u00abSkal vi danse\u00bb. Influenser Trygve Bennetsen (23) havnet blant de usikre&hellip;\n","protected":false},"author":2,"featured_media":100258,"comment_status":"","ping_status":"","sticky":false,"template":"","format":"standard","meta":{"footnotes":""},"categories":[59],"tags":[30,28,29,83,82],"class_list":{"0":"post-100257","1":"post","2":"type-post","3":"status-publish","4":"format-standard","5":"has-post-thumbnail","7":"category-sport","8":"tag-no","9":"tag-norge","10":"tag-norway","11":"tag-sport","12":"tag-sports"},"share_on_mastodon":{"url":"https:\/\/pubeurope.com\/@no\/115635152814480536","error":""},"_links":{"self":[{"href":"https:\/\/www.europesays.com\/no\/wp-json\/wp\/v2\/posts\/100257","targetHints":{"allow":["GET"]}}],"collection":[{"href":"https:\/\/www.europesays.com\/no\/wp-json\/wp\/v2\/posts"}],"about":[{"href":"https:\/\/www.europesays.com\/no\/wp-json\/wp\/v2\/types\/post"}],"author":[{"embeddable":true,"href":"https:\/\/www.europesays.com\/no\/wp-json\/wp\/v2\/users\/2"}],"replies":[{"embeddable":true,"href":"https:\/\/www.europesays.com\/no\/wp-json\/wp\/v2\/comments?post=100257"}],"version-history":[{"count":0,"href":"https:\/\/www.europesays.com\/no\/wp-json\/wp\/v2\/posts\/100257\/revisions"}],"wp:featuredmedia":[{"embeddable":true,"href":"https:\/\/www.europesays.com\/no\/wp-json\/wp\/v2\/media\/100258"}],"wp:attachment":[{"href":"https:\/\/www.europesays.com\/no\/wp-json\/wp\/v2\/media?parent=100257"}],"wp:term":[{"taxonomy":"category","embeddable":true,"href":"https:\/\/www.europesays.com\/no\/wp-json\/wp\/v2\/categories?post=100257"},{"taxonomy":"post_tag","embeddable":true,"href":"https:\/\/www.europesays.com\/no\/wp-json\/wp\/v2\/tags?post=100257"}],"curies":[{"name":"wp","href":"https:\/\/api.w.org\/{rel}","templated":true}]}}