{"id":100270,"date":"2025-11-29T22:03:10","date_gmt":"2025-11-29T22:03:10","guid":{"rendered":"https:\/\/www.europesays.com\/no\/100270\/"},"modified":"2025-11-29T22:03:10","modified_gmt":"2025-11-29T22:03:10","slug":"her-protesterer-israelarar-og-palestinarar-saman-med-ein-felles-bodskap-om-fred-nrk-urix-utenriksnyheter-og-dokumentarer","status":"publish","type":"post","link":"https:\/\/www.europesays.com\/no\/100270\/","title":{"rendered":"Her protesterer israelarar og palestinarar saman \u2013 med ein felles bodskap om fred \u2013 NRK Urix \u2013 Utenriksnyheter og -dokumentarer"},"content":{"rendered":"<p>P\u00e5 ei elles anonym rundk\u00f8yring i Betlehem skjer det noko heilt unikt \u2013 kvar fredag.<\/p>\n<p>Plakatar med slagordet \u00abDet finst ein annan veg\u00bb prydar den vesle rundk\u00f8yringa.<\/p>\n<p>F\u00f8rst p\u00e5 arabisk. S\u00e5 hebraisk. S\u00e5 engelsk.<\/p>\n<p>Palestinarar og israelarar har ein bodskap til verda: dei st\u00e5r saman om \u00e5 skape fred mellom dei to folkeslaga.<\/p>\n<p><strong>Men dei israelske styrkane p\u00e5 Vestbreidda er lite begeistra. <\/strong><\/p>\n<p>    <img decoding=\"async\" class=\"dh-video-videoLoop__fallbackImage\" src=\"https:\/\/www.europesays.com\/no\/wp-content\/uploads\/2025\/11\/4d10dbb7-de9e-414a-90db-b7de9e514a8b_360.jpg\" alt=\"\"\/><video preload=\"none\" muted=\"\" poster=\"https:\/\/www.europesays.com\/no\/wp-content\/uploads\/2025\/11\/4d10dbb7-de9e-414a-90db-b7de9e514a8b_360.jpg\" style=\"--poster:url(https:\/\/www.europesays.com\/no\/wp-content\/uploads\/2025\/11\/4d10dbb7-de9e-414a-90db-b7de9e514a8b_360.jpg);\"><\/video><img decoding=\"async\" class=\"dh-video-videoLoop__fallbackImage\" src=\"https:\/\/www.europesays.com\/no\/wp-content\/uploads\/2025\/11\/4d10dbb7-de9e-414a-90db-b7de9e514a8b_720.jpg\" alt=\"\"\/><video preload=\"none\" muted=\"\" poster=\"https:\/\/www.europesays.com\/no\/wp-content\/uploads\/2025\/11\/4d10dbb7-de9e-414a-90db-b7de9e514a8b_720.jpg\" style=\"--poster:url(https:\/\/www.europesays.com\/no\/wp-content\/uploads\/2025\/11\/4d10dbb7-de9e-414a-90db-b7de9e514a8b_720.jpg);\"><\/video><img decoding=\"async\" class=\"dh-video-videoLoop__fallbackImage\" src=\"https:\/\/www.europesays.com\/no\/wp-content\/uploads\/2025\/11\/4d10dbb7-de9e-414a-90db-b7de9e514a8b_1080.jpg\" alt=\"\"\/><video preload=\"none\" muted=\"\" poster=\"https:\/\/www.europesays.com\/no\/wp-content\/uploads\/2025\/11\/4d10dbb7-de9e-414a-90db-b7de9e514a8b_1080.jpg\" style=\"--poster:url(https:\/\/www.europesays.com\/no\/wp-content\/uploads\/2025\/11\/4d10dbb7-de9e-414a-90db-b7de9e514a8b_1080.jpg);\"><\/video>Ghassan Bannoura\/Combatants for Peace<\/p>\n<p>M\u00e5let: fredeleg sameksistens<\/p>\n<p>\u2013 For det det er verdt blir eg h\u00e5pefull n\u00e5r israelarar og palestinarar m\u00f8test her, sj\u00f8lv etter blodbadet vi har sett i Gaza, seier Avner Wishnitzer.<\/p>\n<p><img decoding=\"async\"   src=\"data:image\/gif;base64,R0lGODlhAQABAIAAAAAAAP\/\/\/yH5BAEAAAAALAAAAAABAAEAAAIBRAA7\" loading=\"eager\" alt=\"Protestar i Betlehem med israelarar og palestinarar\" title=\"Foto: Ghassan Bannoura \/ Combatants for Peace\"\/><\/p>\n<p class=\"\">Avner Wishnitzer er israelsk og protesterer saman med palestinarar <\/p>\n<p>Foto: Ghassan Bannoura \/ Combatants for Peace<\/p>\n<p>Han jobbar med den israelske delen av den aktivistiske organisasjonen <a href=\"https:\/\/www.cfpeace.org\/\" ec-id=\"https:\/\/www.cfpeace.org\/\" ec-name=\"Combatants for Peace (CFP).\" rel=\"nofollow noopener\" target=\"_blank\">Combatants for Peace (CFP).<\/a> Saman med palestinarar, h\u00e5par han og kollegaene \u00e5 foreine dei to folkeslaga gjennom felles protestar og oliventreplanting.<\/p>\n<p>NRK har bede CFP om hjelp til \u00e5 filme, ta bilete og stille NRK sine sp\u00f8rsm\u00e5l til demonstrantane.<\/p>\n<p>Kva er ikkjevald?<\/p>\n<ul>\n<li>Ikkjevald, eller pasifisme, er \u00e5 gjere motstand med andre vekt\u00f8y enn vald.<\/li>\n<li>Det kan vere demonstrasjonar, sivil ulydnad, underskriftskampanjar eller bli uttrykt gjennom kunst, for \u00e5 nemne nokre.<\/li>\n<li>Mahatma Gandhi, Martin Luther King, Rosa Parks og Nelson Mandela brukte aktivt ikkjevaldelege taktikkar for \u00e5 oppn\u00e5 sine politiske m\u00e5l.<\/li>\n<li>Den norske sosiologen Johan Galtung var sentral i \u00e5 utvikle teorien om ikkjevald.<\/li>\n<\/ul>\n<p>Fleire ti\u00e5r med valdeleg israelsk okkupasjon p\u00e5 Vestbreidda, terrorangrepet 7. oktober 2023 og ein to \u00e5r lang krig i Gaza har etterlate opne s\u00e5r.<\/p>\n<p>Likevel trur CFP p\u00e5 fredeleg sameksistens, fred og at Israel ikkje lenger okkuperer dei palestinske omr\u00e5da. Det er motivasjonen for vekevise protestar i Betlehem \u2013 ein by b\u00e5de israelarar og palestinarar har tilgang til.<\/p>\n<p><img decoding=\"async\"   src=\"data:image\/gif;base64,R0lGODlhAQABAIAAAAAAAP\/\/\/yH5BAEAAAAALAAAAAABAAEAAAIBRAA7\" loading=\"eager\" alt=\"Mennesker g\u00e5r gjennom en \u00f8delagt gate med rasert bygninger rundt seg. En kvinne b\u00e6rer en stor pakke, mens en annen holder et barn. Flere barn og voksne beveger seg i omr\u00e5det, og noen b\u00e6rer vannflasker. Landskapet er preget av ruiner og s\u00f8ppel.\" title=\"Foto: Jehad Alshrafi \/ AP \/ NTB\"\/><\/p>\n<p class=\"\">Det er ikkje berre bygningane som skal byggast opp etter israelsk bombing p\u00e5 Gaza. Ogs\u00e5 tilliten mellom palestinarar og israelarar m\u00e5 byggast opp. <\/p>\n<p>Foto: Jehad Alshrafi \/ AP \/ NTB<\/p>\n<p>\u2013 Trur du fred er mogeleg mellom Israel og Palestina? <\/p>\n<p>\u2013 <strong>Ja. Fred mellom folka v\u00e5re er naturleg. Vi har gjort det lenge gjennom historia, seier palestinske Suliman Al Khatieb. <\/strong><\/p>\n<p><img decoding=\"async\"   src=\"data:image\/gif;base64,R0lGODlhAQABAIAAAAAAAP\/\/\/yH5BAEAAAAALAAAAAABAAEAAAIBRAA7\" loading=\"eager\" alt=\"Protestar i Betlehem med israelarar og palestinarar\" title=\"Foto: Ghassan Bannoura \/ Combatants for Peace\"\/><\/p>\n<p class=\"\">Suliman Al Khatieb er palestinsk og meiner demonstrasjonane viser at folk vel livet over apartheid og rasisme. <\/p>\n<p>Foto: Ghassan Bannoura \/ Combatants for Peace<\/p>\n<p>Al Khatieb er palestinar og jobbar for den palestinske eininga i CFP. Han er takksam for \u00e5 sj\u00e5 at det er israelarar som st\u00e5r opp mot den israelske okkupasjonen p\u00e5 Vestbreidda.<\/p>\n<p>\u2013 At vi samlar oss her i dag, israelarar og palestinarar, er eit bevis p\u00e5 at vi vel livet over apartheid og rasisme, held han fram.<\/p>\n<p><img decoding=\"async\"   src=\"data:image\/gif;base64,R0lGODlhAQABAIAAAAAAAP\/\/\/yH5BAEAAAAALAAAAAABAAEAAAIBRAA7\" loading=\"eager\" alt=\"Protest israelarar og palestinarar \" title=\"Foto: Ghassan Bannoura \/ Combatants for Peace\"\/><\/p>\n<p class=\"\">P\u00e5 plakatane har dei bodskapen sin skriven p\u00e5 hebraisk, arabisk og engelsk. <\/p>\n<p>Foto: Ghassan Bannoura \/ Combatants for Peace<\/p>\n<p>Provoserer israelske styrkar<\/p>\n<p>Men det tek ikkje lang tid f\u00f8r protestane f\u00e5r ein annan tone. V\u00e6pna milit\u00e6re styrker stenger av trafikken rundt rundk\u00f8yringa.<\/p>\n<p>Omr\u00e5det blir merkt \u00ablukka milit\u00e6r sone\u00bb.<\/p>\n<p>Demonstrantane blir tvinga til \u00e5 forlate omr\u00e5det. Om dei ikkje f\u00f8lger ordrane, kjem trugslar om vald og arrestasjon.<\/p>\n<p><img decoding=\"async\"   src=\"data:image\/gif;base64,R0lGODlhAQABAIAAAAAAAP\/\/\/yH5BAEAAAAALAAAAAABAAEAAAIBRAA7\" loading=\"eager\" alt=\"IDF snakkar med demonstrantar og trugar med \u00e5 bruke vald om dei ikkje lyder\" title=\"Foto: Ghassan Bannoura \/ Combatants for Peace\"\/><\/p>\n<p class=\"\">Den israelske demonstranten Avner Wishnitzer snakkar hebraisk og tek seg av ansvaret med \u00e5 snakke med IDF n\u00e5r dei avbryt demonstrasjonen. <\/p>\n<p>Foto: Ghassan Bannoura \/ Combatants for Peace<\/p>\n<p>\u2013 Eksempelet med Palestina viser at svaret p\u00e5 ikkjevald ofte er vald, seier Sami Awad.<\/p>\n<p>Sami Awad er direkt\u00f8r i Nonviolence International, ein organisasjon som onkelen hans grunnla etter at han blei utvist fr\u00e5 Palestina av israelske styrkar.<\/p>\n<p><img decoding=\"async\"   src=\"data:image\/gif;base64,R0lGODlhAQABAIAAAAAAAP\/\/\/yH5BAEAAAAALAAAAAABAAEAAAIBRAA7\" loading=\"eager\" alt=\"Ein mann sit p\u00e5 ein benk og ser i kamera. Han har eit kufiya over skuldrane. \" title=\"Foto: Privat\"\/><\/p>\n<p class=\"\">Sami Awad er direkt\u00f8r i Nonviolence International og held til i Betlehem. <\/p>\n<p>Foto: Privat<\/p>\n<p>Han forklarer at det ofte ikkje handlar om ein brukar vald eller ikkje, men handlar om \u00e5 vise motstand og \u00e5 st\u00e5 opp mot urett. Det er det som gjer slike initiativ s\u00e5 mektige, sj\u00f8lv om dei aldri svarar med vald.<\/p>\n<p>Nonviolence International gjev kurs til folk som ynskjer \u00e5 vise motstand mot Israel utan \u00e5 bruke vald, ogs\u00e5 til medlemmar i Combatants for Peace.<\/p>\n<p>Awad peikar p\u00e5 at CFP er ei plattform der israelarar kan vise misn\u00f8ya si med den israelske okkupasjonen p\u00e5 Vestbreidda.<\/p>\n<p>Som for eksempel gjennom den vesle protesten i rundk\u00f8yringa i Betlehem.<\/p>\n<p><img decoding=\"async\"   src=\"data:image\/gif;base64,R0lGODlhAQABAIAAAAAAAP\/\/\/yH5BAEAAAAALAAAAAABAAEAAAIBRAA7\" loading=\"eager\" alt=\"Israelske styrkar tvingar demonstrantane til \u00e5 forlate protestane i Betlehem. \" title=\"Foto: Ghassan Bannoura \/ Combatants for Peace\"\/><\/p>\n<p class=\"\">Det israelske milit\u00e6ret tvingar demonstrantane til \u00e5 forlate protesten. <\/p>\n<p>Foto: Ghassan Bannoura \/ Combatants for Peace<\/p>\n<p>Denne gongen, som dei fleste gongar, blir dei tvinga til \u00e5 avslutte demonstrasjonane. Med tungt v\u00e6pna milit\u00e6rt personell f\u00e5r dei beskjed om at dei ikkje f\u00e5r lov \u00e5 stogge opp medan dei forl\u00e8t rundk\u00f8yringa.<\/p>\n<p><strong>Men neste fredag kjem dei att til den same rundk\u00f8yringa med den same beskjeden. <\/strong><\/p>\n<p>Interessert i \u00e5 f\u00f8lge med p\u00e5 det som skjer i verda? H\u00f8yr podkasten til utanriksredaksjonen, d\u00e5 vel: <\/p>\n<p>Publisert<\/p>\n<p>29.11.2025, kl. 22.26<\/p>\n","protected":false},"excerpt":{"rendered":"P\u00e5 ei elles anonym rundk\u00f8yring i Betlehem skjer det noko heilt unikt \u2013 kvar fredag. Plakatar med slagordet&hellip;\n","protected":false},"author":2,"featured_media":100271,"comment_status":"","ping_status":"","sticky":false,"template":"","format":"standard","meta":{"footnotes":""},"categories":[12],"tags":[20,21,24,25,15,22,23,13,30,28,29,14,16,26,27,42,43,44,45],"class_list":{"0":"post-100270","1":"post","2":"type-post","3":"status-publish","4":"format-standard","5":"has-post-thumbnail","7":"category-verden","8":"tag-breaking-news","9":"tag-breakingnews","10":"tag-featured-news","11":"tag-featurednews","12":"tag-headlines","13":"tag-latest-news","14":"tag-latestnews","15":"tag-news","16":"tag-no","17":"tag-norge","18":"tag-norway","19":"tag-nyheter","20":"tag-overskrifter","21":"tag-top-stories","22":"tag-topstories","23":"tag-verden","24":"tag-world","25":"tag-world-news","26":"tag-worldnews"},"share_on_mastodon":{"url":"https:\/\/pubeurope.com\/@no\/115635251265152760","error":""},"_links":{"self":[{"href":"https:\/\/www.europesays.com\/no\/wp-json\/wp\/v2\/posts\/100270","targetHints":{"allow":["GET"]}}],"collection":[{"href":"https:\/\/www.europesays.com\/no\/wp-json\/wp\/v2\/posts"}],"about":[{"href":"https:\/\/www.europesays.com\/no\/wp-json\/wp\/v2\/types\/post"}],"author":[{"embeddable":true,"href":"https:\/\/www.europesays.com\/no\/wp-json\/wp\/v2\/users\/2"}],"replies":[{"embeddable":true,"href":"https:\/\/www.europesays.com\/no\/wp-json\/wp\/v2\/comments?post=100270"}],"version-history":[{"count":0,"href":"https:\/\/www.europesays.com\/no\/wp-json\/wp\/v2\/posts\/100270\/revisions"}],"wp:featuredmedia":[{"embeddable":true,"href":"https:\/\/www.europesays.com\/no\/wp-json\/wp\/v2\/media\/100271"}],"wp:attachment":[{"href":"https:\/\/www.europesays.com\/no\/wp-json\/wp\/v2\/media?parent=100270"}],"wp:term":[{"taxonomy":"category","embeddable":true,"href":"https:\/\/www.europesays.com\/no\/wp-json\/wp\/v2\/categories?post=100270"},{"taxonomy":"post_tag","embeddable":true,"href":"https:\/\/www.europesays.com\/no\/wp-json\/wp\/v2\/tags?post=100270"}],"curies":[{"name":"wp","href":"https:\/\/api.w.org\/{rel}","templated":true}]}}